{"id":64953,"date":"2025-12-09T12:28:47","date_gmt":"2025-12-09T12:28:47","guid":{"rendered":"https:\/\/dekkbi.com\/?p=64953"},"modified":"2025-12-09T13:25:12","modified_gmt":"2025-12-09T13:25:12","slug":"dopage-russe-et-corruption-dans-lathletisme-nouveau-proces-pour-le-senegalais-papa-massata-diack","status":"publish","type":"post","link":"https:\/\/dekkbi.com\/?p=64953","title":{"rendered":"Dopage russe et corruption : nouveau proc\u00e8s pour Papa Massata Diack"},"content":{"rendered":"\n<p>Le nouveau proc\u00e8s en appel de Papa Massata Diack, fils de l&rsquo;ex-patron de l&rsquo;athl\u00e9tisme mondial Lamine Diack, s&rsquo;ouvrira lundi 8 d\u00e9cembre \u00e0 la cour d&rsquo;appel de Paris, apr\u00e8s l&rsquo;annulation partielle de sa condamnation dans le scandale du dopage russe de 2011.<\/p>\n\n\n\n<p>Par :RFI avec AFP<\/p>\n\n\n\n<p><strong>Papa Massata Diack<\/strong>\u00a0avait \u00e9t\u00e9 condamn\u00e9 en septembre\u00a0<strong>2020\u00a0<\/strong>en premi\u00e8re instance pour complicit\u00e9 au sein d&rsquo;un syst\u00e8me de pots-de-vin visant \u00e0 cacher des cas de dopage sanguins chez des sportifs russes en 2011, un an avant les Jeux olympiques de Londres.<\/p>\n\n\n\n<p>En faisant tra\u00eener les\u00a0<strong>proc\u00e9dures\u00a0<\/strong>de sanctions contre ces athl\u00e8tes aux passeports biologiques suspects, la F\u00e9d\u00e9ration internationale avait permis \u00e0 certains d&rsquo;entre eux de participer \u00e0 ces Jeux. En contrepartie, les grands parraineurs russes avaient renouvel\u00e9 leurs contrats avec l&rsquo;IAAF en vue des Mondiaux 2013 \u00e0 Moscou.<\/p>\n\n\n\n<h2 class=\"wp-block-heading\">Du temps suppl\u00e9mentaire pour pr\u00e9parer la d\u00e9fense<\/h2>\n\n\n\n<p>Le 3 septembre dernier, l&rsquo;ouverture de ce nouveau proc\u00e8s avait \u00e9t\u00e9 renvoy\u00e9e au 8 d\u00e9cembre, les avocats de Papa Massata Diack et de Habib Ciss\u00e9, autre protagoniste de l&rsquo;affaire devant \u00eatre rejug\u00e9, avaient demand\u00e9 du temps suppl\u00e9mentaire pour pr\u00e9parer leur d\u00e9fense.<\/p>\n\n\n\n<p>Les deux accus\u00e9s n&rsquo;\u00e9taient pas pr\u00e9sents \u00e0 l&rsquo;audience. Interpol a publi\u00e9 en 2016 un avis de recherche international \u00e0 l&rsquo;encontre de Diack, \u00e0 la demande des autorit\u00e9s fran\u00e7aises.<\/p>\n\n\n\n<p>Cette affaire, r\u00e9v\u00e9l\u00e9e en 2015, avait \u00e9branl\u00e9 le monde du sport et pr\u00e9cipit\u00e9 la chute de Lamine Diack (d\u00e9c\u00e9d\u00e9 en 2021) qui avait occup\u00e9 la pr\u00e9sidence de la F\u00e9d\u00e9ration internationale d&rsquo;athl\u00e9tisme (IAAF, devenue depuis World Athletics) entre 1999 et 2015.<\/p>\n\n\n\n<p>En 2023, la cour d&rsquo;appel de Paris avait confirm\u00e9 la peine de premi\u00e8re instance de Papa Massata Diack \u00e0 cinq ans d&#8217;emprisonnement pour corruption passive, complicit\u00e9 de corruption passive, corruption et recel. Elle avait en revanche r\u00e9duit de moiti\u00e9, \u00e0 500&nbsp;000 euros, l&rsquo;amende initialement inflig\u00e9e \u00e0 l&rsquo;ancien consultant marketing de l&rsquo;IAAF.<\/p>\n\n\n\n<p>Mais en novembre 2024, la Cour de cassation avait estim\u00e9 qu&rsquo;il devait \u00eatre rejug\u00e9 du chef de complicit\u00e9 de corruption passive, jugeant que la cour d&rsquo;appel n&rsquo;avait pas suffisamment motiv\u00e9 sa d\u00e9cision.<\/p>\n\n\n\n<h2 class=\"wp-block-heading\">D\u00e9tournement des fonds ?<\/h2>\n\n\n\n<p>Le S\u00e9n\u00e9galais avait ainsi vu ses peines annul\u00e9es. La Cour de cassation avait toutefois confirm\u00e9 sa culpabilit\u00e9 concernant les autres chefs d&rsquo;accusation (corruption passive, corruption et recel).<\/p>\n\n\n\n<p>Papa Massata Diack avait \u00e9galement \u00e9t\u00e9 jug\u00e9 coupable d&rsquo;avoir d\u00e9tourn\u00e9 des fonds \u00e0 hauteur de 15 millions d&rsquo;euros sur des contrats de parrainage, via un montage de soci\u00e9t\u00e9s \u00e9crans.<\/p>\n\n\n\n<p>En septembre dernier, son avocat Emanuel de Dinechin avait indiqu\u00e9 \u00e0 l&rsquo;AFP que son client \u00ab&nbsp;<em>conteste fermement toutes les accusations dans la mesure o\u00f9 il n&rsquo;\u00e9tait que le fils du principal int\u00e9ress\u00e9. Il est dans l&rsquo;attente de finir enfin cette affaire<\/em>&nbsp;\u00bb.<\/p>\n","protected":false},"excerpt":{"rendered":"<p>Le nouveau proc\u00e8s en appel de Papa Massata Diack, fils de l&rsquo;ex-patron de l&rsquo;athl\u00e9tisme mondial Lamine Diack, s&rsquo;ouvrira lundi 8<\/p>\n","protected":false},"author":1,"featured_media":8404,"comment_status":"open","ping_status":"open","sticky":false,"template":"","format":"standard","meta":{"footnotes":""},"categories":[9],"tags":[],"class_list":["post-64953","post","type-post","status-publish","format-standard","has-post-thumbnail","hentry","category-sports"],"_links":{"self":[{"href":"https:\/\/dekkbi.com\/index.php?rest_route=\/wp\/v2\/posts\/64953","targetHints":{"allow":["GET"]}}],"collection":[{"href":"https:\/\/dekkbi.com\/index.php?rest_route=\/wp\/v2\/posts"}],"about":[{"href":"https:\/\/dekkbi.com\/index.php?rest_route=\/wp\/v2\/types\/post"}],"author":[{"embeddable":true,"href":"https:\/\/dekkbi.com\/index.php?rest_route=\/wp\/v2\/users\/1"}],"replies":[{"embeddable":true,"href":"https:\/\/dekkbi.com\/index.php?rest_route=%2Fwp%2Fv2%2Fcomments&post=64953"}],"version-history":[{"count":2,"href":"https:\/\/dekkbi.com\/index.php?rest_route=\/wp\/v2\/posts\/64953\/revisions"}],"predecessor-version":[{"id":64960,"href":"https:\/\/dekkbi.com\/index.php?rest_route=\/wp\/v2\/posts\/64953\/revisions\/64960"}],"wp:featuredmedia":[{"embeddable":true,"href":"https:\/\/dekkbi.com\/index.php?rest_route=\/wp\/v2\/media\/8404"}],"wp:attachment":[{"href":"https:\/\/dekkbi.com\/index.php?rest_route=%2Fwp%2Fv2%2Fmedia&parent=64953"}],"wp:term":[{"taxonomy":"category","embeddable":true,"href":"https:\/\/dekkbi.com\/index.php?rest_route=%2Fwp%2Fv2%2Fcategories&post=64953"},{"taxonomy":"post_tag","embeddable":true,"href":"https:\/\/dekkbi.com\/index.php?rest_route=%2Fwp%2Fv2%2Ftags&post=64953"}],"curies":[{"name":"wp","href":"https:\/\/api.w.org\/{rel}","templated":true}]}}