{"id":64944,"date":"2025-12-09T11:37:03","date_gmt":"2025-12-09T11:37:03","guid":{"rendered":"https:\/\/dekkbi.com\/?p=64944"},"modified":"2025-12-09T11:52:08","modified_gmt":"2025-12-09T11:52:08","slug":"laes-denonce-une-violation-de-son-espace-aerien-apres-latterrissage-dun-avion-militaire-nigerian-au-burkina","status":"publish","type":"post","link":"https:\/\/dekkbi.com\/?p=64944","title":{"rendered":"L\u2019AES d\u00e9nonce une \u00abviolation de son espace a\u00e9rien\u00bb apr\u00e8s l\u2019atterrissage d\u2019un avion militaire nig\u00e9rian au Burkina"},"content":{"rendered":"\n<p>Dans un communiqu\u00e9 ce 8 d\u00e9cembre 2025, l&rsquo;Alliance des \u00c9tats du Sahel (AES), qui regroupe le Burkina Faso, le Mali et le Niger, a d\u00e9nonc\u00e9 \u00ab&nbsp;<em>avec la plus grande fermet\u00e9 [la] violation de son espace a\u00e9rien et de la souverainet\u00e9 de ses \u00c9tats membres&nbsp;<\/em>\u00bb apr\u00e8s qu\u2019un avion militaire nig\u00e9rian s&rsquo;est pos\u00e9 sur le sol burkinab\u00e8, lundi. L&rsquo;arm\u00e9e de l&rsquo;air nig\u00e9riane \u00e9voque \u00ab&nbsp;<em>un probl\u00e8me technique qui a n\u00e9cessit\u00e9 un atterrissage de pr\u00e9caution<\/em>&nbsp;\u00bb.<\/p>\n\n\n\n<p>Par : RFI<\/p>\n\n\n\n<p>L&rsquo;Alliance des \u00c9tats du Sahel (AES) a annonc\u00e9 dans un communiqu\u00e9 publi\u00e9 le 8 d\u00e9cembre 2025 \u00eatre \u00ab&nbsp;<em>en alerte<\/em>&nbsp;\u00bb apr\u00e8s l&rsquo;atterrissage en urgence d&rsquo;un avion militaire du Nigeria \u00e0 Bobo Dioulasso, au Burkina Faso, le m\u00eame jour.<\/p>\n\n\n\n<p>L\u2019appareil transportait onze personnes \u2013 neuf passagers, tous militaires, et deux membres d&rsquo;\u00e9quipage \u2013 selon ce communiqu\u00e9, qui ne donne aucune pr\u00e9cision sur la mani\u00e8re dont ceux-ci ont \u00e9t\u00e9 pris en charge.<\/p>\n\n\n\n<p>Dans un texte commun, lu sur les cha\u00eenes des trois pays, la Conf\u00e9d\u00e9ration a pr\u00e9cis\u00e9 qu&rsquo;un \u00ab&nbsp;<em>a\u00e9ronef appartenant \u00e0 l&rsquo;arm\u00e9e de l&rsquo;air de la R\u00e9publique f\u00e9d\u00e9rale du Nigeria de type C-130 a \u00e9t\u00e9 contraint de se poser ce jour \u00e0 Bobo-Dioulasso au Burkina Faso \u00e0 la suite d&rsquo;une situation d&rsquo;urgence en vol alors qu&rsquo;il \u00e9voluait dans l&rsquo;espace a\u00e9rien burkinab\u00e8<\/em>&nbsp;\u00bb.<\/p>\n\n\n\n<h2 class=\"wp-block-heading\">Une \u00ab&nbsp;<em>absence d&rsquo;autorisation de survol du territoire burkinab\u00e8&nbsp;<\/em>\u00bb<\/h2>\n\n\n\n<p>Une enqu\u00eate a \u00e9t\u00e9 ouverte et \u00ab&nbsp;<em>a permis de mettre en \u00e9vidence l&rsquo;absence d&rsquo;autorisation de survol du territoire burkinab\u00e8 par cet appareil militaire<\/em>&nbsp;\u00bb. Le ministre de la S\u00e9curit\u00e9 et de la protection civile du Mali, le g\u00e9n\u00e9ral de division Daoud Aly Mohammedine, a lu ce communiqu\u00e9 sign\u00e9 d\u2019Assimi Go\u00efta, pr\u00e9sident malien de la Transition, \u00e0 la t\u00e9l\u00e9vision nationale.<\/p>\n\n\n\n<p>\u00ab&nbsp;<em>La Conf\u00e9d\u00e9ration des \u00c9tats du Sahel condamne avec la plus grande fermet\u00e9 cette violation de son espace a\u00e9rien et de la souverainet\u00e9 de ses \u00c9tats membres, face \u00e0 cet acte inamical men\u00e9 au m\u00e9pris du droit international et des r\u00e8gles internationales d&rsquo;aviation civile et militaire. Les dispositions sont prises pour garantir la s\u00e9curit\u00e9 de l&rsquo;espace a\u00e9rien conf\u00e9d\u00e9ral, la souverainet\u00e9 et l&rsquo;int\u00e9grit\u00e9 territoriale de ses \u00c9tats membres, ainsi que la s\u00e9curit\u00e9 des populations de la Conf\u00e9d\u00e9ration. Et, \u00e0 cet \u00e9gard, et sur instruction des chefs d&rsquo;\u00c9tat, les d\u00e9fenses a\u00e9riennes et antia\u00e9riennes de l&rsquo;espace conf\u00e9d\u00e9ral, mises en alerte maximale conform\u00e9ment \u00e0 la d\u00e9claration du Coll\u00e8ge des chefs d&rsquo;\u00c9tat en date du 22 d\u00e9cembre 2024, ont \u00e9t\u00e9 autoris\u00e9es \u00e0 neutraliser tout a\u00e9ronef qui violerait l&rsquo;espace conf\u00e9d\u00e9ral.<\/em>&nbsp;\u00bb<\/p>\n\n\n\n<p>Dans un communiqu\u00e9, l\u2019arm\u00e9e de l&rsquo;air nig\u00e9riane s\u2019explique sur \u00ab&nbsp;<em>le d\u00e9routement d&rsquo;un avion C-130 de la NAF lors de sa mission de convoyage vers le Portugal le 8 d\u00e9cembre 2025<\/em>&nbsp;\u00bb&nbsp;: \u00ab&nbsp;<em>Apr\u00e8s le d\u00e9collage de Lagos, l&rsquo;\u00e9quipage a constat\u00e9 un probl\u00e8me technique qui a n\u00e9cessit\u00e9 un atterrissage de pr\u00e9caution \u00e0 Bobo Dioulasso, au Burkina Faso, l&rsquo;a\u00e9rodrome le plus proche, conform\u00e9ment aux proc\u00e9dures de s\u00e9curit\u00e9 standard et aux protocoles internationaux en mati\u00e8re d&rsquo;aviation. L&rsquo;\u00e9quipage de la NAF est sain et sauf et a \u00e9t\u00e9 accueilli chaleureusement par les autorit\u00e9s locales. Des plans sont en cours pour reprendre la mission comme pr\u00e9vu.<\/em>&nbsp;\u00bb<\/p>\n","protected":false},"excerpt":{"rendered":"<p>Dans un communiqu\u00e9 ce 8 d\u00e9cembre 2025, l&rsquo;Alliance des \u00c9tats du Sahel (AES), qui regroupe le Burkina Faso, le Mali<\/p>\n","protected":false},"author":1,"featured_media":30732,"comment_status":"open","ping_status":"open","sticky":false,"template":"","format":"standard","meta":{"footnotes":""},"categories":[51],"tags":[],"class_list":["post-64944","post","type-post","status-publish","format-standard","has-post-thumbnail","hentry","category-general"],"_links":{"self":[{"href":"https:\/\/dekkbi.com\/index.php?rest_route=\/wp\/v2\/posts\/64944","targetHints":{"allow":["GET"]}}],"collection":[{"href":"https:\/\/dekkbi.com\/index.php?rest_route=\/wp\/v2\/posts"}],"about":[{"href":"https:\/\/dekkbi.com\/index.php?rest_route=\/wp\/v2\/types\/post"}],"author":[{"embeddable":true,"href":"https:\/\/dekkbi.com\/index.php?rest_route=\/wp\/v2\/users\/1"}],"replies":[{"embeddable":true,"href":"https:\/\/dekkbi.com\/index.php?rest_route=%2Fwp%2Fv2%2Fcomments&post=64944"}],"version-history":[{"count":2,"href":"https:\/\/dekkbi.com\/index.php?rest_route=\/wp\/v2\/posts\/64944\/revisions"}],"predecessor-version":[{"id":64946,"href":"https:\/\/dekkbi.com\/index.php?rest_route=\/wp\/v2\/posts\/64944\/revisions\/64946"}],"wp:featuredmedia":[{"embeddable":true,"href":"https:\/\/dekkbi.com\/index.php?rest_route=\/wp\/v2\/media\/30732"}],"wp:attachment":[{"href":"https:\/\/dekkbi.com\/index.php?rest_route=%2Fwp%2Fv2%2Fmedia&parent=64944"}],"wp:term":[{"taxonomy":"category","embeddable":true,"href":"https:\/\/dekkbi.com\/index.php?rest_route=%2Fwp%2Fv2%2Fcategories&post=64944"},{"taxonomy":"post_tag","embeddable":true,"href":"https:\/\/dekkbi.com\/index.php?rest_route=%2Fwp%2Fv2%2Ftags&post=64944"}],"curies":[{"name":"wp","href":"https:\/\/api.w.org\/{rel}","templated":true}]}}