{"id":64907,"date":"2025-12-09T09:23:53","date_gmt":"2025-12-09T09:23:53","guid":{"rendered":"https:\/\/dekkbi.com\/?p=64907"},"modified":"2025-12-09T09:24:20","modified_gmt":"2025-12-09T09:24:20","slug":"can-2025-assad-la-mascotte-officielle-de-la-can-devoilee","status":"publish","type":"post","link":"https:\/\/dekkbi.com\/?p=64907","title":{"rendered":"CAN 2025 : \u201dAssad\u201d, la mascotte officielle de la CAN, d\u00e9voil\u00e9e"},"content":{"rendered":"\n<p>Dakar, 8 dec (APS)- Le Conf\u00e9d\u00e9ration africaine de football (CAF) et le Comit\u00e9 local d\u2019organisation de la Coupe d\u2019Afrique des nations (COCAN) ont d\u00e9voil\u00e9, lundi, \u201dAssad\u201d,(Lion en arabe) la mascotte officielle de la CAN Maroc 2025.<\/p>\n\n\n\n<p>Selon le site de la CAF, la mascotte de la CAN est \u201dun symbole vibrant de la fiert\u00e9 africaine et de la passion du football\u201d<\/p>\n\n\n\n<p>Inspir\u00e9 du lion de l\u2019Atlas, l\u2019un des symboles nationaux les plus embl\u00e9matiques du Maroc, figure \u00e0 la fois f\u00e9d\u00e9ratrice et puissante \u00e0 l\u2019\u00e9chelle du continent africain, \u201dAssad\u201d tire son nom du mot arabe signifiant+lion+ +, lit-on sur le site de la CAF.<\/p>\n\n\n\n<p>La mascotte \u2018Assad\u2019 incarne \u201dla force, la fiert\u00e9 et l\u2019authenticit\u00e9 culturelle, des valeurs qui r\u00e9sonnent profond\u00e9ment aupr\u00e8s des supporters au Maroc comme partout en Afrique\u201d.<\/p>\n\n\n\n<p>\u201dEn tant qu\u2019ambassadeur du tournoi, \u2018Assad\u2019 symbolise l\u2019enthousiasme, la ferveur et l\u2019\u00e9nergie qui font la grandeur de la plus prestigieuse comp\u00e9tition de football du continent. Il occupera un r\u00f4le cl\u00e9 dans la cr\u00e9ation d\u2019un lien \u00e9motionnel durable avec les publics et dans la mobilisation de toutes les g\u00e9n\u00e9rations, en particulier des enfants et des familles, qui constituent le c\u0153ur de la culture du football africain et de son futur\u201d, souligne la m\u00eame source .<\/p>\n\n\n\n<p>La CAN 2025 est pr\u00e9vue du 21 d\u00e9cembre au 18 janvier au Maroc.<\/p>\n\n\n\n<p>BHC\/HB\/MTN<\/p>\n","protected":false},"excerpt":{"rendered":"<p>Dakar, 8 dec (APS)- Le Conf\u00e9d\u00e9ration africaine de football (CAF) et le Comit\u00e9 local d\u2019organisation de la Coupe d\u2019Afrique des<\/p>\n","protected":false},"author":1,"featured_media":64908,"comment_status":"open","ping_status":"open","sticky":false,"template":"","format":"standard","meta":{"footnotes":""},"categories":[9],"tags":[],"class_list":["post-64907","post","type-post","status-publish","format-standard","has-post-thumbnail","hentry","category-sports"],"_links":{"self":[{"href":"https:\/\/dekkbi.com\/index.php?rest_route=\/wp\/v2\/posts\/64907","targetHints":{"allow":["GET"]}}],"collection":[{"href":"https:\/\/dekkbi.com\/index.php?rest_route=\/wp\/v2\/posts"}],"about":[{"href":"https:\/\/dekkbi.com\/index.php?rest_route=\/wp\/v2\/types\/post"}],"author":[{"embeddable":true,"href":"https:\/\/dekkbi.com\/index.php?rest_route=\/wp\/v2\/users\/1"}],"replies":[{"embeddable":true,"href":"https:\/\/dekkbi.com\/index.php?rest_route=%2Fwp%2Fv2%2Fcomments&post=64907"}],"version-history":[{"count":1,"href":"https:\/\/dekkbi.com\/index.php?rest_route=\/wp\/v2\/posts\/64907\/revisions"}],"predecessor-version":[{"id":64909,"href":"https:\/\/dekkbi.com\/index.php?rest_route=\/wp\/v2\/posts\/64907\/revisions\/64909"}],"wp:featuredmedia":[{"embeddable":true,"href":"https:\/\/dekkbi.com\/index.php?rest_route=\/wp\/v2\/media\/64908"}],"wp:attachment":[{"href":"https:\/\/dekkbi.com\/index.php?rest_route=%2Fwp%2Fv2%2Fmedia&parent=64907"}],"wp:term":[{"taxonomy":"category","embeddable":true,"href":"https:\/\/dekkbi.com\/index.php?rest_route=%2Fwp%2Fv2%2Fcategories&post=64907"},{"taxonomy":"post_tag","embeddable":true,"href":"https:\/\/dekkbi.com\/index.php?rest_route=%2Fwp%2Fv2%2Ftags&post=64907"}],"curies":[{"name":"wp","href":"https:\/\/api.w.org\/{rel}","templated":true}]}}