{"id":64899,"date":"2025-12-09T09:07:58","date_gmt":"2025-12-09T09:07:58","guid":{"rendered":"https:\/\/dekkbi.com\/?p=64899"},"modified":"2025-12-09T09:07:59","modified_gmt":"2025-12-09T09:07:59","slug":"soudure-anticipee-269-familles-vulnerables-recoivent-des-kits-alimentaires-a-merina-dakhar","status":"publish","type":"post","link":"https:\/\/dekkbi.com\/?p=64899","title":{"rendered":"Soudure anticip\u00e9e: 269 familles vuln\u00e9rables re\u00e7oivent des kits alimentaires \u00e0 M\u00e9rina Dakhar"},"content":{"rendered":"\n<p><a href=\"https:\/\/lesoleil.sn\/wp-content\/uploads\/2025\/12\/IMG-20251208-WA0256.jpg\"><\/a><strong>269 familles vuln\u00e9rables de l\u2019arrondissement de m\u00e9rina Dakhar ont re\u00e7u, ce lundi 8 d\u00e9cembre, des kits alimentaires dans le cadre du programme alimentaire au S\u00e9n\u00e9gal, gr\u00e2ce au commissariat \u00e0 la s\u00e9curit\u00e9 alimentaire et \u00e0 la r\u00e9silience du minist\u00e8re de la famille, de l\u2019action sociale et des solidarit\u00e9s. Un don ex\u00e9cut\u00e9 par l\u2019ONG Qatar Charity dans le cadre d\u2019un partenariat avec le minist\u00e8re.<\/strong><\/p>\n\n\n\n<p>Un don orient\u00e9 par le gouverneur de la r\u00e9gion de Thi\u00e8s vers l\u2019arrondissement de m\u00e9rina dakhar, d\u00e9partement de Tivaouane, pour accompagner les m\u00e9nages n\u2019ayant pas de bons rendements \u00e0 l\u2019issue de la campagne agricole 2025, du fait d\u2019un d\u00e9ficit pluviom\u00e9trique qui n\u2019a permis aux sp\u00e9culations comme le mil, le ni\u00e9b\u00e9 ou encore l\u2019arachide d\u2019arriver \u00e0 terme.<\/p>\n\n\n\n<p>En effet, l\u2019arrondissement de M\u00e9rina Dakhar fait partie des zones les plus impact\u00e9es du d\u00e9partement de Tivaouane par les mauvais rendements, a expliqu\u00e9 Lamine Diouf, chef du centre de la promotion du d\u00e9veloppement territorial de M\u00e9rina Dakhar. Ce qui augure d\u2019une longue et difficile p\u00e9riode de soudure pour ces populations.<\/p>\n\n\n\n<p>Des veuves, chefs de village, paysans qui peinent \u00e0 joindre les deux bouts, du fait de mauvaises r\u00e9coltes, ont re\u00e7u 269 kits alimentaires, le lundi 8 d\u00e9cembre, gr\u00e2ce au commissariat \u00e0 la s\u00e9curit\u00e9 alimentaire et \u00e0 la r\u00e9silience. Chaque m\u00e9nage b\u00e9n\u00e9ficiaire a enlev\u00e9 un sac de riz de la vall\u00e9e de 25 kg, 5 litres d\u2019huile, 5 kilogrammes de sucre, 2 sachets de lait de 400 grammes, un pot de chocolat, des sachets de 5 kg de spaghetti, de macaroni et de vermicelles.<\/p>\n\n\n\n<p>Selon Lamine Diouf, chaque village a d\u00e9sign\u00e9, par le comit\u00e9 villageois, la famille la plus d\u00e9munie pour recevoir le kit alimentaire. Ainsi, explique Lamine Diouf, 72 villages de la commune de Pekesse, 108 dans celle M\u00e9rina Dakhar et 89 villages \u00e0 Koul ont b\u00e9n\u00e9fici\u00e9 du don. Les villages qui ont des p\u00e9rim\u00e8tres mara\u00eechers gr\u00e2ce au PAPSEN pourront rattraper leurs mauvais rendements dans le mara\u00eechage et c\u2019est pour cela qu\u2019ils ont \u00e9t\u00e9 \u00e9cart\u00e9s, a tenu \u00e0 pr\u00e9ciser le chef du centre de la promotion territoriale.<\/p>\n\n\n\n<p>Selon Daour Ndiaye, directeur technique et logistique du commissariat \u00e0 la s\u00e9curit\u00e9 alimentaire et \u00e0 la r\u00e9silience, ce don de 269 kits n\u2019est qu\u2019un petit geste pour commencer car la direction g\u00e9n\u00e9rale \u00e0 la s\u00e9curit\u00e9 alimentaire est en train de concocter un programme de r\u00e9silience pour accompagner les m\u00e9nages en d\u00e9tresse dans l\u2019arrondissement. A l\u2019en croire, l\u2019\u00c9tat va mobiliser ses moyens et orienter ses partenaires dans la zone afin d\u2019aider les m\u00e9nages \u00e0 traverser cette p\u00e9riode de soudure qui risque d\u2019\u00eatre tr\u00e8s longue.<\/p>\n\n\n\n<p>Selon Mme Gueye, veuve, et b\u00e9n\u00e9ficiaire, ce don est venu au bon moment puisqu\u2019il va lui permettre de tenir pour au moins une quinzaine de jours. Pour rappel, l\u2019arrondissement de M\u00e9rina Dakhar est la derni\u00e8re \u00e9tape d\u2019un p\u00e9riple dans les r\u00e9gions de Matam, Kaffrine, Ziguinchor. A en croire le chef du service kits alimentaires de la protection sociale, Alioune Badara Salane, c\u2019est au total 1850 kits qui sont distribu\u00e9s dans ces 4 r\u00e9gions \u00e0 des m\u00e9nages vuln\u00e9rables.<\/p>\n\n\n\n<p><strong>Ibrahima NDIAYE, Correspondant<\/strong><br>LESOLEIL<\/p>\n","protected":false},"excerpt":{"rendered":"<p>269 familles vuln\u00e9rables de l\u2019arrondissement de m\u00e9rina Dakhar ont re\u00e7u, ce lundi 8 d\u00e9cembre, des kits alimentaires dans le cadre<\/p>\n","protected":false},"author":1,"featured_media":64900,"comment_status":"open","ping_status":"open","sticky":false,"template":"","format":"standard","meta":{"footnotes":""},"categories":[21],"tags":[],"class_list":["post-64899","post","type-post","status-publish","format-standard","has-post-thumbnail","hentry","category-societe"],"_links":{"self":[{"href":"https:\/\/dekkbi.com\/index.php?rest_route=\/wp\/v2\/posts\/64899","targetHints":{"allow":["GET"]}}],"collection":[{"href":"https:\/\/dekkbi.com\/index.php?rest_route=\/wp\/v2\/posts"}],"about":[{"href":"https:\/\/dekkbi.com\/index.php?rest_route=\/wp\/v2\/types\/post"}],"author":[{"embeddable":true,"href":"https:\/\/dekkbi.com\/index.php?rest_route=\/wp\/v2\/users\/1"}],"replies":[{"embeddable":true,"href":"https:\/\/dekkbi.com\/index.php?rest_route=%2Fwp%2Fv2%2Fcomments&post=64899"}],"version-history":[{"count":1,"href":"https:\/\/dekkbi.com\/index.php?rest_route=\/wp\/v2\/posts\/64899\/revisions"}],"predecessor-version":[{"id":64901,"href":"https:\/\/dekkbi.com\/index.php?rest_route=\/wp\/v2\/posts\/64899\/revisions\/64901"}],"wp:featuredmedia":[{"embeddable":true,"href":"https:\/\/dekkbi.com\/index.php?rest_route=\/wp\/v2\/media\/64900"}],"wp:attachment":[{"href":"https:\/\/dekkbi.com\/index.php?rest_route=%2Fwp%2Fv2%2Fmedia&parent=64899"}],"wp:term":[{"taxonomy":"category","embeddable":true,"href":"https:\/\/dekkbi.com\/index.php?rest_route=%2Fwp%2Fv2%2Fcategories&post=64899"},{"taxonomy":"post_tag","embeddable":true,"href":"https:\/\/dekkbi.com\/index.php?rest_route=%2Fwp%2Fv2%2Ftags&post=64899"}],"curies":[{"name":"wp","href":"https:\/\/api.w.org\/{rel}","templated":true}]}}