{"id":64896,"date":"2025-12-09T09:05:20","date_gmt":"2025-12-09T09:05:20","guid":{"rendered":"https:\/\/dekkbi.com\/?p=64896"},"modified":"2025-12-09T09:05:20","modified_gmt":"2025-12-09T09:05:20","slug":"entre-bamako-et-alger-un-climat-explosif-ravive-par-lentree-en-scene-de-limam-dicko","status":"publish","type":"post","link":"https:\/\/dekkbi.com\/?p=64896","title":{"rendered":"Entre Bamako et Alger, un climat explosif raviv\u00e9 par l\u2019entr\u00e9e en sc\u00e8ne de l\u2019imam Dicko"},"content":{"rendered":"\n<p><strong>Dans un contexte d\u00e9j\u00e0 difficile, marqu\u00e9 par une crise diplomatique majeure entre l\u2019Alg\u00e9rie et le Mali, une nouvelle coalition d\u2019opposition men\u00e9e par l\u2019imam Dicko, un opposant malien exil\u00e9 en Alg\u00e9rie, vient jeter un nouveau pav\u00e9 dans la mare.<\/strong><\/p>\n\n\n\n<p>L\u2019ancien pr\u00e9sident du Haut Conseil islamique, a pris la t\u00eate de la Coalition des forces pour la R\u00e9publique (CFR), en esp\u00e9rant reprendre une place dans le paysage politique malien, mais cette fois-ci, les ambitions de pouvoir de l\u2019Imam Dicko ne sont plus cach\u00e9es, elles sont assum\u00e9es.<\/p>\n\n\n\n<p>Ce groupe dirig\u00e9 par le Malien exil\u00e9 en Alg\u00e9rie, affiche son ambition de discuter avec les groupes arm\u00e9es qui m\u00e8nent des combats sanglants dans le nord du pays. Mais cette nouvelle configuration pourrait porter un s\u00e9rieux coup aux relations entre Alger et Bamako \u00e9tant donn\u00e9 que l\u2019Imam Dicko est indirectement prot\u00e9g\u00e9 par le r\u00e9gime alg\u00e9rien. En 2023, il avait \u00e9t\u00e9 re\u00e7u en visite officielle par le pr\u00e9sident alg\u00e9rien, Abdelmadjid Tebboune, ce qui avait \u00e9t\u00e9 consid\u00e9r\u00e9 comme une marque de complicit\u00e9 et de protection de cet opposant au pouvoir malien.<\/p>\n\n\n\n<p>L\u2019annonce d\u2019ailleurs, a \u00e9t\u00e9 faite depuis l\u2019Alg\u00e9rie, ce qui complique davantage la situation et laisse penser \u00e0 une man\u0153uvre strat\u00e9gique du r\u00e9gime alg\u00e9rien qui accueille l\u2019influent leader religieux malien depuis 2021, ou encore \u00e0 une tentative de r\u00e9investir l\u2019espace malien apr\u00e8s en avoir \u00e9t\u00e9 chass\u00e9 avec la fin des Accords de paix d\u2019Alger sign\u00e9s en 2015 entre les pouvoirs maliens et les groupes arm\u00e9s.<\/p>\n\n\n\n<p>La sortie du Mali de ces accords en 2024, avait \u00e9t\u00e9 mal v\u00e9cue par Alger qui capitalisait sur cet acquis pour en faire un outil de communication politique et d\u2019influence r\u00e9gionale en tant que&nbsp;<em>\u00ab&nbsp;m\u00e9diateur&nbsp;\u00bb<\/em>&nbsp;de paix.<\/p>\n\n\n\n<p>Depuis la destruction en mars dernier, par l\u2019arm\u00e9e alg\u00e9rienne d\u2019un drone malien qui se trouvait en territoire malien, sans efforts de r\u00e9conciliation de la part d\u2019Alger, les deux pays sont en rupture totale.<\/p>\n\n\n\n<p>Entre eux, les relations n\u2019\u00e9taient d\u00e9j\u00e0 pas r\u00e9ellement au beau fixe, mais la violation de l\u2019espace a\u00e9rien malien et la destruction du drone, a \u00e9t\u00e9 la goutte faisant d\u00e9border le vase, conduisant \u00e0 des joutes verbales violentes devant l\u2019ONU.<\/p>\n\n\n\n<p>Le Mali accuse l\u2019Alg\u00e9rie d\u2019\u00eatre un&nbsp;<em>\u00ab&nbsp;parrain du terrorisme&nbsp;\u00bb<\/em>, notamment parce que le pays est consid\u00e9r\u00e9 comme une base arri\u00e8re des combattants et groupes arm\u00e9es qui menacent la s\u00e9curit\u00e9 et la stabilit\u00e9 du Mali depuis plusieurs ann\u00e9es. Selon les accusations, les grands chefs de ces milices reviendraient se cacher dans le sud alg\u00e9rien vers la fronti\u00e8re avec le Mali pour se prot\u00e9ger et continuer \u00e0 diriger les op\u00e9rations.<\/p>\n\n\n\n<p>Au moment o\u00f9 l\u2019Alg\u00e9rie se trouve dans un engrenage d\u00e9licat au sein du Sahel, per\u00e7ue comme un pays promoteur de d\u00e9stabilisation, la nouvelle annonce de l\u2019Imam Dicko, ne va pas arranger les choses et n\u2019aidera pas \u00e0 am\u00e9liorer l\u2019image d\u2019Alger dans la r\u00e9gion. Cette situation pourrait pousser les pays Sah\u00e9liens \u00e0 d\u00e9velopper leur coop\u00e9ration s\u00e9curitaire, surtout depuis que la question du r\u00e9admission des \u00c9tats de l\u2019Alliance des \u00c9tats du Sahel (AES) -Mali, le Niger et le Burkina Faso- au sein de la CEDEAO est sur la table.<\/p>\n\n\n\n<p>The post\u00a0Entre Bamako et Alger, un climat explosif raviv\u00e9 par l\u2019entr\u00e9e en sc\u00e8ne de l\u2019imam Dicko\u00a0appeared first on\u00a0Hespress Fran\u00e7ais &#8211; Actualit\u00e9s du Maroc.<\/p>\n","protected":false},"excerpt":{"rendered":"<p>Dans un contexte d\u00e9j\u00e0 difficile, marqu\u00e9 par une crise diplomatique majeure entre l\u2019Alg\u00e9rie et le Mali, une nouvelle coalition d\u2019opposition<\/p>\n","protected":false},"author":1,"featured_media":64897,"comment_status":"open","ping_status":"open","sticky":false,"template":"","format":"standard","meta":{"footnotes":""},"categories":[51],"tags":[],"class_list":["post-64896","post","type-post","status-publish","format-standard","has-post-thumbnail","hentry","category-general"],"_links":{"self":[{"href":"https:\/\/dekkbi.com\/index.php?rest_route=\/wp\/v2\/posts\/64896","targetHints":{"allow":["GET"]}}],"collection":[{"href":"https:\/\/dekkbi.com\/index.php?rest_route=\/wp\/v2\/posts"}],"about":[{"href":"https:\/\/dekkbi.com\/index.php?rest_route=\/wp\/v2\/types\/post"}],"author":[{"embeddable":true,"href":"https:\/\/dekkbi.com\/index.php?rest_route=\/wp\/v2\/users\/1"}],"replies":[{"embeddable":true,"href":"https:\/\/dekkbi.com\/index.php?rest_route=%2Fwp%2Fv2%2Fcomments&post=64896"}],"version-history":[{"count":1,"href":"https:\/\/dekkbi.com\/index.php?rest_route=\/wp\/v2\/posts\/64896\/revisions"}],"predecessor-version":[{"id":64898,"href":"https:\/\/dekkbi.com\/index.php?rest_route=\/wp\/v2\/posts\/64896\/revisions\/64898"}],"wp:featuredmedia":[{"embeddable":true,"href":"https:\/\/dekkbi.com\/index.php?rest_route=\/wp\/v2\/media\/64897"}],"wp:attachment":[{"href":"https:\/\/dekkbi.com\/index.php?rest_route=%2Fwp%2Fv2%2Fmedia&parent=64896"}],"wp:term":[{"taxonomy":"category","embeddable":true,"href":"https:\/\/dekkbi.com\/index.php?rest_route=%2Fwp%2Fv2%2Fcategories&post=64896"},{"taxonomy":"post_tag","embeddable":true,"href":"https:\/\/dekkbi.com\/index.php?rest_route=%2Fwp%2Fv2%2Ftags&post=64896"}],"curies":[{"name":"wp","href":"https:\/\/api.w.org\/{rel}","templated":true}]}}