{"id":64884,"date":"2025-12-09T08:51:58","date_gmt":"2025-12-09T08:51:58","guid":{"rendered":"https:\/\/dekkbi.com\/?p=64884"},"modified":"2025-12-09T08:52:42","modified_gmt":"2025-12-09T08:52:42","slug":"investiture-pour-4e-mandat-ouattara-promet-la-transmission-generationnelle","status":"publish","type":"post","link":"https:\/\/dekkbi.com\/?p=64884","title":{"rendered":"Investiture pour 4e mandat: Ouattara promet la \u00abtransmission g\u00e9n\u00e9rationnelle\u00bb"},"content":{"rendered":"\n<p><strong>Le pr\u00e9sident de la R\u00e9publique, Bassirou Diomaye Faye, a pris part \u00e0 l\u2019investiture de son homologue ivoirien, Alassane Ouattara.&nbsp;<\/strong><\/p>\n\n\n\n<p>AFP \u2013 Le pr\u00e9sident Alassane Ouattara a pr\u00eat\u00e9 serment, hier, lundi, \u00e0 la t\u00eate de la C\u00f4te d\u2019Ivoire, promettant que son quatri\u00e8me mandat sera celui \u00abde la transmission g\u00e9n\u00e9rationnelle\u00bb. M. Ouattara, qui aura 84 ans le 1er janvier, a \u00e9t\u00e9 r\u00e9\u00e9lu, le 25 octobre, avec pr\u00e8s de 90 % des voix, lors d\u2019un scrutin dont les principaux opposants \u00e9taient exclus par des d\u00e9cisions de justice. \u00abCe mandat sera celui de la transmission g\u00e9n\u00e9rationnelle. Ce sera, pour moi et notre Nation, un acte de responsabilit\u00e9 et de maturit\u00e9 politique\u00bb, a-t-il dit, hier, dans un discours suivant sa prestation de serment au palais pr\u00e9sidentiel \u00e0 Abidjan. Depuis 2011 apr\u00e8s son arriv\u00e9e au pouvoir suite \u00e0 une sanglante crise post-\u00e9lectorale, \u00abla C\u00f4te d\u2019Ivoire a profond\u00e9ment chang\u00e9\u00bb, a ajout\u00e9 le chef de l\u2019\u00c9tat. \u00abNous avons restaur\u00e9 l\u2019autorit\u00e9 de l\u2019\u00c9tat, consolid\u00e9 la paix, renforc\u00e9 la coh\u00e9sion nationale et nos institutions. Nous avons assur\u00e9 la s\u00e9curit\u00e9 sur l\u2019ensemble du territoire national\u00bb, a-t-il affirm\u00e9.<\/p>\n\n\n\n<p>Peu avant, il avait pr\u00eat\u00e9 serment devant le Conseil constitutionnel, main droite lev\u00e9e, main gauche sur la Constitution. La c\u00e9r\u00e9monie s\u2019est tenue en pr\u00e9sence de 11 chefs d\u2019\u00c9tat africains (Angola, Congo-Brazzaville, Djibouti, Gabon, S\u00e9n\u00e9gal, Comores, Ghana, Gambie, Liberia, Sierra Leone et Mauritanie), mais aussi d\u2019anciens dirigeants, comme le Nig\u00e9rien Mahamadou Issoufou, ainsi que la secr\u00e9taire g\u00e9n\u00e9rale de la Francophonie, Louise Mushikiwabo. Sur les questions internationales, Alassane Ouattara a martel\u00e9 sa doctrine : \u00abune C\u00f4te d\u2019Ivoire amie de tous et ennemie de personne\u00bb. Lors de cette c\u00e9r\u00e9monie d\u2019investiture, la France, ancienne puissance coloniale contest\u00e9e en Afrique de l\u2019Ouest, mais toujours partenaire privil\u00e9gi\u00e9 de la C\u00f4te d\u2019Ivoire, \u00e9tait repr\u00e9sent\u00e9e par la pr\u00e9sidente de son Assembl\u00e9e nationale, Ya\u00ebl Braun-Pivet. Les \u00c9tats-Unis ont, de leur c\u00f4t\u00e9, envoy\u00e9 le sous-secr\u00e9taire d\u2019\u00c9tat am\u00e9ricain \u00e0 la Croissance \u00e9conomique, Jacob Helberg, qui devrait s\u2019entretenir avec M. Ouattara dans l\u2019apr\u00e8s-midi.<\/p>\n\n\n\n<p>SOURCE LESOLEIL<\/p>\n","protected":false},"excerpt":{"rendered":"<p>Le pr\u00e9sident de la R\u00e9publique, Bassirou Diomaye Faye, a pris part \u00e0 l\u2019investiture de son homologue ivoirien, Alassane Ouattara.&nbsp; AFP<\/p>\n","protected":false},"author":1,"featured_media":64885,"comment_status":"open","ping_status":"open","sticky":false,"template":"","format":"standard","meta":{"footnotes":""},"categories":[6],"tags":[],"class_list":["post-64884","post","type-post","status-publish","format-standard","has-post-thumbnail","hentry","category-politics"],"_links":{"self":[{"href":"https:\/\/dekkbi.com\/index.php?rest_route=\/wp\/v2\/posts\/64884","targetHints":{"allow":["GET"]}}],"collection":[{"href":"https:\/\/dekkbi.com\/index.php?rest_route=\/wp\/v2\/posts"}],"about":[{"href":"https:\/\/dekkbi.com\/index.php?rest_route=\/wp\/v2\/types\/post"}],"author":[{"embeddable":true,"href":"https:\/\/dekkbi.com\/index.php?rest_route=\/wp\/v2\/users\/1"}],"replies":[{"embeddable":true,"href":"https:\/\/dekkbi.com\/index.php?rest_route=%2Fwp%2Fv2%2Fcomments&post=64884"}],"version-history":[{"count":1,"href":"https:\/\/dekkbi.com\/index.php?rest_route=\/wp\/v2\/posts\/64884\/revisions"}],"predecessor-version":[{"id":64886,"href":"https:\/\/dekkbi.com\/index.php?rest_route=\/wp\/v2\/posts\/64884\/revisions\/64886"}],"wp:featuredmedia":[{"embeddable":true,"href":"https:\/\/dekkbi.com\/index.php?rest_route=\/wp\/v2\/media\/64885"}],"wp:attachment":[{"href":"https:\/\/dekkbi.com\/index.php?rest_route=%2Fwp%2Fv2%2Fmedia&parent=64884"}],"wp:term":[{"taxonomy":"category","embeddable":true,"href":"https:\/\/dekkbi.com\/index.php?rest_route=%2Fwp%2Fv2%2Fcategories&post=64884"},{"taxonomy":"post_tag","embeddable":true,"href":"https:\/\/dekkbi.com\/index.php?rest_route=%2Fwp%2Fv2%2Ftags&post=64884"}],"curies":[{"name":"wp","href":"https:\/\/api.w.org\/{rel}","templated":true}]}}