{"id":64881,"date":"2025-12-09T08:48:33","date_gmt":"2025-12-09T08:48:33","guid":{"rendered":"https:\/\/dekkbi.com\/?p=64881"},"modified":"2025-12-09T08:52:55","modified_gmt":"2025-12-09T08:52:55","slug":"cooperation-economique-senegal-turkiye-laxe-dakar-ankara-accelere-lindustrialisation","status":"publish","type":"post","link":"https:\/\/dekkbi.com\/?p=64881","title":{"rendered":"COOP\u00c9RATION \u00c9CONOMIQUE S\u00c9N\u00c9GAL-T\u00dcRKIYE &#8211; L\u2019axe Dakar\u2013Ankara acc\u00e9l\u00e8re l\u2019industrialisation"},"content":{"rendered":"\n<p><\/p>\n\n\n\n<p><strong>\u00c0 l\u2019issue d\u2019une visite marqu\u00e9e par la venue d\u2019une d\u00e9l\u00e9gation turque \u00e0 Dakar, le ministre du Commerce et de l\u2019Industrie, Serigne Gu\u00e8ye Diop, dresse le bilan d\u2019une relation bilat\u00e9rale en pleine mutation. Allant des investissements structurants \u00e0 la r\u00e9duction du d\u00e9ficit commercial en passant par un cadre juridique r\u00e9nov\u00e9, les deux pays \u00e9crivent une nouvelle page de leur coop\u00e9ration.<\/strong><\/p>\n\n\n\n<p>L\u2019agenda diplomatique entre Dakar et Ankara est en pleine effervescence. Cette dynamique s\u2019inscrit dans une s\u00e9quence strat\u00e9gique initi\u00e9e par le chef de l\u2019\u00c9tat au d\u00e9but de l\u2019ann\u00e9e 2025. Elle a \u00e9t\u00e9 prolong\u00e9e par la visite du Premier ministre, en septembre, puis consolid\u00e9e r\u00e9cemment sur le terrain par le ministre du Commerce et de l\u2019Industrie, Serigne Gu\u00e8ye Diop. \u00ab Cette visite est la cons\u00e9quence logique d\u2019une s\u00e9rie d\u2019engagements. Elle d\u00e9montre que la T\u00fcrkiye est fortement engag\u00e9e \u00e0 relever les d\u00e9fis \u00e9conomiques avec nous \u00bb, a affirm\u00e9 le ministre. La pr\u00e9sence de 37 chefs d\u2019entreprises turques, conduits par le ministre turc du Commerce, en est un symbole \u00e9loquent. \u00ab Cela montre que ce pays a une vocation de partenariat avec le S\u00e9n\u00e9gal \u00bb, a-t-il soulign\u00e9. La question centrale est celle de la concr\u00e9tisation. \u00ab Comment convaincre ces entreprises turques \u00e0 investir chez nous dans l\u2019industrie ? \u00bb, s\u2019est interrog\u00e9 Serigne Gu\u00e8ye Diop. La r\u00e9ponse s\u2019articule autour de plusieurs piliers, dont la pr\u00e9sentation des 45 zones industrielles du S\u00e9n\u00e9gal. Mais, l\u2019ambition est d\u2019 \u00ab \u00e9tablir un cadre r\u00e9glementaire qui permet aux Turcs d\u2019investir ou de co-investir avec des S\u00e9n\u00e9galais \u00bb.<\/p>\n\n\n\n<p>Ce cadre, en cours d\u2019\u00e9laboration, vise \u00e0 s\u00e9curiser les investisseurs tout en ancrant les projets localement. \u00ab Nous discutons pour que, dans la prochaine loi sur l\u2019industrialisation, on impose un certain pourcentage de participation de nos entreprises \u00e0 tout investissement \u00bb, a-t-il expliqu\u00e9. Un autre signal fort est la venue du ministre turc pour assister \u00e0 l\u2019ouverture de la 33e \u00e9dition de la Foire internationale de Dakar (Fidak). \u00ab Je crois que c\u2019est la premi\u00e8re fois. Cela montre que nous franchissons un nouveau cap commercial \u00bb, a analys\u00e9 le ministre. Cependant, un point d\u2019ombre persiste : le d\u00e9s\u00e9quilibre chronique des \u00e9changes. \u00ab Nous avons parl\u00e9 de 780 millions de dollars d\u2019investissements turcs au S\u00e9n\u00e9gal.<\/p>\n\n\n\n<p>Par contre, les exportations s\u00e9n\u00e9galaises vers la T\u00fcrkiye sont tr\u00e8s faibles \u00bb, a conc\u00e9d\u00e9 Serigne Gu\u00e8ye Diop. R\u00e9duire ce gap est, \u00e0 son avis, une priorit\u00e9 qui passera par la promotion des joint-ventures. Le levier de transformation pourrait r\u00e9sider dans le formidable r\u00e9servoir des Pme turques. \u00ab La Turquie a quatre millions de Pme. En dehors de l\u2019Allemagne, je ne connais aucun pays qui en a autant \u00bb, a-t-il fait remarquer. Un cadre juridique sp\u00e9cifique, dont une premi\u00e8re \u00e9tape sera sign\u00e9e demain, et un volet global, en mars, \u00e0 Ankara, est en pr\u00e9paration. Il associera les patronats et des institutions financi\u00e8res. Pour catalyser les synergies, l\u2019id\u00e9e d\u2019une zone industrielle d\u00e9di\u00e9e aux entreprises turques a \u00e9t\u00e9 avanc\u00e9e. \u00ab Vu leur dynamisme, cela permettra d\u2019avoir un essaim d\u2019abeilles autour de nos zones industrielles \u00bb, a expliqu\u00e9 le ministre, ciblant l\u2019agroalimentaire, les industries manufacturi\u00e8res et extractives.<\/p>\n\n\n\n<p><strong>Path\u00e9 NIANG<\/strong><br>LESOLEIL<\/p>\n","protected":false},"excerpt":{"rendered":"<p>\u00c0 l\u2019issue d\u2019une visite marqu\u00e9e par la venue d\u2019une d\u00e9l\u00e9gation turque \u00e0 Dakar, le ministre du Commerce et de l\u2019Industrie,<\/p>\n","protected":false},"author":1,"featured_media":64882,"comment_status":"open","ping_status":"open","sticky":false,"template":"","format":"standard","meta":{"footnotes":""},"categories":[6],"tags":[],"class_list":["post-64881","post","type-post","status-publish","format-standard","has-post-thumbnail","hentry","category-politics"],"_links":{"self":[{"href":"https:\/\/dekkbi.com\/index.php?rest_route=\/wp\/v2\/posts\/64881","targetHints":{"allow":["GET"]}}],"collection":[{"href":"https:\/\/dekkbi.com\/index.php?rest_route=\/wp\/v2\/posts"}],"about":[{"href":"https:\/\/dekkbi.com\/index.php?rest_route=\/wp\/v2\/types\/post"}],"author":[{"embeddable":true,"href":"https:\/\/dekkbi.com\/index.php?rest_route=\/wp\/v2\/users\/1"}],"replies":[{"embeddable":true,"href":"https:\/\/dekkbi.com\/index.php?rest_route=%2Fwp%2Fv2%2Fcomments&post=64881"}],"version-history":[{"count":1,"href":"https:\/\/dekkbi.com\/index.php?rest_route=\/wp\/v2\/posts\/64881\/revisions"}],"predecessor-version":[{"id":64883,"href":"https:\/\/dekkbi.com\/index.php?rest_route=\/wp\/v2\/posts\/64881\/revisions\/64883"}],"wp:featuredmedia":[{"embeddable":true,"href":"https:\/\/dekkbi.com\/index.php?rest_route=\/wp\/v2\/media\/64882"}],"wp:attachment":[{"href":"https:\/\/dekkbi.com\/index.php?rest_route=%2Fwp%2Fv2%2Fmedia&parent=64881"}],"wp:term":[{"taxonomy":"category","embeddable":true,"href":"https:\/\/dekkbi.com\/index.php?rest_route=%2Fwp%2Fv2%2Fcategories&post=64881"},{"taxonomy":"post_tag","embeddable":true,"href":"https:\/\/dekkbi.com\/index.php?rest_route=%2Fwp%2Fv2%2Ftags&post=64881"}],"curies":[{"name":"wp","href":"https:\/\/api.w.org\/{rel}","templated":true}]}}