{"id":64860,"date":"2025-12-08T10:59:28","date_gmt":"2025-12-08T10:59:28","guid":{"rendered":"https:\/\/dekkbi.com\/?p=64860"},"modified":"2025-12-08T13:03:09","modified_gmt":"2025-12-08T13:03:09","slug":"mah-keita-la-voix-des-sans-voix-une-artiste-engagee-pour-la-cause-de-lalbinisme","status":"publish","type":"post","link":"https:\/\/dekkbi.com\/?p=64860","title":{"rendered":"Mah Keita : La Voix des Sans-Voix, une artiste engag\u00e9e pour la cause de l&rsquo;albinisme !"},"content":{"rendered":"\n<p>iGFM \u2013 (Dakar) Ce samedi, notre invit\u00e9e de \u00ab sp\u00e9ciale sp\u00e9cial \u00bb est une personne remarquable. Une histoire extraordinaire. Et pour cause : Mah Keita, du groupe Dande Lenol de Baba Maal. Dans cette interview, l&rsquo;artiste parle de sa pratique instrumentale et de son avenir.<\/p>\n\n\n\n<p>Elle revient sur le d\u00e9c\u00e8s de sa m\u00e8re, sa relation avec son p\u00e8re et sa rencontre avec son mari. Cet engagement n&rsquo;a rien d&rsquo;\u00e9tonnant de la part d&rsquo;une artiste qui se consacre \u00e0 la d\u00e9fense de l&rsquo;identit\u00e9 des personnes atteintes d&rsquo;albinisme et qui aspire \u00e0 un monde o\u00f9 la diversit\u00e9 est respect\u00e9e.<\/p>\n\n\n\n<figure class=\"wp-block-embed is-type-rich is-provider-prise-en-charge-des-contenus-embarqu-s wp-block-embed-prise-en-charge-des-contenus-embarqu-s wp-embed-aspect-16-9 wp-has-aspect-ratio\"><div class=\"wp-block-embed__wrapper\">\n<iframe loading=\"lazy\" title=\"Mah Keita : La voix des sans-voix, une artiste au service de l&#039;albinisme!\" width=\"800\" height=\"450\" src=\"https:\/\/www.youtube.com\/embed\/4XYtnIoZg-Q?feature=oembed\" frameborder=\"0\" allow=\"accelerometer; autoplay; clipboard-write; encrypted-media; gyroscope; picture-in-picture; web-share\" referrerpolicy=\"strict-origin-when-cross-origin\" allowfullscreen><\/iframe>\n<\/div><\/figure>\n","protected":false},"excerpt":{"rendered":"<p>iGFM \u2013 (Dakar) Ce samedi, notre invit\u00e9e de \u00ab sp\u00e9ciale sp\u00e9cial \u00bb est une personne remarquable. Une histoire extraordinaire. Et<\/p>\n","protected":false},"author":1,"featured_media":64862,"comment_status":"open","ping_status":"open","sticky":false,"template":"","format":"standard","meta":{"footnotes":""},"categories":[26],"tags":[],"class_list":["post-64860","post","type-post","status-publish","format-standard","has-post-thumbnail","hentry","category-fait-divers"],"_links":{"self":[{"href":"https:\/\/dekkbi.com\/index.php?rest_route=\/wp\/v2\/posts\/64860","targetHints":{"allow":["GET"]}}],"collection":[{"href":"https:\/\/dekkbi.com\/index.php?rest_route=\/wp\/v2\/posts"}],"about":[{"href":"https:\/\/dekkbi.com\/index.php?rest_route=\/wp\/v2\/types\/post"}],"author":[{"embeddable":true,"href":"https:\/\/dekkbi.com\/index.php?rest_route=\/wp\/v2\/users\/1"}],"replies":[{"embeddable":true,"href":"https:\/\/dekkbi.com\/index.php?rest_route=%2Fwp%2Fv2%2Fcomments&post=64860"}],"version-history":[{"count":1,"href":"https:\/\/dekkbi.com\/index.php?rest_route=\/wp\/v2\/posts\/64860\/revisions"}],"predecessor-version":[{"id":64863,"href":"https:\/\/dekkbi.com\/index.php?rest_route=\/wp\/v2\/posts\/64860\/revisions\/64863"}],"wp:featuredmedia":[{"embeddable":true,"href":"https:\/\/dekkbi.com\/index.php?rest_route=\/wp\/v2\/media\/64862"}],"wp:attachment":[{"href":"https:\/\/dekkbi.com\/index.php?rest_route=%2Fwp%2Fv2%2Fmedia&parent=64860"}],"wp:term":[{"taxonomy":"category","embeddable":true,"href":"https:\/\/dekkbi.com\/index.php?rest_route=%2Fwp%2Fv2%2Fcategories&post=64860"},{"taxonomy":"post_tag","embeddable":true,"href":"https:\/\/dekkbi.com\/index.php?rest_route=%2Fwp%2Fv2%2Ftags&post=64860"}],"curies":[{"name":"wp","href":"https:\/\/api.w.org\/{rel}","templated":true}]}}