{"id":64857,"date":"2025-12-08T10:49:54","date_gmt":"2025-12-08T10:49:54","guid":{"rendered":"https:\/\/dekkbi.com\/?p=64857"},"modified":"2025-12-08T10:49:55","modified_gmt":"2025-12-08T10:49:55","slug":"education-excellence-scolaire-et-partenariat-social-lief-de-dakar-plateau-montre-la-voie","status":"publish","type":"post","link":"https:\/\/dekkbi.com\/?p=64857","title":{"rendered":"Education \u2013 Excellence scolaire et partenariat social : L\u2019Ief de Dakar-Plateau montre la voie"},"content":{"rendered":"\n<p><strong>F\u00eate de l\u2019excellence et du partenariat social, la premi\u00e8re \u00e9dition organis\u00e9e par l\u2019Ief de Dakar-Plateau a permis de r\u00e9compenser les \u00e9l\u00e8ves qui se sont le plus distingu\u00e9s durant l\u2019ann\u00e9e scolaire 2024-2025. La c\u00e9r\u00e9monie a \u00e9t\u00e9 plac\u00e9e sous le th\u00e8me : \u00abL\u2019excellence scolaire par le dialogue social permanent, un d\u00e9fi collectif.\u00bb&nbsp;<\/strong><\/p>\n\n\n\n<p><strong>Par Bad\u00e9 SECK \u2013<\/strong>&nbsp;C\u2019est une premi\u00e8re \u00e9dition qui restera grav\u00e9e dans la m\u00e9moire de ces centaines d\u2019\u00e9l\u00e8ves qui ont gravi les marches pour r\u00e9cup\u00e9rer leurs lots de r\u00e9compenses. L\u2019Inspection de l\u2019\u00e9ducation et de la formation de Dakar-Plateau a c\u00e9l\u00e9br\u00e9, pour la premi\u00e8re fois, la F\u00eate de l\u2019excellence et du partenariat. Une c\u00e9r\u00e9monie qui a mis \u00e0 l\u2019honneur les meilleurs \u00e9l\u00e8ves de l\u2019ann\u00e9e scolaire 2024-2025. En organisant une telle c\u00e9r\u00e9monie, l\u2019Ief de Dakar-Plateau s\u2019inscrit en droite ligne des orientations nouvelles pour l\u2019\u00e9ducation. Du haut du pupitre, l\u2019inspectrice de l\u2019Education et de la formation a rappel\u00e9 que le gouvernement r\u00e9affirme son engagement pour une \u00e9ducation de qualit\u00e9 en mettant l\u2019accent sur l\u2019\u00e9galit\u00e9 des chances afin de d\u00e9velopper un capital humain de qualit\u00e9. Fatoumata Diallo d\u2019ajouter que le syst\u00e8me \u00e9ducatif est actuellement en pleine mutation, soutenu par deux grandes initiatives, notamment l\u2019Agenda national de transformation \u00e0 l\u2019horizon 2050 et la Nouvelle initiative pour la transformation humaniste de l\u2019\u00e9ducation (Nith\u00e9). Ces r\u00e9formes engag\u00e9es, soutient-elle, visent \u00e0 renforcer la qualit\u00e9 de l\u2019\u00e9ducation tout en garantissant une \u00e9ducation \u00e9quitable et durable, en formant une jeunesse comp\u00e9tente et \u00e9thique, ancr\u00e9e dans son identit\u00e9 culturelle afin de relever les d\u00e9fis de l\u2019avenir.<\/p>\n\n\n\n<p>D\u2019embl\u00e9e, la vision de la Nith\u00e9 est de faire \u00e9voluer le syst\u00e8me \u00e9ducatif vers une soci\u00e9t\u00e9 \u00e9ducative inclusive et efficiente. Selon la cheffe de circonscription de Dakar-Plateau, il s\u2019agira plus pr\u00e9cis\u00e9ment de promouvoir des r\u00e9sultats scolaires remarquables, d\u2019encourager l\u2019esprit de comp\u00e9tition positive en cr\u00e9ant une dynamique d\u2019\u00e9mulation entre \u00e9l\u00e8ves, enseignants et \u00e9tablissements scolaires, de valoriser les acteurs engag\u00e9s, de renforcer le dialogue social et la coh\u00e9sion entre les parties prenantes, de stimuler l\u2019investissement des collectivit\u00e9s territoriales, des partenaires et des communaut\u00e9s dans l\u2019\u00e9ducation autour de la promotion de l\u2019excellence scolaire, et aussi l\u2019investissement dans les sciences et technologies \u00e0 travers l\u2019\u00e9quipement et l\u2019am\u00e9lioration des infrastructures scientifiques.<\/p>\n\n\n\n<p>Plac\u00e9e sous le th\u00e8me : \u00abL\u2019excellence scolaire par le dialogue social permanent, un d\u00e9fi collectif\u00bb, au-del\u00e0 d\u2019une saine \u00e9mulation, la premi\u00e8re \u00e9dition a pour objectif de promouvoir l\u2019excellence scolaire et de renforcer la mobilisation des acteurs \u00e9ducatifs en vue d\u2019am\u00e9liorer la qualit\u00e9 des apprentissages. \u00abLa c\u00e9r\u00e9monie est un v\u00e9ritable outil de mobilisation sociale pour consolider la dynamique d\u2019am\u00e9lioration de la qualit\u00e9 \u00e9ducative dans notre circonscription. Aujourd\u2019hui, Dakar-Plateau c\u00e9l\u00e8bre le leadership, le travail, l\u2019engagement et surtout l\u2019espoir que repr\u00e9sente chaque enfant ici pr\u00e9sent. Cette c\u00e9l\u00e9bration de l\u2019excellence est un moment fort, un moment de fiert\u00e9, un moment de communion pour toute notre communaut\u00e9 \u00e9ducative\u00bb, a-t-elle d\u00e9clar\u00e9.<\/p>\n\n\n\n<p>Poursuivant, elle souligne qu\u2019\u00e0 travers ce dialogue permanent, c\u2019est l\u2019enseignant qui communique avec les parents. C\u2019est le directeur ou le chef d\u2019\u00e9tablissement qui mobilise son \u00e9quipe. Ce sont les partenaires qui soutiennent l\u2019\u00e9cole. Ce sont aussi M. le maire, l\u2019administration qui accompagnent, qui encouragent et qui vont encore plus loin.<\/p>\n\n\n\n<p>Madame Fatouma Diallo a r\u00e9affirm\u00e9 que l\u2019Ief de Dakar Plateau incarne cette transformation humaniste \u00e0 travers la bienveillance dans les pratiques, la prise en charge des vuln\u00e9rabilit\u00e9s, l\u2019ouverture \u00e0 la communaut\u00e9, la cr\u00e9ativit\u00e9 dans l\u2019enseignement et la mobilisation citoyenne.<\/p>\n\n\n\n<p>Le pr\u00e9sident du Haut-conseil du dialogue social, Mamadou Lamine Diant\u00e9, par ailleurs parrain de la premi\u00e8re \u00e9dition, s\u2019est d\u2019abord f\u00e9licit\u00e9 du choix port\u00e9 sur lui. Abordant le th\u00e8me, il a soutenu que le dialogue social, gr\u00e2ce \u00e0 ses multiples m\u00e9canismes, a pour vocation naturelle de mobiliser les acteurs, de rechercher le consensus et des solutions constructives afin de d\u00e9passer les divergences et les incompr\u00e9hensions, d\u2019\u00e9liminer les sources de tensions sociales et d\u2019am\u00e9liorer la qualit\u00e9 de l\u2019\u00e9ducation. De ce fait, pour lui, la gestion du syst\u00e8me \u00e9ducatif, par sa nature, par la qualit\u00e9 et par le travail des diff\u00e9rents acteurs impliqu\u00e9s, n\u00e9cessite une v\u00e9ritable appropriation et un m\u00e9canisme de dialogue social pour une prise en charge plus ad\u00e9quate, mais surtout plus solidaire et bienveillante. C\u2019est pour cette raison qu\u2019il recommande le respect des valeurs de notre Nation, car elles sont profond\u00e9ment ancr\u00e9es en tout un chacun et dans les droits humains. \u00abElles constituent donc partie int\u00e9grante de notre pr\u00e9cieux patrimoine culturel immat\u00e9riel, un ciment qui nous rassemble et que nous devons sauvegarder pour les g\u00e9n\u00e9rations futures\u00bb, soutient-il.<\/p>\n\n\n\n<p>Avant de conclure son discours, M. Diant\u00e9 a encourag\u00e9 les \u00e9l\u00e8ves \u00e0 pers\u00e9v\u00e9rer dans les \u00e9tudes et dans la qu\u00eate permanente de l\u2019excellence. La F\u00eate de l\u2019excellence de l\u2019Ief de Dakar-Plateau a enregistr\u00e9 la participation de plusieurs autorit\u00e9s scolaires, religieuses et coutumi\u00e8res, des parents d\u2019\u00e9l\u00e8ves, des partenaires sociaux, entre autres. Joignant l\u2019utile \u00e0 l\u2019agr\u00e9able, les majorettes du Lyc\u00e9e John Fitzgerald Kennedy ont \u00e9gay\u00e9 le public d\u2019une belle chor\u00e9graphie.<\/p>\n\n\n\n<p><strong>bseck@lequotidien.sn<\/strong><\/p>\n","protected":false},"excerpt":{"rendered":"<p>F\u00eate de l\u2019excellence et du partenariat social, la premi\u00e8re \u00e9dition organis\u00e9e par l\u2019Ief de Dakar-Plateau a permis de r\u00e9compenser les<\/p>\n","protected":false},"author":1,"featured_media":64858,"comment_status":"open","ping_status":"open","sticky":false,"template":"","format":"standard","meta":{"footnotes":""},"categories":[21],"tags":[],"class_list":["post-64857","post","type-post","status-publish","format-standard","has-post-thumbnail","hentry","category-societe"],"_links":{"self":[{"href":"https:\/\/dekkbi.com\/index.php?rest_route=\/wp\/v2\/posts\/64857","targetHints":{"allow":["GET"]}}],"collection":[{"href":"https:\/\/dekkbi.com\/index.php?rest_route=\/wp\/v2\/posts"}],"about":[{"href":"https:\/\/dekkbi.com\/index.php?rest_route=\/wp\/v2\/types\/post"}],"author":[{"embeddable":true,"href":"https:\/\/dekkbi.com\/index.php?rest_route=\/wp\/v2\/users\/1"}],"replies":[{"embeddable":true,"href":"https:\/\/dekkbi.com\/index.php?rest_route=%2Fwp%2Fv2%2Fcomments&post=64857"}],"version-history":[{"count":1,"href":"https:\/\/dekkbi.com\/index.php?rest_route=\/wp\/v2\/posts\/64857\/revisions"}],"predecessor-version":[{"id":64859,"href":"https:\/\/dekkbi.com\/index.php?rest_route=\/wp\/v2\/posts\/64857\/revisions\/64859"}],"wp:featuredmedia":[{"embeddable":true,"href":"https:\/\/dekkbi.com\/index.php?rest_route=\/wp\/v2\/media\/64858"}],"wp:attachment":[{"href":"https:\/\/dekkbi.com\/index.php?rest_route=%2Fwp%2Fv2%2Fmedia&parent=64857"}],"wp:term":[{"taxonomy":"category","embeddable":true,"href":"https:\/\/dekkbi.com\/index.php?rest_route=%2Fwp%2Fv2%2Fcategories&post=64857"},{"taxonomy":"post_tag","embeddable":true,"href":"https:\/\/dekkbi.com\/index.php?rest_route=%2Fwp%2Fv2%2Ftags&post=64857"}],"curies":[{"name":"wp","href":"https:\/\/api.w.org\/{rel}","templated":true}]}}