{"id":64853,"date":"2025-12-08T10:47:27","date_gmt":"2025-12-08T10:47:27","guid":{"rendered":"https:\/\/dekkbi.com\/?p=64853"},"modified":"2025-12-08T10:47:28","modified_gmt":"2025-12-08T10:47:28","slug":"ceremonie-de-dedicace-de-son-livre-warkha-lance-le-metoo-senegalais","status":"publish","type":"post","link":"https:\/\/dekkbi.com\/?p=64853","title":{"rendered":"C\u00e9r\u00e9monie de d\u00e9dicace de son livre : Warkha lance le MeToo s\u00e9n\u00e9galais"},"content":{"rendered":"\n<p><strong>Ne plus imposer \u00e0 la femme un r\u00f4le ! C\u2019est le r\u00eave de la journaliste Fatou Warkha Sambe. Elle vient de publier son premier roman aux Editions L\u2019Harmattan. \u00abAssign\u00e9e au silence\u00bb est une invitation \u00e0 la mise en lumi\u00e8re des femmes dans la soci\u00e9t\u00e9. Un #MeToo \u00e0 la sauce s\u00e9n\u00e9galaise bien diff\u00e9rent de la version occidentale.&nbsp;<\/strong><\/p>\n\n\n\n<p><strong>Par Malick GAYE \u2013<\/strong>&nbsp;Un #MeToo \u00e0 la sauce s\u00e9n\u00e9galaise. Naturellement, la version locale va se d\u00e9partir de celle de l\u2019Occident. C\u2019est en somme le pav\u00e9 dans la mare que Fatou Warkha Sambe vient de jeter. Assign\u00e9e au silence, \u00e9dit\u00e9 par les Editions L\u2019Harmattan, est une invite \u00e0 la lib\u00e9ration de la parole. Ce roman, bas\u00e9 sur le v\u00e9cu de son auteure, se tropicalise du mouvement pour la lutte des droits des femmes en laissant de c\u00f4t\u00e9 l\u2019aspect storytelling pour faire constater \u00e0 la soci\u00e9t\u00e9 s\u00e9n\u00e9galaise le diktat du patriarcat. Pour Aboubacar Demba Cissokho, Assign\u00e9e au silence est un prolongement de ce qui a \u00e9t\u00e9 fait depuis plus de 50 ans au S\u00e9n\u00e9gal. Le journaliste culturel per\u00e7oit l\u2019\u0153uvre comme un pas de plus dans la lutte contre l\u2019invisibilit\u00e9 des femmes dans la soci\u00e9t\u00e9. \u00abJe regarde Warkha comme une journaliste dont le travail est de documenter le pr\u00e9sent. Dans 15 ans, on dira que des femmes comme Warkha ont contribu\u00e9 positivement \u00e0 la lib\u00e9ration de la parole des femmes. Elle est rest\u00e9e sur la m\u00eame ligne depuis que je la connais. Elle est constante, et \u00e7a permet de d\u00e9finir une personnalit\u00e9\u00bb, a-t-il d\u00e9clar\u00e9 samedi pass\u00e9, lors de la c\u00e9r\u00e9monie de pr\u00e9sentation du livre \u00e0 L\u2019Harmattan.<\/p>\n\n\n\n<p>Pour le critique litt\u00e9raire, Fatou Warkha Sambe est singuli\u00e8re, car elle adopte le style journalistique dans le roman. \u00abL\u2019\u0153uvre est un prolongement de ce qui est fait depuis une cinquantaine d\u2019ann\u00e9es. Prolonger cette mise en lumi\u00e8re, cette bataille pour les droits, c\u2019est ce que Fatou Warkha Sambe fait. Sa singularit\u00e9, c\u2019est qu\u2019elle est une observatrice de la soci\u00e9t\u00e9. Elle part d\u2019un r\u00e9el, de choses v\u00e9cues. Beaucoup de femmes peuvent se retrouver dans les personnages du livre. On est assign\u00e9 au silence par la soci\u00e9t\u00e9 qui dit que la femme ne doit pas \u00e9lever la voix. Elle s\u2019\u00e9l\u00e8ve contre cela. Dans tout ce qu\u2019on nous dit, m\u00eame les hommes sont victimes de ce patriarcat. La voix de la femme n\u2019est pas entendue. Warkha prend la parole. On a dit aux femmes qu\u2019elles ne peuvent pas nous dire ce qui leur fait mal, etc.\u00bb, a-t-il analys\u00e9.<\/p>\n\n\n\n<p>Assign\u00e9e au silence est un r\u00e9cit intime, politique et profond\u00e9ment incarn\u00e9. A travers l\u2019histoire de Ma\u00addjigu\u00e8ne, jeune fille issue d\u2019un quartier populaire, confront\u00e9e tr\u00e8s t\u00f4t aux normes sociales sexistes, aux violences se\u00adxuelles et aux silences familiaux, l\u2019auteure livre une travers\u00e9e bouleversante du corps, de l\u2019\u00e2me et de la parole. Entre solitude affective, blessures enfouies et un \u00e9veil que d\u2019autres qualifieront de f\u00e9ministe, elle raconte le long chemin d\u2019une enfance invisibilis\u00e9e. Ce livre explore la m\u00e9moire, la maternit\u00e9, la sororit\u00e9 et les luttes des femmes dans un contexte s\u00e9n\u00e9galais marqu\u00e9 \u00e0 la fois par le poids des traditions et par les r\u00e9sistances. C\u2019est une \u0153uvre de r\u00e9volte, de transmission et de r\u00e9paration. Une voix singuli\u00e8re qui s\u2019\u00e9l\u00e8ve, faisant \u00e9cho \u00e0 celle de toutes.<\/p>\n\n\n\n<p><strong>Invitation \u00e0 la prise de parole<\/strong><\/p>\n\n\n\n<p>Contrairement au titre de l\u2019\u0153uvre, Assign\u00e9e au silence est une invitation \u00e0 la prise de parole, d\u2019apr\u00e8s la pr\u00e9faci\u00e8re. Leyti Fary Ndiaye, sociologue, est revenue sur l\u2019\u0153uvre en ces termes : \u00abJ\u2019ai accept\u00e9 parce que je suis concern\u00e9e par les choses qu\u2019elle raconte. Quand on assigne, on met en cadre. A celui qui demande de se taire, il a la force : les hommes\u00a0; assign\u00e9es : les femmes, les pauvres. La question de la subalternit\u00e9 est \u00e9voqu\u00e9e dans ce livre. Warkha \u00e9crit pour d\u00e9construire l\u2019assignation. C\u2019est une invitation \u00e0 prendre la parole. Je recommande le livre.\u00bb Pour l\u2019auteure, ce roman s\u2019inspire de la r\u00e9alit\u00e9. \u00abJe suis partie de mon v\u00e9cu pour imaginer ce qui se passe ailleurs. Madjigu\u00e8ne n\u2019a pas l\u2019impression d\u2019\u00eatre assign\u00e9e au silence. Le fait de ne pas \u00eatre \u00e9cout\u00e9 est tellement normalis\u00e9 dans notre soci\u00e9t\u00e9. Doit-on continuer comme cela ? C\u2019est une question qui m\u00e9rite d\u2019\u00eatre pos\u00e9e. Pourquoi doit-on dire \u00e0 la femme ce qu\u2019elle doit faire ? Pourquoi lui imposer cela ?\u00bb, s\u2019est interrog\u00e9e Fatou Warkha Sambe. Qui est journaliste et militante, fondatrice de WarkhaTv, un m\u00e9dia f\u00e9ministe qui porte haut la voix et les luttes des femmes en Afrique francophone. Elle incarne un engagement sans compromis pour une soci\u00e9t\u00e9 plus juste et \u00e9galitaire. Elue conseill\u00e8re municipale \u00e0 Pikine Nord, coordinatrice du R\u00e9seau des f\u00e9ministes du S\u00e9n\u00e9gal et chroniqueuse au Quotidien, elle inscrit son parcours dans la continuit\u00e9 des luttes pour la dignit\u00e9 et la libert\u00e9 des femmes.<\/p>\n\n\n\n<p><strong>mgaye@lequotidien.sn<\/strong><\/p>\n","protected":false},"excerpt":{"rendered":"<p>Ne plus imposer \u00e0 la femme un r\u00f4le ! C\u2019est le r\u00eave de la journaliste Fatou Warkha Sambe. Elle vient<\/p>\n","protected":false},"author":1,"featured_media":64855,"comment_status":"open","ping_status":"open","sticky":false,"template":"","format":"standard","meta":{"footnotes":""},"categories":[21],"tags":[],"class_list":["post-64853","post","type-post","status-publish","format-standard","has-post-thumbnail","hentry","category-societe"],"_links":{"self":[{"href":"https:\/\/dekkbi.com\/index.php?rest_route=\/wp\/v2\/posts\/64853","targetHints":{"allow":["GET"]}}],"collection":[{"href":"https:\/\/dekkbi.com\/index.php?rest_route=\/wp\/v2\/posts"}],"about":[{"href":"https:\/\/dekkbi.com\/index.php?rest_route=\/wp\/v2\/types\/post"}],"author":[{"embeddable":true,"href":"https:\/\/dekkbi.com\/index.php?rest_route=\/wp\/v2\/users\/1"}],"replies":[{"embeddable":true,"href":"https:\/\/dekkbi.com\/index.php?rest_route=%2Fwp%2Fv2%2Fcomments&post=64853"}],"version-history":[{"count":1,"href":"https:\/\/dekkbi.com\/index.php?rest_route=\/wp\/v2\/posts\/64853\/revisions"}],"predecessor-version":[{"id":64856,"href":"https:\/\/dekkbi.com\/index.php?rest_route=\/wp\/v2\/posts\/64853\/revisions\/64856"}],"wp:featuredmedia":[{"embeddable":true,"href":"https:\/\/dekkbi.com\/index.php?rest_route=\/wp\/v2\/media\/64855"}],"wp:attachment":[{"href":"https:\/\/dekkbi.com\/index.php?rest_route=%2Fwp%2Fv2%2Fmedia&parent=64853"}],"wp:term":[{"taxonomy":"category","embeddable":true,"href":"https:\/\/dekkbi.com\/index.php?rest_route=%2Fwp%2Fv2%2Fcategories&post=64853"},{"taxonomy":"post_tag","embeddable":true,"href":"https:\/\/dekkbi.com\/index.php?rest_route=%2Fwp%2Fv2%2Ftags&post=64853"}],"curies":[{"name":"wp","href":"https:\/\/api.w.org\/{rel}","templated":true}]}}