{"id":64843,"date":"2025-12-08T10:29:03","date_gmt":"2025-12-08T10:29:03","guid":{"rendered":"https:\/\/dekkbi.com\/?p=64843"},"modified":"2025-12-08T10:29:04","modified_gmt":"2025-12-08T10:29:04","slug":"grand-theatre-revivez-la-journee-des-martyrs-et-des-victimes","status":"publish","type":"post","link":"https:\/\/dekkbi.com\/?p=64843","title":{"rendered":"\u00a0Grand Th\u00e9\u00e2tre: Revivez la journ\u00e9e des martyrs et des victimes"},"content":{"rendered":"\n<p><strong>Le Grand Th\u00e9\u00e2tre Doudou Ndiaye Coumba Rose accueille, ce dimanche, la Journ\u00e9e des martyrs et des victimes, un moment de recueillement et de m\u00e9moire nationale. Entre hommages, t\u00e9moignages et c\u00e9l\u00e9bration de la r\u00e9silience collective, cette c\u00e9r\u00e9monie solennelle r\u00e9unit autorit\u00e9s, familles et citoyens pour honorer ceux dont les vies ont marqu\u00e9 l\u2019histoire du pays. Suivez le direct.<\/strong><\/p>\n\n\n\n<figure class=\"wp-block-embed is-type-rich is-provider-prise-en-charge-des-contenus-embarqu-s wp-block-embed-prise-en-charge-des-contenus-embarqu-s wp-embed-aspect-16-9 wp-has-aspect-ratio\"><div class=\"wp-block-embed__wrapper\">\n<iframe loading=\"lazy\" title=\"En direct du Grand Th\u00e9\u00e2tre Doudou Ndiaye Coumba Rose : Journ\u00e9e des martyrs et des victimes\" width=\"800\" height=\"450\" src=\"https:\/\/www.youtube.com\/embed\/tnsmOv8WITs?feature=oembed\" frameborder=\"0\" allow=\"accelerometer; autoplay; clipboard-write; encrypted-media; gyroscope; picture-in-picture; web-share\" referrerpolicy=\"strict-origin-when-cross-origin\" allowfullscreen><\/iframe>\n<\/div><\/figure>\n\n\n\n<figure class=\"wp-block-embed is-type-rich is-provider-prise-en-charge-des-contenus-embarqu-s wp-block-embed-prise-en-charge-des-contenus-embarqu-s wp-embed-aspect-16-9 wp-has-aspect-ratio\"><div class=\"wp-block-embed__wrapper\">\n<iframe loading=\"lazy\" title=\"En direct du Grand Th\u00e9\u00e2tre Doudou Ndiaye Coumba Rose : Journ\u00e9e des martyrs et des victimes\" width=\"800\" height=\"450\" src=\"https:\/\/www.youtube.com\/embed\/0g1VMJwmzFI?feature=oembed\" frameborder=\"0\" allow=\"accelerometer; autoplay; clipboard-write; encrypted-media; gyroscope; picture-in-picture; web-share\" referrerpolicy=\"strict-origin-when-cross-origin\" allowfullscreen><\/iframe>\n<\/div><\/figure>\n\n\n\n<p>SOURCE SENEGO<\/p>\n","protected":false},"excerpt":{"rendered":"<p>Le Grand Th\u00e9\u00e2tre Doudou Ndiaye Coumba Rose accueille, ce dimanche, la Journ\u00e9e des martyrs et des victimes, un moment de<\/p>\n","protected":false},"author":1,"featured_media":64846,"comment_status":"open","ping_status":"open","sticky":false,"template":"","format":"standard","meta":{"footnotes":""},"categories":[6],"tags":[],"class_list":["post-64843","post","type-post","status-publish","format-standard","has-post-thumbnail","hentry","category-politics"],"_links":{"self":[{"href":"https:\/\/dekkbi.com\/index.php?rest_route=\/wp\/v2\/posts\/64843","targetHints":{"allow":["GET"]}}],"collection":[{"href":"https:\/\/dekkbi.com\/index.php?rest_route=\/wp\/v2\/posts"}],"about":[{"href":"https:\/\/dekkbi.com\/index.php?rest_route=\/wp\/v2\/types\/post"}],"author":[{"embeddable":true,"href":"https:\/\/dekkbi.com\/index.php?rest_route=\/wp\/v2\/users\/1"}],"replies":[{"embeddable":true,"href":"https:\/\/dekkbi.com\/index.php?rest_route=%2Fwp%2Fv2%2Fcomments&post=64843"}],"version-history":[{"count":1,"href":"https:\/\/dekkbi.com\/index.php?rest_route=\/wp\/v2\/posts\/64843\/revisions"}],"predecessor-version":[{"id":64847,"href":"https:\/\/dekkbi.com\/index.php?rest_route=\/wp\/v2\/posts\/64843\/revisions\/64847"}],"wp:featuredmedia":[{"embeddable":true,"href":"https:\/\/dekkbi.com\/index.php?rest_route=\/wp\/v2\/media\/64846"}],"wp:attachment":[{"href":"https:\/\/dekkbi.com\/index.php?rest_route=%2Fwp%2Fv2%2Fmedia&parent=64843"}],"wp:term":[{"taxonomy":"category","embeddable":true,"href":"https:\/\/dekkbi.com\/index.php?rest_route=%2Fwp%2Fv2%2Fcategories&post=64843"},{"taxonomy":"post_tag","embeddable":true,"href":"https:\/\/dekkbi.com\/index.php?rest_route=%2Fwp%2Fv2%2Ftags&post=64843"}],"curies":[{"name":"wp","href":"https:\/\/api.w.org\/{rel}","templated":true}]}}