{"id":64832,"date":"2025-12-08T09:07:23","date_gmt":"2025-12-08T09:07:23","guid":{"rendered":"https:\/\/dekkbi.com\/?p=64832"},"modified":"2025-12-08T14:39:08","modified_gmt":"2025-12-08T14:39:08","slug":"etat-des-sols-au-senegal-diagnostic-sante-fragile","status":"publish","type":"post","link":"https:\/\/dekkbi.com\/?p=64832","title":{"rendered":"Journ\u00e9e mondiale des sols: Diagnostic, sant\u00e9 fragile des sols au S\u00e9n\u00e9gal"},"content":{"rendered":"\n<p><strong>Le 5 d\u00e9cembre est la date de la c\u00e9l\u00e9bration de la Journ\u00e9e mondiale des sols. Cet \u00e9v\u00e9nement marquant de l\u2019agriculture et de l\u2019environnement a \u00e9t\u00e9 saisi par l\u2019Institut national de p\u00e9dologie (Inp) pour organiser une journ\u00e9e portes ouvertes afin de vulgariser le travail fait au sein de cette structure qui, dans l\u2019ombre, \u0153uvre sans rel\u00e2che pour la souverainet\u00e9 alimentaire.<\/strong><\/p>\n\n\n\n<p>La Journ\u00e9e mondiale des sols a pris des allures de rentr\u00e9e acad\u00e9mique. \u00c9tudiants et \u00e9l\u00e8ves ont \u00e9t\u00e9 privil\u00e9gi\u00e9s pour mieux expliquer \u00e0 la jeune g\u00e9n\u00e9ration qu\u2019\u00e0 l\u2019heure de l\u2019agriculture de pr\u00e9cision, la p\u00e9dologie, en tant que science des sols, se d\u00e9finit comme un pilier incontournable. Ce besoin de sensibilisation est justement d\u00fb \u00e0 un constat de m\u00e9connaissance de cette discipline, alors m\u00eame que le S\u00e9n\u00e9gal en a besoin aujourd\u2019hui plus que jamais dans sa qu\u00eate de souverainet\u00e9 alimentaire.<\/p>\n\n\n\n<p>Dot\u00e9 majoritairement d\u2019un type de sol poreux, le S\u00e9n\u00e9gal devra n\u00e9cessairement s\u2019appuyer sur la science pour accro\u00eetre ses rendements agricoles. Mais au-del\u00e0 de la production, il s\u2019agit surtout de prot\u00e9ger les sols, car ils constituent une ressource non renouvelable \u00e0 l\u2019\u00e9chelle humaine. C\u2019est l\u00e0 tout le sens de la journ\u00e9e organis\u00e9e par l\u2019Inp en partenariat avec le minist\u00e8re de l\u2019Agriculture, de la Souverainet\u00e9 alimentaire et de l\u2019\u00c9levage. L\u2019objectif est de mener une campagne contre la pauvret\u00e9 des sols au S\u00e9n\u00e9gal en mettant en place des outils scientifiques qui puissent assurer de meilleurs rendements et des activit\u00e9s durables.<\/p>\n\n\n\n<p>La Journ\u00e9e mondiale des sols c\u00e9l\u00e9br\u00e9e, vendredi, a \u00e9t\u00e9 une franche occasion de pointer le plaidoyer d\u2019une urgence p\u00e9dologique qui menace les sols du S\u00e9n\u00e9gal.<\/p>\n\n\n\n<p>En effet, le ministre Mabouba Diagne a rappel\u00e9 que les sols sont le premier dispositif agricole. Pour lui, faire en sorte que cette ressource non renouvelable puisse toujours r\u00e9pondre aux besoins des hommes est une \u00e9vidence vitale. \u00ab Nous ne pouvons pas esp\u00e9rer produire au S\u00e9n\u00e9gal ce que nous consommons si nous n\u2019avons pas la bonne plateforme, et la bonne plateforme, c\u2019est un sol sain \u00bb, a-t-il d\u00e9clar\u00e9.<\/p>\n\n\n\n<h3 class=\"wp-block-heading\"><strong>\u00ab Sant\u00e9 des sols \u00bb, un programme d\u2019urgence port\u00e9 par l\u2019Inp<\/strong><\/h3>\n\n\n\n<p>Il a soulign\u00e9 que l\u2019agriculture emploie 52 % de la population active mais ne contribue qu\u2019\u00e0 9,6 % du Pib, un d\u00e9s\u00e9quilibre imputable au changement climatique mais aussi \u00e0 la d\u00e9gradation des sols. \u00c0 cet \u00e9gard, il a salu\u00e9 le r\u00f4le central de l\u2019Inp, qu\u2019il a plac\u00e9 au c\u0153ur de sa strat\u00e9gie d\u00e8s son arriv\u00e9e au minist\u00e8re, et a rendu hommage au Dr Alfred Kouly Tine. \u00ab J\u2019ai connu Docteur Tine avant de conna\u00eetre l\u2019Inp. \u00c7a a beaucoup facilit\u00e9 les choses et c\u2019est cela qui explique que, lorsque je suis arriv\u00e9, j\u2019ai mis le curseur sur le bon point, qui est l\u2019Inp \u00bb, a-t-il soulign\u00e9.<\/p>\n\n\n\n<p>Le directeur g\u00e9n\u00e9ral de l\u2019Inp, Dr Alfred Kouly Tine, a d\u00e9taill\u00e9 l\u2019ampleur d\u2019un d\u00e9sastre r\u00e9v\u00e9l\u00e9 par une \u00e9tude nationale de f\u00e9vrier 2025. Plus des deux tiers des sols agricoles s\u00e9n\u00e9galais sont aujourd\u2019hui dans un \u00e9tat critique. Dans le bassin arachidier, la mati\u00e8re organique est tomb\u00e9e sous la barre des 1 %, parfois m\u00eame \u00e0 0,4 %. Au S\u00e9n\u00e9gal oriental et en Casamance, le phosphore disponible est souvent inf\u00e9rieur \u00e0 5 ppm. \u00c0 ce niveau critique, la plante peine \u00e0 survivre. Dans les Niayes et le long du fleuve, l\u2019acidit\u00e9 est devenue telle que le potentiel hydrog\u00e8ne (pH) descend r\u00e9guli\u00e8rement sous 4,5, transformant des terres en milieux hostiles. La salinisation gagne du terrain dans le delta et la vall\u00e9e, tandis que l\u2019\u00e9rosion emporte chaque ann\u00e9e des milliers d\u2019hectares de terre arable dans le Ferlo et le Sine-Saloum. \u00ab Nos sols ne sont plus pauvres, ils sont mourants \u00bb, a r\u00e9sum\u00e9 Dr Alfred Kouly Tine. De plus, il ajoute que ces carences en phosphore, en mati\u00e8re organique et ces pH acides \u00ab r\u00e9duisent consid\u00e9rablement la productivit\u00e9 \u00bb.<\/p>\n\n\n\n<p>Cependant, il a r\u00e9affirm\u00e9 l\u2019engagement de l\u2019Inp \u00e0 accompagner les programmes gouvernementaux, notamment le programme prioritaire \u00ab Sant\u00e9 des sols \u00bb, pour contribuer \u00e0 la Vision 2050 en renfor\u00e7ant la r\u00e9silience des communaut\u00e9s face au changement climatique. Face \u00e0 ce tableau alarmant, l\u2019Inp s\u2019est vite investi sur le terrain avec le programme prioritaire \u00ab Sant\u00e9 des sols \u00bb, dont il assure la ma\u00eetrise. En neuf mois, l\u2019institut a cartographi\u00e9 pr\u00e8s de 7 000 hectares, amend\u00e9 6 500 hectares et d\u00e9ploy\u00e9 des recommandations pr\u00e9cises commune par commune. Du chaulage pour relever le pH, du phosphate naturel pour stimuler les cultures, de la mati\u00e8re organique pour redonner vie \u00e0 la terre : les quantit\u00e9s mobilis\u00e9es sont d\u00e9j\u00e0 impressionnantes, mais elles restent une goutte d\u2019eau face aux besoins estim\u00e9s \u00e0 120 000 tonnes de chaux, 9,90 millions de tonnes de phosphate et 15 millions de tonnes d\u2019amendements organiques, comme l\u2019a pr\u00e9cis\u00e9 le ministre Diagne.<\/p>\n\n\n\n<h3 class=\"wp-block-heading\"><strong>Nouvelle dynamique<\/strong><\/h3>\n\n\n\n<p>Dr Alfred Kouly Tine a \u00e9voqu\u00e9 les partenariats avec la Direction de l\u2019Agriculture, qui a fourni 10 000 tonnes de chaux, 10 000 tonnes de mati\u00e8re organique et 15 000 tonnes de phosphate naturel, permettant un objectif d\u2019amendement de 10 000 hectares de sols acides, 2 000 hectares pauvres en mati\u00e8re organique et 37 500 hectares d\u00e9ficients en phosphore. Les r\u00e9sultats ne se sont pas fait attendre : l\u00e0 o\u00f9 les sols ont \u00e9t\u00e9 soign\u00e9s, les rendements ont connu une nette augmentation.<\/p>\n\n\n\n<p>En outre, l\u2019Inp a install\u00e9 des parcelles de d\u00e9monstration dans 66 communes, ainsi que des plateformes de compostage industriel \u00e0 Louga, Kolda et Tambacounda, permettant la transformation rapide des d\u00e9chets organiques \u2013 en collaboration avec la Soci\u00e9t\u00e9 de gestion des abattoirs du S\u00e9n\u00e9gal (Sogas) \u2013 en compost de qualit\u00e9 en moins de 18 mois. Toujours dans le cadre du programme prioritaire \u00ab Sant\u00e9 des sols \u00bb, le directeur g\u00e9n\u00e9ral de l\u2019Inp a mis en avant les efforts de formation. En chiffres, il s\u2019agit de 1 494 producteurs sensibilis\u00e9s, dont 417 femmes, et 3 967 autres form\u00e9s sur des techniques comme le compostage et la gestion des sols salinis\u00e9s, en partenariat avec le Fonds Climat. Il a mentionn\u00e9 les 90 \u00e9missions audiovisuelles r\u00e9alis\u00e9es, les conventions sign\u00e9es avec des projets comme le Psr, le Pdrso, la Grande Muraille Verte et le Fonds vert, ainsi qu\u2019un film documentaire sur la valorisation des d\u00e9chets, diffus\u00e9 sur les r\u00e9seaux sociaux.<\/p>\n\n\n\n<p>Le ministre, Dr Mabouba Diagne, s\u2019est r\u00e9joui des \u00ab prouesses \u00bb accomplies par l\u2019Inp malgr\u00e9 des moyens limit\u00e9s. Il s\u2019est engag\u00e9 \u00e0 r\u00e9pondre favorablement \u00e0 leurs demandes qui impliquent un appui mat\u00e9riel et financier. Pour sa part, le repr\u00e9sentant de la Fao, Ibra Sounkarou Ndiaye, a salu\u00e9 cette \u00ab nouvelle dynamique \u00bb et appel\u00e9 \u00e0 transformer rapidement les acquis scientifiques en un cadre national d\u2019investissement, afin d\u2019aligner la lutte pour les sols sur la Vision S\u00e9n\u00e9gal 2050. Il a \u00e9voqu\u00e9 la collaboration \u00e9troite avec l\u2019Inp depuis 2022, incluant l\u2019\u00e9tablissement de situations de r\u00e9f\u00e9rence dans les zones agroclimatiques, l\u2019\u00e9laboration de plans d\u2019am\u00e9nagement et la mise en place d\u2019un syst\u00e8me d\u2019information p\u00e9dologique visant \u00e0 am\u00e9liorer la production, la nutrition, l\u2019environnement et les moyens de subsistance.<\/p>\n\n\n\n<p><strong>Assane FALL<\/strong><br>LESOLEIL<\/p>\n","protected":false},"excerpt":{"rendered":"<p>Le 5 d\u00e9cembre est la date de la c\u00e9l\u00e9bration de la Journ\u00e9e mondiale des sols. Cet \u00e9v\u00e9nement marquant de l\u2019agriculture<\/p>\n","protected":false},"author":1,"featured_media":64833,"comment_status":"open","ping_status":"open","sticky":false,"template":"","format":"standard","meta":{"footnotes":""},"categories":[3],"tags":[],"class_list":["post-64832","post","type-post","status-publish","format-standard","has-post-thumbnail","hentry","category-event-more-news"],"_links":{"self":[{"href":"https:\/\/dekkbi.com\/index.php?rest_route=\/wp\/v2\/posts\/64832","targetHints":{"allow":["GET"]}}],"collection":[{"href":"https:\/\/dekkbi.com\/index.php?rest_route=\/wp\/v2\/posts"}],"about":[{"href":"https:\/\/dekkbi.com\/index.php?rest_route=\/wp\/v2\/types\/post"}],"author":[{"embeddable":true,"href":"https:\/\/dekkbi.com\/index.php?rest_route=\/wp\/v2\/users\/1"}],"replies":[{"embeddable":true,"href":"https:\/\/dekkbi.com\/index.php?rest_route=%2Fwp%2Fv2%2Fcomments&post=64832"}],"version-history":[{"count":2,"href":"https:\/\/dekkbi.com\/index.php?rest_route=\/wp\/v2\/posts\/64832\/revisions"}],"predecessor-version":[{"id":64878,"href":"https:\/\/dekkbi.com\/index.php?rest_route=\/wp\/v2\/posts\/64832\/revisions\/64878"}],"wp:featuredmedia":[{"embeddable":true,"href":"https:\/\/dekkbi.com\/index.php?rest_route=\/wp\/v2\/media\/64833"}],"wp:attachment":[{"href":"https:\/\/dekkbi.com\/index.php?rest_route=%2Fwp%2Fv2%2Fmedia&parent=64832"}],"wp:term":[{"taxonomy":"category","embeddable":true,"href":"https:\/\/dekkbi.com\/index.php?rest_route=%2Fwp%2Fv2%2Fcategories&post=64832"},{"taxonomy":"post_tag","embeddable":true,"href":"https:\/\/dekkbi.com\/index.php?rest_route=%2Fwp%2Fv2%2Ftags&post=64832"}],"curies":[{"name":"wp","href":"https:\/\/api.w.org\/{rel}","templated":true}]}}