{"id":64812,"date":"2025-12-08T08:47:11","date_gmt":"2025-12-08T08:47:11","guid":{"rendered":"https:\/\/dekkbi.com\/?p=64812"},"modified":"2025-12-08T08:50:27","modified_gmt":"2025-12-08T08:50:27","slug":"ousmane-sonko-honorer-nos-martyrs-cest-construire-un-etat-juste","status":"publish","type":"post","link":"https:\/\/dekkbi.com\/?p=64812","title":{"rendered":"Ousmane Sonko : \u00ab Honorer nos martyrs, c\u2019est construire un \u00c9tat juste \u00bb"},"content":{"rendered":"\n<p><a href=\"https:\/\/lesoleil.sn\/wp-content\/uploads\/2025\/12\/Ousmane-Sonko-Journee-des-Martyrs.jpg\"><\/a>Hommage. Face au public, constitu\u00e9 de sympathisants de Pastef, de cadres, mais surtout de victimes des manifestations dont certains affichent toujours les stigmates des combats men\u00e9s un peu partout au S\u00e9n\u00e9gal entre 2021 et 2024, Ousmane Sonko a rappel\u00e9 l\u2019importance du sacrifice de toutes ces personnes. Le Premier ministre a rappel\u00e9 que lui aussi faisait partie du lot. \u00ab Je ne vous parle pas seulement comme pr\u00e9sident de PASTEF ou Premier ministre. Je me tiens devant vous comme un fr\u00e8re marqu\u00e9, fa\u00e7onn\u00e9 par les m\u00eames larmes, les m\u00eames injustices, le m\u00eame r\u00eave bris\u00e9 et reconstruit \u00bb, a-t-il soulign\u00e9.<\/p>\n\n\n\n<p>\u00ab Nous sommes r\u00e9unis pour honorer ceux qui ne reviendront plus, ceux dont les rires ont \u00e9t\u00e9 \u00e9touff\u00e9s par la brutalit\u00e9 d\u2019un syst\u00e8me qui a voulu \u00e9craser un peuple debout. Nous nous souvenons de chaque visage, de chaque nom, de chaque vie interrompue ou bris\u00e9e. Ces jeunes, ces \u00e9tudiants, ces citoyens de tous bords sont sortis dans les rues, non par violence, mais par amour visc\u00e9ral pour leur pays et par refus absolu de l\u2019injustice. Leur seule arme \u00e9tait leur droit, leur seul bouclier \u00e9tait la Constitution \u00bb, poursuit le pr\u00e9sident de PASTEF Les Patriotes, qui n\u2019oublie pas le poids de la souffrance quotidienne de ceux qui restent : les familles. \u00ab Aux familles des martyrs, ch\u00e8res m\u00e8res, chers p\u00e8res, fr\u00e8res et s\u0153urs \u00e9plor\u00e9s, la Nation enti\u00e8re partage votre douleur. Vos enfants ne sont pas des statistiques. Leur courage a \u00e9branl\u00e9 les murs de l\u2019oppression et leur dignit\u00e9 face \u00e0 la r\u00e9pression a ouvert la voie au changement historique que nous vivons. \u00bb<\/p>\n\n\n\n<h3 class=\"wp-block-heading\"><strong>Justice sera faite<\/strong><\/h3>\n\n\n\n<p>Pour Ousmane Sonko, tous ces crimes et toutes ces bavures ne resteront pas impunis. \u00ab Vos enfants ne sont pas morts pour rien. Ils ont \u00e9t\u00e9 victimes d\u2019un syst\u00e8me qui a choisi la r\u00e9pression au lieu du dialogue. La justice, la vraie, viendra. L\u2019\u00c9tat veillera \u00e0 ce que les responsabilit\u00e9s soient \u00e9tablies et que chaque dossier soit \u00e9lucid\u00e9. Nous vous devons la v\u00e9rit\u00e9. Nous vous devons un pays digne du sacrifice de vos enfants \u00bb, mart\u00e8le-t-il devant l\u2019audience.<\/p>\n\n\n\n<p>Rappelant que le PASTEF \u00e9tait le fruit de luttes, d\u2019engagement, m\u00fb par la volont\u00e9 de changer le S\u00e9n\u00e9gal en bien, M. Sonko l\u2019assure : son parti a pour ambition de se d\u00e9partir de la mani\u00e8re de faire de la politique comme les r\u00e9gimes pr\u00e9c\u00e9dents, en articulant le tout autour des principes intangibles de travail, d\u2019\u00e9thique et de fraternit\u00e9, dans la justice, la transparence et la souverainet\u00e9. \u00ab Pers\u00e9cut\u00e9s pour ces id\u00e9es, nous avons \u00e9t\u00e9 dissous, arr\u00eat\u00e9s, diffam\u00e9s, emprisonn\u00e9s, insult\u00e9s, calomni\u00e9s, tu\u00e9s. Mais chaque oppression a renforc\u00e9 notre conviction. En emprisonnant nos corps, ils ont lib\u00e9r\u00e9 nos consciences. Nous \u00e9tions un cri du peuple ; nous sommes devenus son espoir, puis son choix \u00bb, clame le pr\u00e9sident de PASTEF.<\/p>\n\n\n\n<h3 class=\"wp-block-heading\"><strong>Conviction<\/strong><\/h3>\n\n\n\n<p>\u00ab Mon engagement est n\u00e9 d\u2019un serment de ne jamais supporter l\u2019injustice, poursuit Ousmane Sonko. Ancien inspecteur des Imp\u00f4ts et Domaines, j\u2019ai vu des mains vendre la patrie. J\u2019ai vu la trahison des \u00e9lites. J\u2019ai fait le choix de ne jamais d\u00e9tourner le regard. Ne jamais me soumettre. Ce serment m\u2019a men\u00e9 vers la politique, puis vers vous, vers la radiation, vers la pers\u00e9cution et les brimades, vers les tribunaux, vers la prison. Comme toutes les victimes, j\u2019ai connu la cellule, la disqualification, la diffamation, la faim extr\u00eame. Mais je n\u2019ai jamais c\u00e9d\u00e9, car ma force venait de vous. Si je suis aujourd\u2019hui Premier ministre, c\u2019est parce que vos voix nous ont port\u00e9s, parce que vous avez refus\u00e9 d\u2019abandonner. \u00bb<\/p>\n\n\n\n<p>Le Premier ministre a, par ailleurs, rappel\u00e9 un fait important : il affirme en effet ne pas \u00eatre le chef des S\u00e9n\u00e9galais, mais simplement leur mandataire, et qu\u2019\u00e0 cet \u00e9gard, lorsqu\u2019il signe, ce n\u2019est que l\u2019accomplissement de la voix de ceux gr\u00e2ce \u00e0 qui il occupe la Primature aujourd\u2019hui.<\/p>\n\n\n\n<p>En outre, le chef du gouvernement ne souhaite pas que la Journ\u00e9e des martyrs soit simplement une date sur le calendrier. Au-del\u00e0 du devoir de m\u00e9moire, celle-ci doit \u00eatre un rappel : celui de tout faire pour que les personnes tomb\u00e9es au combat ou bless\u00e9es ne le soient pas pour rien. \u00ab Honorer nos martyrs ne consiste pas seulement \u00e0 pleurer ou \u00e0 les c\u00e9l\u00e9brer une fois par an. Il consiste \u00e0 b\u00e2tir la v\u00e9rit\u00e9 et la justice, sans compromis, \u00e0 \u00e9lucider les \u00e9v\u00e9nements pour qu\u2019aucun nom ne soit oubli\u00e9, pour qu\u2019aucun dossier ne soit enterr\u00e9. Honorer nos martyrs, c\u2019est construire un \u00c9tat juste, c\u2019est r\u00e9former les institutions en profondeur pour qu\u2019elles servent les citoyens, non des int\u00e9r\u00eats particuliers. C\u2019est restaurer la dignit\u00e9, c\u2019est mettre en \u0153uvre le projet \u00e9conomique de PASTEF par la cr\u00e9ation d\u2019emplois, l\u2019industrialisation, la valorisation de nos ressources pour le peuple. C\u2019est \u0153uvrer pour que nos richesses financent l\u2019avenir de nos enfants, nos \u00e9coles, nos h\u00f4pitaux. Chers compatriotes, honorer nos martyrs, c\u2019est compter sur la jeunesse, h\u00e9riti\u00e8re et c\u0153ur battant du pays, c\u2019est investir massivement dans l\u2019\u00e9ducation, la formation, l\u2019entrepreneuriat. \u00bb<\/p>\n\n\n\n<p>Il souligne par ailleurs avoir re\u00e7u deux propositions diff\u00e9rentes d\u2019un architecte et d\u2019un homme de culture s\u00e9n\u00e9galais, afin d\u2019honorer les victimes et tous ceux qui ont combattu : l\u2019une pour l\u2019\u00e9rection d\u2019un m\u00e9morial des victimes, l\u2019autre, plus large, pour l\u2019\u00e9dification d\u2019un panth\u00e9on de la d\u00e9mocratie s\u00e9n\u00e9galaise qui, plus qu\u2019un simple hommage, serait un acte fondateur, une mani\u00e8re de dire que notre R\u00e9publique ne tol\u00e9rera jamais plus que des citoyens tombent pour avoir simplement exprim\u00e9 leurs convictions. Car selon lui, honorer les martyrs de la d\u00e9mocratie, c\u2019est affirmer que le S\u00e9n\u00e9gal veut demeurer fid\u00e8le \u00e0 sa devise.<\/p>\n\n\n\n<p>Ousmane Sonko a \u00e9galement enjoint ses militants et sympathisants \u00e0 ne jamais oublier ce qu\u2019il appelle \u00ab la R\u00e9volution du 24 mars \u00bb, qui a permis au Pr\u00e9sident Bassirou Diomaye Faye d\u2019acc\u00e9der au pouvoir. \u00ab Le plus grand danger aujourd\u2019hui n\u2019est plus la r\u00e9pression d\u2019hier, c\u2019est l\u2019oubli. C\u2019est l\u2019endormissement. Nous n\u2019avons pas le droit de dormir. Nous n\u2019avons pas le droit de trahir la m\u00e9moire des n\u00f4tres \u00bb, glisse-t-il, avant de conclure. \u00ab Chers fr\u00e8res et s\u0153urs, je le dis devant l\u2019histoire : les martyrs ne sont pas derri\u00e8re nous. Ils marchent devant nous. Je sens leur souffle ici. Je sens leur regard peser sur nos \u00e9paules. C\u2019est devant eux, devant vous, devant notre conscience collective, que je prends ce serment : nous n\u2019\u00e9chouerons pas. Nous ne faiblirons pas. Nous ne vous trahirons jamais. Nous ne les trahirons jamais. Nous construirons un S\u00e9n\u00e9gal souverain, juste et prosp\u00e8re\u2026 ou nous p\u00e9rirons en essayant. Pour la m\u00e9moire des martyrs, pour la dignit\u00e9 retrouv\u00e9e, pour un S\u00e9n\u00e9gal souverain ! Vive les martyrs de la libert\u00e9, vive la r\u00e9sistance s\u00e9n\u00e9galaise, vive le S\u00e9n\u00e9gal ! Je vous remercie. \u00bb<\/p>\n\n\n\n<p><strong>Oumar Boubacar NDONGO<\/strong><\/p>\n","protected":false},"excerpt":{"rendered":"<p>Hommage. Face au public, constitu\u00e9 de sympathisants de Pastef, de cadres, mais surtout de victimes des manifestations dont certains affichent<\/p>\n","protected":false},"author":1,"featured_media":64813,"comment_status":"open","ping_status":"open","sticky":false,"template":"","format":"standard","meta":{"footnotes":""},"categories":[6],"tags":[],"class_list":["post-64812","post","type-post","status-publish","format-standard","has-post-thumbnail","hentry","category-politics"],"_links":{"self":[{"href":"https:\/\/dekkbi.com\/index.php?rest_route=\/wp\/v2\/posts\/64812","targetHints":{"allow":["GET"]}}],"collection":[{"href":"https:\/\/dekkbi.com\/index.php?rest_route=\/wp\/v2\/posts"}],"about":[{"href":"https:\/\/dekkbi.com\/index.php?rest_route=\/wp\/v2\/types\/post"}],"author":[{"embeddable":true,"href":"https:\/\/dekkbi.com\/index.php?rest_route=\/wp\/v2\/users\/1"}],"replies":[{"embeddable":true,"href":"https:\/\/dekkbi.com\/index.php?rest_route=%2Fwp%2Fv2%2Fcomments&post=64812"}],"version-history":[{"count":1,"href":"https:\/\/dekkbi.com\/index.php?rest_route=\/wp\/v2\/posts\/64812\/revisions"}],"predecessor-version":[{"id":64814,"href":"https:\/\/dekkbi.com\/index.php?rest_route=\/wp\/v2\/posts\/64812\/revisions\/64814"}],"wp:featuredmedia":[{"embeddable":true,"href":"https:\/\/dekkbi.com\/index.php?rest_route=\/wp\/v2\/media\/64813"}],"wp:attachment":[{"href":"https:\/\/dekkbi.com\/index.php?rest_route=%2Fwp%2Fv2%2Fmedia&parent=64812"}],"wp:term":[{"taxonomy":"category","embeddable":true,"href":"https:\/\/dekkbi.com\/index.php?rest_route=%2Fwp%2Fv2%2Fcategories&post=64812"},{"taxonomy":"post_tag","embeddable":true,"href":"https:\/\/dekkbi.com\/index.php?rest_route=%2Fwp%2Fv2%2Ftags&post=64812"}],"curies":[{"name":"wp","href":"https:\/\/api.w.org\/{rel}","templated":true}]}}