{"id":6463,"date":"2023-01-16T11:31:54","date_gmt":"2023-01-16T11:31:54","guid":{"rendered":"https:\/\/dekkbi.com\/?p=6463"},"modified":"2023-01-16T11:31:55","modified_gmt":"2023-01-16T11:31:55","slug":"3e-mandat-boubacar-camara-tout-le-monde-sait-compter-jusqua-deux-au-senegal","status":"publish","type":"post","link":"https:\/\/dekkbi.com\/?p=6463","title":{"rendered":"3e mandat \u2013 Boubacar Camara : \u00ab\u00a0Tout le monde sait compter jusqu\u2019\u00e0 deux au S\u00e9n\u00e9gal\u2026\u00a0\u00bb"},"content":{"rendered":"\n<p>Par Khalil Kamara<\/p>\n\n\n\n<p><strong>Boubacar Camara a proc\u00e9d\u00e9, ce samedi, \u00e0 la c\u00e9r\u00e9monie de d\u00e9dicace de son livre intitul\u00e9 \u00ab\u00a0Construire le S\u00e9n\u00e9gal du futur\u00a0\u00bb. Le leader du Parti de la construction et de la solidarit\u00e9 (Pcs- Jengu), face \u00e0 la presse, est revenu sur la question du 3e mandat, le rapport de la Cour des comptes, entre autres.<\/strong> <\/p>\n\n\n\n<p><strong>Sur le 3e mandat\u2026<\/strong><\/p>\n\n\n\n<p>\u00ab&nbsp;<em>Autre source de chaos, dans l\u2019espace politique, c\u2019est la probable candidature du pr\u00e9sident sortant pour un 3e mandat\u2026 Il y a une campagne bruyante pour faire croire aux gens qu\u2019on ne sait plus compter. Alors que ce n\u2019est pas un probl\u00e8me de comptabilit\u00e9. Car, au moins, tout le monde sait compter jusqu\u2019\u00e0 deux au S\u00e9n\u00e9gal. Que \u00e7a soit en arabe, en fran\u00e7ais ou en Wolof. Et tout le monde se rappelle qu\u2019il a \u00e9t\u00e9 \u00e9lu en 2012 et r\u00e9\u00e9lu en 2019. Donc, ce n\u2019est pas un d\u00e9bat juridique. Il fait arr\u00eater ce d\u00e9bat sur le droit et comprendre qu\u2019on est dans des situations o\u00f9 cette candidature peut causer des d\u00e9g\u00e2ts dans le pays<\/em>\u00ab&nbsp;, pr\u00e9vient-t-il.<\/p>\n\n\n\n<p><strong>D\u00e9tournements pr\u00e9sum\u00e9s des fonds Covid\u2026<\/strong><\/p>\n\n\n\n<p>D\u2019apr\u00e8s M. Camara, \u00ab\u00a0I<em>ls ont dissous le fonds, le 30 septembre 2021, pensant que l\u2019affaire ne va jamais \u00e9clater. Puis, comment dans un conseil de ministres, peut-on dire qu\u2019un tel dossier sera trait\u00e9 ou pas alors que c\u2019est \u00e0 la justice de le faire ?<\/em> <\/p>\n","protected":false},"excerpt":{"rendered":"<p>Par Khalil Kamara Boubacar Camara a proc\u00e9d\u00e9, ce samedi, \u00e0 la c\u00e9r\u00e9monie de d\u00e9dicace de son livre intitul\u00e9 \u00ab\u00a0Construire le<\/p>\n","protected":false},"author":1,"featured_media":5458,"comment_status":"open","ping_status":"open","sticky":false,"template":"","format":"standard","meta":{"footnotes":""},"categories":[6],"tags":[],"class_list":["post-6463","post","type-post","status-publish","format-standard","has-post-thumbnail","hentry","category-politics"],"_links":{"self":[{"href":"https:\/\/dekkbi.com\/index.php?rest_route=\/wp\/v2\/posts\/6463","targetHints":{"allow":["GET"]}}],"collection":[{"href":"https:\/\/dekkbi.com\/index.php?rest_route=\/wp\/v2\/posts"}],"about":[{"href":"https:\/\/dekkbi.com\/index.php?rest_route=\/wp\/v2\/types\/post"}],"author":[{"embeddable":true,"href":"https:\/\/dekkbi.com\/index.php?rest_route=\/wp\/v2\/users\/1"}],"replies":[{"embeddable":true,"href":"https:\/\/dekkbi.com\/index.php?rest_route=%2Fwp%2Fv2%2Fcomments&post=6463"}],"version-history":[{"count":1,"href":"https:\/\/dekkbi.com\/index.php?rest_route=\/wp\/v2\/posts\/6463\/revisions"}],"predecessor-version":[{"id":6464,"href":"https:\/\/dekkbi.com\/index.php?rest_route=\/wp\/v2\/posts\/6463\/revisions\/6464"}],"wp:featuredmedia":[{"embeddable":true,"href":"https:\/\/dekkbi.com\/index.php?rest_route=\/wp\/v2\/media\/5458"}],"wp:attachment":[{"href":"https:\/\/dekkbi.com\/index.php?rest_route=%2Fwp%2Fv2%2Fmedia&parent=6463"}],"wp:term":[{"taxonomy":"category","embeddable":true,"href":"https:\/\/dekkbi.com\/index.php?rest_route=%2Fwp%2Fv2%2Fcategories&post=6463"},{"taxonomy":"post_tag","embeddable":true,"href":"https:\/\/dekkbi.com\/index.php?rest_route=%2Fwp%2Fv2%2Ftags&post=6463"}],"curies":[{"name":"wp","href":"https:\/\/api.w.org\/{rel}","templated":true}]}}