{"id":6458,"date":"2023-01-16T11:20:14","date_gmt":"2023-01-16T11:20:14","guid":{"rendered":"https:\/\/dekkbi.com\/?p=6458"},"modified":"2023-01-16T11:20:15","modified_gmt":"2023-01-16T11:20:15","slug":"energie-eclairage-des-hopitaux-la-facture-annuelle-evaluee-a-11-milliards","status":"publish","type":"post","link":"https:\/\/dekkbi.com\/?p=6458","title":{"rendered":"\u00c9nergie \u2013 Eclairage des h\u00f4pitaux: La facture annuelle \u00e9valu\u00e9e \u00e0 11 milliards"},"content":{"rendered":"\n<p><strong>La facture annuelle d\u2019\u00e9lectricit\u00e9 des h\u00f4pitaux du S\u00e9n\u00e9gal est \u00e9valu\u00e9e \u00e0 11 milliards de francs Cfa, selon la ministre de la Sant\u00e9 et de l\u2019action sociale, Dr Marie Kh\u00e9messe Ndiaye, qui copr\u00e9sidait l\u2019inauguration du syst\u00e8me solaire photovolta\u00efque d\u2019une capacit\u00e9 de 250 kilowatts de l\u2019h\u00f4pital dioc\u00e9sain Saint Jean de Dieu.<\/strong><\/p>\n\n\n\n<p><strong>Par Cheikh CAMARA(Correspondant) \u2013<\/strong>&nbsp;L\u2019inauguration d\u2019un syst\u00e8me solaire photovolta\u00efque d\u2019une capacit\u00e9 de 250 kilowatts, financ\u00e9 par deux fondations espagnoles, pour un co\u00fbt de 246 mille 937 euros, soit pr\u00e8s de 162 millions de francs Cfa, \u00e0 l\u2019h\u00f4pital dioc\u00e9sain Saint Jean de Dieu de Thi\u00e8s, par la ministre du P\u00e9trole et des \u00e9nergies, A\u00efssatou Sophie Gladima, accompagn\u00e9e de sa coll\u00e8gue de la Sant\u00e9 et de l\u2019action sociale, Marie Kh\u00e9messe Ngom Ndiaye, va permettre de r\u00e9duire la facture mensuelle d\u2019\u00e9lectricit\u00e9 de la structure sanitaire qui s\u2019\u00e9l\u00e8ve \u00e0 \u00ab10 millions de francs Cfa\u00bb, selon l\u2019Ev\u00eaque de Thi\u00e8s, Andr\u00e9 Gu\u00e8ye, pr\u00e9sident du Conseil d\u2019administration de l\u2019\u00e9tablissement.<\/p>\n\n\n\n<p>Le projet initiateur de ce syst\u00e8me, d\u00e9nomm\u00e9 Heath Energy, est le fruit d\u2019une \u00abcoop\u00e9ration fructueuse\u00bb entre le Dioc\u00e8se, \u00e0 travers l\u2019Ong catholique la Fondation manos unidas, et le secteur priv\u00e9, repr\u00e9sent\u00e9 par la Fondation Elecnor qui est pr\u00e9sente dans 14 pays africains.<\/p>\n\n\n\n<p>Les installations, compos\u00e9es notamment d\u2019un champ solaire, avec des plaques fix\u00e9es sur la toiture de l\u2019h\u00f4pital, permettent d\u2019assurer&nbsp; \u00ab40 \u00e0 50%\u00bb de la consommation mensuelle d\u2019\u00e9lectricit\u00e9 de l\u2019h\u00f4pital. Dot\u00e9 d\u2019un syst\u00e8me de t\u00e9l\u00e9gestion permettant de visualiser en temps r\u00e9el le niveau de consommation de l\u2019\u00e9lectricit\u00e9 et la part de chaque service, il permettra de faire des \u00e9conomies, puis de les r\u00e9orienter vers d\u2019autres investissements. L\u2019Ev\u00eaque de Thi\u00e8s, indiquant que depuis 10 ans qu\u2019il est \u00e0 la t\u00eate du Dioc\u00e8se, \u00abune r\u00e9flexion a toujours \u00e9t\u00e9 men\u00e9e sur la r\u00e9duction de cette facture\u00bb, remarque que \u00able syst\u00e8me fonctionne dans la journ\u00e9e, pour \u00eatre relay\u00e9 la nuit par le r\u00e9seau de la Senelec, \u00e0 qui l\u2019h\u00f4pital souhaiterait revendre son surplus d\u2019\u00e9lectricit\u00e9\u00bb.<br>Une occasion pour la ministre de la Sant\u00e9 et l\u2019action sociale de rappeler que \u00abla facture annuelle d\u2019\u00e9lectricit\u00e9 des h\u00f4pitaux publics s\u00e9n\u00e9galais est \u00e9valu\u00e9e \u00e0 pr\u00e8s de 11 milliards de francs Cfa. D\u2019o\u00f9 le choix du gouvernement d\u2019opter pour le mix \u00e9nerg\u00e9tique, pour les autonomiser\u00bb. Marie Kh\u00e9mes-se Ngom Ndiaye renseigne que \u00abl\u2019Agence nationale d\u2019\u00e9lectrification rurale (Aner) a install\u00e9 des mini-centrales solaires pour une capacit\u00e9 globale de 600 kwh dans les h\u00f4pitaux de Thi\u00e8s, Diourbel, Tambacoun-da et Ndioum\u00bb.<\/p>\n\n\n\n<p>Elle ajoute qu\u2019un \u00abautre projet est mis en \u0153uvre par le minist\u00e8re de la Sant\u00e9 et de l\u2019action sociale, en collaboration avec le minist\u00e8re du P\u00e9trole et des \u00e9nergies, pour \u00e9lectrifier 120 structures de sant\u00e9 des r\u00e9gions de Saint-Louis, Louga et Matam\u2026\u00bb. Dr Ngom estime que la mise en place de syst\u00e8mes solaires est en pr\u00e9paration pour de grands h\u00f4pitaux dont Fann et Dalal Jamm. Marie Kh\u00e9messe Ngom Ndiaye a rassur\u00e9 l\u2019Ev\u00eaque que l\u2019h\u00f4pital sera exon\u00e9r\u00e9 de taxes et que la d\u00e9cision est dans le circuit, aussi elle a promis un groupe \u00e9lectrog\u00e8ne \u00e0 l\u2019h\u00f4pital. L\u2019installation de ces \u00e9quipements est un\u00a0\u00abengagement fort\u00bb d\u2019Elecnor, souligne la ministre du P\u00e9trole et des \u00e9nergies, qui insiste par ailleurs sur les efforts du gouvernement en termes de mix \u00e9nerg\u00e9tique, en atteignant 30% d\u2019\u00e9nergie renouvelable. Une tendance qui, selon elle, va se maintenir m\u00eame avec l\u2019arriv\u00e9e du gaz.<\/p>\n\n\n\n<p><br><strong>Correspondant<\/strong><\/p>\n","protected":false},"excerpt":{"rendered":"<p>La facture annuelle d\u2019\u00e9lectricit\u00e9 des h\u00f4pitaux du S\u00e9n\u00e9gal est \u00e9valu\u00e9e \u00e0 11 milliards de francs Cfa, selon la ministre de<\/p>\n","protected":false},"author":1,"featured_media":3839,"comment_status":"open","ping_status":"open","sticky":false,"template":"","format":"standard","meta":{"footnotes":""},"categories":[3],"tags":[],"class_list":["post-6458","post","type-post","status-publish","format-standard","has-post-thumbnail","hentry","category-event-more-news"],"_links":{"self":[{"href":"https:\/\/dekkbi.com\/index.php?rest_route=\/wp\/v2\/posts\/6458","targetHints":{"allow":["GET"]}}],"collection":[{"href":"https:\/\/dekkbi.com\/index.php?rest_route=\/wp\/v2\/posts"}],"about":[{"href":"https:\/\/dekkbi.com\/index.php?rest_route=\/wp\/v2\/types\/post"}],"author":[{"embeddable":true,"href":"https:\/\/dekkbi.com\/index.php?rest_route=\/wp\/v2\/users\/1"}],"replies":[{"embeddable":true,"href":"https:\/\/dekkbi.com\/index.php?rest_route=%2Fwp%2Fv2%2Fcomments&post=6458"}],"version-history":[{"count":1,"href":"https:\/\/dekkbi.com\/index.php?rest_route=\/wp\/v2\/posts\/6458\/revisions"}],"predecessor-version":[{"id":6459,"href":"https:\/\/dekkbi.com\/index.php?rest_route=\/wp\/v2\/posts\/6458\/revisions\/6459"}],"wp:featuredmedia":[{"embeddable":true,"href":"https:\/\/dekkbi.com\/index.php?rest_route=\/wp\/v2\/media\/3839"}],"wp:attachment":[{"href":"https:\/\/dekkbi.com\/index.php?rest_route=%2Fwp%2Fv2%2Fmedia&parent=6458"}],"wp:term":[{"taxonomy":"category","embeddable":true,"href":"https:\/\/dekkbi.com\/index.php?rest_route=%2Fwp%2Fv2%2Fcategories&post=6458"},{"taxonomy":"post_tag","embeddable":true,"href":"https:\/\/dekkbi.com\/index.php?rest_route=%2Fwp%2Fv2%2Ftags&post=6458"}],"curies":[{"name":"wp","href":"https:\/\/api.w.org\/{rel}","templated":true}]}}