{"id":6455,"date":"2023-01-16T11:16:03","date_gmt":"2023-01-16T11:16:03","guid":{"rendered":"https:\/\/dekkbi.com\/?p=6455"},"modified":"2023-01-16T11:51:05","modified_gmt":"2023-01-16T11:51:05","slug":"poles-urbains-des-populations-des-villages-de-bambilor-et-diender-alertent-sur-une-supposee-tentative-de-spoliation","status":"publish","type":"post","link":"https:\/\/dekkbi.com\/?p=6455","title":{"rendered":"P\u00f4les urbains: alerte sur une suppos\u00e9e tentative de spoliation"},"content":{"rendered":"\n<h3 class=\"wp-block-heading\">Des populations d\u2019une vingtaine de villages des communes de Bambilor et Diender regroup\u00e9s au sein d\u2019un collectif ont alert\u00e9 samedi sur l\u2019arriv\u00e9e de priv\u00e9s qui se pr\u00e9valent de droits de propri\u00e9t\u00e9 sur les terres qu\u2019elles exploitent depuis plusieurs g\u00e9n\u00e9rations et qui, selon elles, seraient situ\u00e9es dans l\u2019emprise d\u2019un futur p\u00f4le urbain, nous a appris l\u2019APS.<\/h3>\n\n\n\n<p><\/p>\n\n\n\n<p>Venus de Beer, Gorom, D\u00e8ni, Ndiar, Kayar, Thor, Gollam, Keur Abdou Ndoye, Kaniak etc., des villages de la zone des Niayes, haut-lieu de la production horticole du pays, des chefs de villages, des imams, des producteurs, entre autres acteurs, membres d\u2019une structure d\u00e9nomm\u00e9e Collectif pour la d\u00e9fense de la terre de nos a\u00efeux, ont rencontr\u00e9 des journalistes \u00e0 Bayakh, pour alerter sur ce nouveau ph\u00e9nom\u00e8ne.<\/p>\n\n\n\n<p>Lors de ce point de presse, plusieurs t\u00e9moins se sont dit inquiets de l\u2019arriv\u00e9e, dans leurs champs, de particuliers munis de documents, dont des baux, leur affectant les terres qu\u2019ils ont h\u00e9rit\u00e9es de leurs anc\u00eatres. Ils soup\u00e7onnent une \u2018\u2019tentative d\u2019escroquerie\u2019\u2019.<\/p>\n\n\n\n<p>Les p\u00f4les urbains de Diamniadio et D\u00e9ni Biram Ndao avaient \u00e9t\u00e9 initi\u00e9s \u2018\u2019pour apporter des r\u00e9ponses aux probl\u00e8mes d\u2019urbanisation de Dakar\u2019\u2019, notamment au d\u00e9ficit de logements et \u00e0 la faible disponibilit\u00e9 de terres industrielles, mais aussi pour le d\u00e9veloppement d\u2019infrastructures de recherche et de formation, ainsi que pour la promotion d\u2019une \u00e9conomie forte pour atteindre l\u2019\u00e9mergence, a dit Mamadou Diattara, porte-parole du jour du collectif.<\/p>\n\n\n\n<p>\u2018\u2019Au bout du compte, le projet initial intelligemment con\u00e7u sur un plan qui int\u00e9grait l\u2019habitat rural, un plan directeur d\u2019extension des villages polaris\u00e9s, des espaces verts, des aires de production agricole mixtes, des am\u00e9nagements h\u00f4teliers et touristiques et des plans de sauvegarde de la biodiversit\u00e9 aquatique et des dunes, se r\u00e9sumera \u00e0 une vaste op\u00e9ration de spoliation fonci\u00e8re\u2019\u2019, a-t-il ajout\u00e9.<\/p>\n\n\n\n<p>\u2018\u2019Nous tenons ici et maintenant \u00e0 informer le chef de l\u2019Etat Macky Sall et \u00e0 l\u2019inviter \u00e0 diligenter dans les plus brefs d\u00e9lais une enqu\u00eate de l\u2019IGE (Inspection g\u00e9n\u00e9rale d\u2019Etat), pour prendre l\u2019exacte mesure de la catastrophe (et) \u00e0 situer les responsabilit\u00e9s\u2019\u2019, a dit le porte-parole.<\/p>\n\n\n\n<p>Il n\u2019a pas manqu\u00e9 d\u2019\u00e9voquer les risques de tension dans cette zone o\u00f9 les populations, y compris des \u00e9migr\u00e9s de retour, ont modernis\u00e9 l\u2019horticulture, en r\u00e9alisant plusieurs d\u00e9cennies d\u2019investissements, comme la r\u00e9alisation d\u2019am\u00e9nagements, la construction de forages et l\u2019achat de tracteurs.<\/p>\n\n\n\n<p>Il a not\u00e9 que les producteurs qui exploitent ces terres sont prioritaires pour toute op\u00e9ration d\u2019affectation, a-t-il dit non sans souligner que ces populations sont \u2018\u2019fortement attach\u00e9es \u00e0 leurs terres par l\u2019histoire\u2019\u2019.<\/p>\n\n\n\n<p>\u2018\u2019Si ce projet avait \u00e9t\u00e9 transparent, ces gens auraient d\u00fb, ne serait-ce que par courtoisie, y associer la communaut\u00e9 impact\u00e9e, pour s\u2019accorder sur des compromis dynamiques qui pr\u00e9serveraient les int\u00e9r\u00eats des populations et la paix sociale\u2019\u2019, a-t-il poursuivi.<\/p>\n\n\n\n<p>Dans le cadre de sa politique urbaine, l&rsquo;Etat compte d\u00e9velopper les p\u00f4les de Diamniadio, du Lac rose, de Daga Kholpa, de D\u00e9ni Biram Ndao, et le p\u00f4le des Niayes.<\/p>\n\n\n\n<p>Le p\u00f4le des Niayes est la partie de la Grande c\u00f4te comprise entre Sangalkam et Notto Gouye Diama, note un document de l\u2019Agence nationale de l\u2019am\u00e9nagement du territoire. Elle s\u2019\u00e9tend sur les communes de Sangalkam, Bambilor, Diender Guedj, Notto Gouye Diama, Keur Moussa, Pout et Kayar.<\/p>\n\n\n\n<p>Les grands enjeux de ce p\u00f4le sont de pr\u00e9server les terres agricoles, d\u2019assurer une bonne ma\u00eetrise de l\u2019eau, de renforcer les infrastructures et \u00e9quipements d\u2019appui \u00e0 l\u2019agriculture, rel\u00e8ve la m\u00eame source.<br><\/p>\n","protected":false},"excerpt":{"rendered":"<p>Des populations d\u2019une vingtaine de villages des communes de Bambilor et Diender regroup\u00e9s au sein d\u2019un collectif ont alert\u00e9 samedi<\/p>\n","protected":false},"author":1,"featured_media":6456,"comment_status":"open","ping_status":"open","sticky":false,"template":"","format":"standard","meta":{"footnotes":""},"categories":[21],"tags":[],"class_list":["post-6455","post","type-post","status-publish","format-standard","has-post-thumbnail","hentry","category-societe"],"_links":{"self":[{"href":"https:\/\/dekkbi.com\/index.php?rest_route=\/wp\/v2\/posts\/6455","targetHints":{"allow":["GET"]}}],"collection":[{"href":"https:\/\/dekkbi.com\/index.php?rest_route=\/wp\/v2\/posts"}],"about":[{"href":"https:\/\/dekkbi.com\/index.php?rest_route=\/wp\/v2\/types\/post"}],"author":[{"embeddable":true,"href":"https:\/\/dekkbi.com\/index.php?rest_route=\/wp\/v2\/users\/1"}],"replies":[{"embeddable":true,"href":"https:\/\/dekkbi.com\/index.php?rest_route=%2Fwp%2Fv2%2Fcomments&post=6455"}],"version-history":[{"count":2,"href":"https:\/\/dekkbi.com\/index.php?rest_route=\/wp\/v2\/posts\/6455\/revisions"}],"predecessor-version":[{"id":6471,"href":"https:\/\/dekkbi.com\/index.php?rest_route=\/wp\/v2\/posts\/6455\/revisions\/6471"}],"wp:featuredmedia":[{"embeddable":true,"href":"https:\/\/dekkbi.com\/index.php?rest_route=\/wp\/v2\/media\/6456"}],"wp:attachment":[{"href":"https:\/\/dekkbi.com\/index.php?rest_route=%2Fwp%2Fv2%2Fmedia&parent=6455"}],"wp:term":[{"taxonomy":"category","embeddable":true,"href":"https:\/\/dekkbi.com\/index.php?rest_route=%2Fwp%2Fv2%2Fcategories&post=6455"},{"taxonomy":"post_tag","embeddable":true,"href":"https:\/\/dekkbi.com\/index.php?rest_route=%2Fwp%2Fv2%2Ftags&post=6455"}],"curies":[{"name":"wp","href":"https:\/\/api.w.org\/{rel}","templated":true}]}}