{"id":6400,"date":"2023-01-13T16:28:50","date_gmt":"2023-01-13T16:28:50","guid":{"rendered":"https:\/\/dekkbi.com\/?p=6400"},"modified":"2023-01-13T16:28:51","modified_gmt":"2023-01-13T16:28:51","slug":"guerre-en-ukraine-changer-le-commandement-militaire-russe-aussi-souvent-nest-pas-le-signe-que-les-operations-vont-bien","status":"publish","type":"post","link":"https:\/\/dekkbi.com\/?p=6400","title":{"rendered":"Guerre en Ukraine: \u00abChanger le commandement militaire russe aussi souvent n\u2019est pas le signe que les op\u00e9rations vont bien\u00bb"},"content":{"rendered":"\n<p><a rel=\"noreferrer noopener\" href=\"https:\/\/www.facebook.com\/dialog\/share?app_id=113191652055439&amp;href=https%3A%2F%2Frfi.my%2F946k.F&amp;redirect_uri=https%3A%2F%2Fwww.rfi.fr%2Ffr%2Feurope%2F20230113-guerre-en-ukraine-changer-le-commandement-militaire-russe-aussi-souvent-n-est-pas-le-signe-que-les-op%25C3%25A9rations-vont-bien&amp;locale=fr_FR\" target=\"_blank\"><\/a><a rel=\"noreferrer noopener\" href=\"https:\/\/twitter.com\/intent\/tweet?url=https%3A%2F%2Frfi.my%2F946k.T&amp;via=RFI&amp;related=RLemaresquier&amp;text=Guerre%20en%20Ukraine%3A%20%C2%ABChanger%20le%20commandement%20militaire%20russe%20aussi%20souvent%20n%E2%80%99est%20pas%20le%20signe%20que%20les%20op%C3%A9rations%20vont%20bien%C2%BB&amp;lang=fr\" target=\"_blank\"><\/a><a rel=\"noreferrer noopener\" href=\"https:\/\/web.whatsapp.com\/send?text=Guerre%20en%20Ukraine%3A%20%C2%ABChanger%20le%20commandement%20militaire%20russe%20aussi%20souvent%20n%E2%80%99est%20pas%20le%20signe%20que%20les%20op%C3%A9rations%20vont%20bien%C2%BB%20-%20https%3A%2F%2Frfi.my%2F946k.W\" target=\"_blank\"><\/a>Le minist\u00e8re russe de la D\u00e9fense a annonc\u00e9, mercredi 11 janvier, une r\u00e9organisation au sein de l\u2019arm\u00e9e avec la nomination du g\u00e9n\u00e9ral Valeri Guerassimov chef d\u2019\u00e9tat-major de l\u2019arm\u00e9e russe, en tant que commandant du groupement combin\u00e9 de troupes d\u00e9ploy\u00e9es en Ukraine. Proche de Sergue\u00ef Cho\u00efgou, le ministre russe de la D\u00e9fense, Guerassimov remplace Sergue\u00ef Sourovikine, qui avait \u00e9t\u00e9 nomm\u00e9 \u00e0 ce poste il y a seulement trois mois. Entretien avec Julien Th\u00e9ron, politiste, enseignant en conflit et s\u00e9curit\u00e9 internationale \u00e0 Sciences Po Paris et coauteur, avec Isabelle Mandraud, de l\u2019ouvrage\u00a0<em>Poutine, la strat\u00e9gie du d\u00e9sordre jusqu\u2019\u00e0 la guerre<\/em>.\u00a0<\/p>\n\n\n\n<p><\/p>\n\n\n\n<p><strong>RFI : Que signifie la nomination de Guerassimov \u00e0 la t\u00eate des op\u00e9rations militaires en Ukraine ?<\/strong><\/p>\n\n\n\n<p><strong>Julien Th\u00e9ron :<\/strong>\u00a0Cela fait tout de m\u00eame beaucoup de r\u00e9organisation ! En un an, on a eu la nomination du g\u00e9n\u00e9ral Alexander Dvornikof, puis celle du g\u00e9n\u00e9ral\u00a0<strong>Serge\u00ef Sourovikine\u00a0<\/strong>et \u00e0 pr\u00e9sent, on a le g\u00e9n\u00e9ral Valeri\u00a0Guerassimov. Et donc la premi\u00e8re chose qui frappe, c\u2019est que cela appara\u00eet un peu comme de l&rsquo;amateurisme\u2026 Car si vous changez le commandant aussi souvent, c&rsquo;est que les op\u00e9rations ne vont pas bien ! La deuxi\u00e8me chose, c&rsquo;est que le g\u00e9n\u00e9ral Guerassimov ne va pas fondamentalement changer le cours des op\u00e9rations, et ce, pour une raison assez simple, c&rsquo;est qu\u2019il est exactement dans les m\u00eames formations tactiques, op\u00e9rationnelles et strat\u00e9giques que ses pr\u00e9d\u00e9cesseurs.<\/p>\n\n\n\n<p>En r\u00e9alit\u00e9, si l\u2019on regarde la feuille de route donn\u00e9e par le Kremlin, on s&rsquo;aper\u00e7oit qu&rsquo;il lui est surtout demand\u00e9 de mieux coordonner les op\u00e9rations. Il y a la coordination \u00e9videmment des forces blind\u00e9es, de l&rsquo;infanterie, mais surtout de l&rsquo;arm\u00e9e de l&rsquo;air qui est sous-utilis\u00e9e en raison de l&rsquo;excellente d\u00e9fense de l&rsquo;espace a\u00e9rien ukrainien. Mais il y a aussi potentiellement la coordination avec d&rsquo;autres acteurs, je pense \u00e9videmment au groupe paramilitaire Wagner\u2026 voire potentiellement aux forces bi\u00e9lorusses qui pourraient faire leur entr\u00e9e dans le conflit.<\/p>\n\n\n\n<p><strong>\u25ba&nbsp;\u00c0 lire aussi :&nbsp;<\/strong><a href=\"https:\/\/www.rfi.fr\/fr\/europe\/20230111-russie-le-g%C3%A9n%C3%A9ral-valeri-guerassimov-prend-la-t%C3%AAte-de-l-op%C3%A9ration-en-ukraine\"><strong>Russie: le g\u00e9n\u00e9ral Valeri Guerassimov prend la t\u00eate de l&rsquo;op\u00e9ration en Ukraine<\/strong><\/a><\/p>\n\n\n\n<p><strong>Que sait-on de Valeri Guerassimov ?<\/strong><\/p>\n\n\n\n<p>Valeri Guerassimov est issu d&rsquo;une formation extr\u00eamement classique de l&rsquo;Arm\u00e9e rouge. Il a gravi les \u00e9chelons progressivement, et il n&rsquo;y a pas de choses tr\u00e8s surprenantes dans son parcours militaire. En revanche, il est assez connu pour avoir incarn\u00e9 la r\u00e9forme post-2008 des forces arm\u00e9es russes. Et puis surtout parce qu\u2019on a consid\u00e9r\u00e9 qu&rsquo;il avait \u00e9mis une sorte de doctrine qui s&rsquo;appelait la \u00ab doctrine Guerassimov \u00bb. En r\u00e9alit\u00e9, ce n&rsquo;est pas du tout une doctrine, mais un article paru en 2014 dans une revue militaire russe dans laquelle il dit qu\u2019il faut \u00ab&nbsp;<em>revoir les termes de la guerre<\/em>&nbsp;\u00bb.<\/p>\n\n\n\n<p><strong>Newsletter<\/strong>Recevez toute l&rsquo;actualit\u00e9 internationale directement dans votre boite mail<a href=\"https:\/\/emailing.rfi.fr\/fr\/subscribe\" target=\"_blank\" rel=\"noreferrer noopener\">Je m&rsquo;abonne<\/a><\/p>\n\n\n\n<p>Est-ce que cela peut \u00eatre une des raisons de sa nomination ? Pas du tout, parce que c&rsquo;\u00e9tait d\u00e9j\u00e0 lui qui \u00e9tait le chef d&rsquo;\u00e9tat-major, donc les op\u00e9rations se font quand m\u00eame sous son contr\u00f4le. En outre, les \u00e9l\u00e9ments innovants qu&rsquo;il introduit dans ses id\u00e9es sont en fait des \u00e9l\u00e9ments non militaires : d\u00e9sinformation, contr\u00f4le politique, contr\u00f4le social, etc. Donc, en termes strictement militaires, en termes conventionnels, \u00e7a ne va pas vraiment changer la donne.<\/p>\n\n\n\n<p><strong>\u25ba&nbsp;\u00c0 lire aussi :&nbsp;<\/strong><a href=\"https:\/\/www.rfi.fr\/fr\/europe\/20230113-guerre-en-ukraine-la-russie-pourrait-rapidement-manquer-d-artillerie\"><strong>Guerre en Ukraine: la Russie pourrait rapidement manquer d\u2019artillerie<\/strong><\/a><\/p>\n\n\n\n<p><strong>Est-ce que, selon vous, cette r\u00e9organisation est une r\u00e9action du Kremlin face aux difficult\u00e9s rencontr\u00e9es sur les diff\u00e9rents fronts en Ukraine ?<\/strong><\/p>\n\n\n\n<p>Oui, et c&rsquo;est int\u00e9ressant, parce que \u00e7a veut dire que c&rsquo;est une d\u00e9cision politique qui s&rsquo;impose aux militaires. Cela veut dire \u00e9galement que cette conduite politique change fr\u00e9quemment, et les militaires eux-m\u00eames ont du mal \u00e0 s&rsquo;y adapter. Je consid\u00e9rais ainsi que le g\u00e9n\u00e9ral Sourovikine, le pr\u00e9d\u00e9cesseur de Valeri Guerassimov, avait r\u00e9ussi \u00e0 imposer au Kremlin un geste tr\u00e8s important qui \u00e9tait la retraite de Kherson, en novembre dernier. Rester \u00e0&nbsp;<a href=\"https:\/\/www.rfi.fr\/fr\/europe\/20221218-les-zones-de-zaporijjia-et-kherson-fortifi%C3%A9es-par-les-soldats-russes\"><strong>Kherson<\/strong><\/a>&nbsp;\u00e9tait une d\u00e9cision tr\u00e8s politique, et cela n\u2019avait aucun sens d\u2019un point de vue militaire, parce que les forces russes y \u00e9taient tr\u00e8s expos\u00e9es. Il \u00e9tait beaucoup plus pertinent, en termes militaires, de se retrancher sur l&rsquo;autre rive du fleuve pour y am\u00e9liorer les d\u00e9fenses. C\u2019est le g\u00e9n\u00e9ral Sourovikine qui a impos\u00e9 \u00e7a au Kremlin. Mais on voit que cela n&rsquo;a pas suffi : le Kremlin consid\u00e8re que les efforts sont insuffisants et qu&rsquo;il faut avoir des victoires qui sont des victoires en r\u00e9alit\u00e9 plus politiques que militaires.<\/p>\n","protected":false},"excerpt":{"rendered":"<p>Le minist\u00e8re russe de la D\u00e9fense a annonc\u00e9, mercredi 11 janvier, une r\u00e9organisation au sein de l\u2019arm\u00e9e avec la nomination<\/p>\n","protected":false},"author":1,"featured_media":6402,"comment_status":"open","ping_status":"open","sticky":false,"template":"","format":"standard","meta":{"footnotes":""},"categories":[51],"tags":[],"class_list":["post-6400","post","type-post","status-publish","format-standard","has-post-thumbnail","hentry","category-general"],"_links":{"self":[{"href":"https:\/\/dekkbi.com\/index.php?rest_route=\/wp\/v2\/posts\/6400","targetHints":{"allow":["GET"]}}],"collection":[{"href":"https:\/\/dekkbi.com\/index.php?rest_route=\/wp\/v2\/posts"}],"about":[{"href":"https:\/\/dekkbi.com\/index.php?rest_route=\/wp\/v2\/types\/post"}],"author":[{"embeddable":true,"href":"https:\/\/dekkbi.com\/index.php?rest_route=\/wp\/v2\/users\/1"}],"replies":[{"embeddable":true,"href":"https:\/\/dekkbi.com\/index.php?rest_route=%2Fwp%2Fv2%2Fcomments&post=6400"}],"version-history":[{"count":1,"href":"https:\/\/dekkbi.com\/index.php?rest_route=\/wp\/v2\/posts\/6400\/revisions"}],"predecessor-version":[{"id":6403,"href":"https:\/\/dekkbi.com\/index.php?rest_route=\/wp\/v2\/posts\/6400\/revisions\/6403"}],"wp:featuredmedia":[{"embeddable":true,"href":"https:\/\/dekkbi.com\/index.php?rest_route=\/wp\/v2\/media\/6402"}],"wp:attachment":[{"href":"https:\/\/dekkbi.com\/index.php?rest_route=%2Fwp%2Fv2%2Fmedia&parent=6400"}],"wp:term":[{"taxonomy":"category","embeddable":true,"href":"https:\/\/dekkbi.com\/index.php?rest_route=%2Fwp%2Fv2%2Fcategories&post=6400"},{"taxonomy":"post_tag","embeddable":true,"href":"https:\/\/dekkbi.com\/index.php?rest_route=%2Fwp%2Fv2%2Ftags&post=6400"}],"curies":[{"name":"wp","href":"https:\/\/api.w.org\/{rel}","templated":true}]}}