{"id":6353,"date":"2023-01-13T11:07:13","date_gmt":"2023-01-13T11:07:13","guid":{"rendered":"https:\/\/dekkbi.com\/?p=6353"},"modified":"2023-01-13T11:07:15","modified_gmt":"2023-01-13T11:07:15","slug":"yewi-askan-wi-sursoit-a-son-rassemblement-du-14-janvier","status":"publish","type":"post","link":"https:\/\/dekkbi.com\/?p=6353","title":{"rendered":"Yewi Askan Wi sursoit \u00e0 son rassemblement du 14 janvier"},"content":{"rendered":"\n<p>jeudi 12 janvier 2023&nbsp;\u2022 760 lectures \u2022&nbsp;1 commentaires<\/p>\n\n\n\n<p><a href=\"https:\/\/www.igfm.sn\/Actualit%C3%A9\"><strong>ACTUALIT\u00c9<\/strong><\/a>&nbsp;<strong>18 HEURES<\/strong><a href=\"javascript:updateFontSize(-1)\"><strong><\/strong><\/a>&nbsp;Taille&nbsp;<a href=\"javascript:updateFontSize(1)\"><strong><\/strong><\/a><\/p>\n\n\n\n<figure class=\"wp-block-image\"><img decoding=\"async\" src=\"https:\/\/www.igfm.sn\/data\/igfm\/2022\/05\/yewi-askan-sonko-khalifa-khalifa_8191.jpg\" alt=\"Yewi Askan Wi sursoit \u00e0 son rassemblement du 14 janvier\"\/><\/figure>\n\n\n\n<p>PUBLICIT\u00c9<ins><\/ins><\/p>\n\n\n\n<p>https:\/\/googleads.g.doubleclick.net\/pagead\/ads?client=ca-pub-1061267829283799&#038;output=html&#038;h=280&#038;slotname=6278719341&#038;adk=3247930694&#038;adf=86662503&#038;pi=t.ma~as.6278719341&#038;w=511&#038;fwrn=4&#038;fwrnh=100&#038;lmt=1673607691&#038;rafmt=1&#038;format=511&#215;280&#038;url=https%3A%2F%2Fwww.igfm.sn%2Fyewi-askan-wi-sursoit-a-son-rassemblement-du-14-janvier&#038;fwr=0&#038;rpe=1&#038;resp_fmts=3&#038;wgl=1&#038;uach=WyJXaW5kb3dzIiwiMTAuMC4wIiwieDg2IiwiIiwiMTA5LjAuNTQxNC43NCIsW10sZmFsc2UsbnVsbCwiNjQiLFtbIk5vdF9BIEJyYW5kIiwiOTkuMC4wLjAiXSxbIkdvb2dsZSBDaHJvbWUiLCIxMDkuMC41NDE0Ljc0Il0sWyJDaHJvbWl1bSIsIjEwOS4wLjU0MTQuNzQiXV0sZmFsc2Vd&#038;dt=1673607642549&#038;bpp=48&#038;bdt=7158&#038;idt=3649&#038;shv=r20230111&#038;mjsv=m202212050101&#038;ptt=9&#038;saldr=aa&#038;abxe=1&#038;cookie=ID%3Dfaebd656cd05565b-222d2f91ddd700a7%3AT%3D1671202424%3ART%3D1671202424%3AS%3DALNI_MZlhlBjqfvmh516HXlJT_jIJ-LeSw&#038;gpic=UID%3D000005d7b8ec58a7%3AT%3D1651739786%3ART%3D1673601753%3AS%3DALNI_MZZpnk3TJ8E7hxQqhk6BDI7R7hVfw&#038;prev_fmts=0x0%2C338x303&#038;nras=1&#038;correlator=5377910856262&#038;frm=20&#038;pv=1&#038;ga_vid=2075730594.1585473493&#038;ga_sid=1673607646&#038;ga_hid=1873823592&#038;ga_fc=1&#038;u_tz=0&#038;u_his=3&#038;u_h=409&#038;u_w=727&#038;u_ah=388&#038;u_aw=727&#038;u_cd=24&#038;u_sd=1.41&#038;dmc=4&#038;adx=29&#038;ady=709&#038;biw=950&#038;bih=345&#038;scr_x=0&#038;scr_y=0&#038;eid=44759875%2C44759926%2C44759842%2C44777876&#038;oid=2&#038;psts=ACgb8tvW4lEZBnj7eDao-ET7aKTEwrt35JeQwjwUArkLyvCid0YoZpxyVtiVDvzeQsJ-9mU39y0QBecLDX8RR3I&#038;pvsid=1371859115283427&#038;tmod=2034342964&#038;uas=0&#038;nvt=1&#038;ref=https%3A%2F%2Fwww.igfm.sn%2F&#038;eae=0&#038;fc=1920&#038;brdim=0%2C0%2C0%2C0%2C727%2C0%2C738%2C391%2C972%2C367&#038;vis=1&#038;rsz=dM%7C%7Caebr%7Cp&#038;abl=XS&#038;pfx=0&#038;fu=1152&#038;bc=31&#038;ifi=2&#038;uci=a!2&#038;btvi=1&#038;fsb=1&#038;xpc=HGplmRRSCx&#038;p=https%3A\/\/www.igfm.sn&#038;dtd=49217<\/p>\n\n\n\n<p>iGFM-(Dakar) La coalition Yewi Askan Wi sursoit \u00e0 son rassemblement pr\u00e9vu ce week-end \u00e0 Dakar. Selon un communiqu\u00e9 publi\u00e9 sur la page officielle de la Coalition, cette d\u00e9cision fait suite \u00e0 la s\u00e9rie d&rsquo;accidents tragiques survenus ces derniers jours, avec leur lourd bilan en vies humaines et en dommages physiques sur des compatriotes. Mais aussi, \u00e0 la disparition de Gora NDOYE, d\u00e9put\u00e9 YEWWI ASKAN WI de la circonscription \u00ab\u00a0Asie-Oc\u00e9anie\u00a0\u00bb.&nbsp;<\/p>\n\n\n\n<p>Ledit communiqu\u00e9 pr\u00e9cise qu\u2019en lieu et place, \u00abla coalition recommande \u00e0 tous militants, sympathisants et \u00e0 tous les citoyens de consacrer une partie de cette journ\u00e9e, \u00e0 un recueillement et des pri\u00e8res pour le repos de l&rsquo;\u00e2me des disparus, ainsi qu&rsquo;un prompt r\u00e9tablissement des bless\u00e9s, et pour la paix dans notre cher pays\u00bb.<br><br>Il est \u00e9galement mentionn\u00e9 dans le communiqu\u00e9 que, &nbsp; des d\u00e9l\u00e9gations de la conf\u00e9rence des leaders se rendront au chevet des familles des victimes et des bless\u00e9s, pour leur manifester toute la solidarit\u00e9 de la coalition.<\/p>\n","protected":false},"excerpt":{"rendered":"<p>jeudi 12 janvier 2023&nbsp;\u2022 760 lectures \u2022&nbsp;1 commentaires ACTUALIT\u00c9&nbsp;18 HEURES&nbsp;Taille&nbsp; PUBLICIT\u00c9 https:\/\/googleads.g.doubleclick.net\/pagead\/ads?client=ca-pub-1061267829283799&#038;output=html&#038;h=280&#038;slotname=6278719341&#038;adk=3247930694&#038;adf=86662503&#038;pi=t.ma~as.6278719341&#038;w=511&#038;fwrn=4&#038;fwrnh=100&#038;lmt=1673607691&#038;rafmt=1&#038;format=511&#215;280&#038;url=https%3A%2F%2Fwww.igfm.sn%2Fyewi-askan-wi-sursoit-a-son-rassemblement-du-14-janvier&#038;fwr=0&#038;rpe=1&#038;resp_fmts=3&#038;wgl=1&#038;uach=WyJXaW5kb3dzIiwiMTAuMC4wIiwieDg2IiwiIiwiMTA5LjAuNTQxNC43NCIsW10sZmFsc2UsbnVsbCwiNjQiLFtbIk5vdF9BIEJyYW5kIiwiOTkuMC4wLjAiXSxbIkdvb2dsZSBDaHJvbWUiLCIxMDkuMC41NDE0Ljc0Il0sWyJDaHJvbWl1bSIsIjEwOS4wLjU0MTQuNzQiXV0sZmFsc2Vd&#038;dt=1673607642549&#038;bpp=48&#038;bdt=7158&#038;idt=3649&#038;shv=r20230111&#038;mjsv=m202212050101&#038;ptt=9&#038;saldr=aa&#038;abxe=1&#038;cookie=ID%3Dfaebd656cd05565b-222d2f91ddd700a7%3AT%3D1671202424%3ART%3D1671202424%3AS%3DALNI_MZlhlBjqfvmh516HXlJT_jIJ-LeSw&#038;gpic=UID%3D000005d7b8ec58a7%3AT%3D1651739786%3ART%3D1673601753%3AS%3DALNI_MZZpnk3TJ8E7hxQqhk6BDI7R7hVfw&#038;prev_fmts=0x0%2C338x303&#038;nras=1&#038;correlator=5377910856262&#038;frm=20&#038;pv=1&#038;ga_vid=2075730594.1585473493&#038;ga_sid=1673607646&#038;ga_hid=1873823592&#038;ga_fc=1&#038;u_tz=0&#038;u_his=3&#038;u_h=409&#038;u_w=727&#038;u_ah=388&#038;u_aw=727&#038;u_cd=24&#038;u_sd=1.41&#038;dmc=4&#038;adx=29&#038;ady=709&#038;biw=950&#038;bih=345&#038;scr_x=0&#038;scr_y=0&#038;eid=44759875%2C44759926%2C44759842%2C44777876&#038;oid=2&#038;psts=ACgb8tvW4lEZBnj7eDao-ET7aKTEwrt35JeQwjwUArkLyvCid0YoZpxyVtiVDvzeQsJ-9mU39y0QBecLDX8RR3I&#038;pvsid=1371859115283427&#038;tmod=2034342964&#038;uas=0&#038;nvt=1&#038;ref=https%3A%2F%2Fwww.igfm.sn%2F&#038;eae=0&#038;fc=1920&#038;brdim=0%2C0%2C0%2C0%2C727%2C0%2C738%2C391%2C972%2C367&#038;vis=1&#038;rsz=dM%7C%7Caebr%7Cp&#038;abl=XS&#038;pfx=0&#038;fu=1152&#038;bc=31&#038;ifi=2&#038;uci=a!2&#038;btvi=1&#038;fsb=1&#038;xpc=HGplmRRSCx&#038;p=https%3A\/\/www.igfm.sn&#038;dtd=49217 iGFM-(Dakar) La coalition Yewi Askan Wi sursoit \u00e0<\/p>\n","protected":false},"author":1,"featured_media":6354,"comment_status":"open","ping_status":"open","sticky":false,"template":"","format":"standard","meta":{"footnotes":""},"categories":[6],"tags":[],"class_list":["post-6353","post","type-post","status-publish","format-standard","has-post-thumbnail","hentry","category-politics"],"_links":{"self":[{"href":"https:\/\/dekkbi.com\/index.php?rest_route=\/wp\/v2\/posts\/6353","targetHints":{"allow":["GET"]}}],"collection":[{"href":"https:\/\/dekkbi.com\/index.php?rest_route=\/wp\/v2\/posts"}],"about":[{"href":"https:\/\/dekkbi.com\/index.php?rest_route=\/wp\/v2\/types\/post"}],"author":[{"embeddable":true,"href":"https:\/\/dekkbi.com\/index.php?rest_route=\/wp\/v2\/users\/1"}],"replies":[{"embeddable":true,"href":"https:\/\/dekkbi.com\/index.php?rest_route=%2Fwp%2Fv2%2Fcomments&post=6353"}],"version-history":[{"count":1,"href":"https:\/\/dekkbi.com\/index.php?rest_route=\/wp\/v2\/posts\/6353\/revisions"}],"predecessor-version":[{"id":6355,"href":"https:\/\/dekkbi.com\/index.php?rest_route=\/wp\/v2\/posts\/6353\/revisions\/6355"}],"wp:featuredmedia":[{"embeddable":true,"href":"https:\/\/dekkbi.com\/index.php?rest_route=\/wp\/v2\/media\/6354"}],"wp:attachment":[{"href":"https:\/\/dekkbi.com\/index.php?rest_route=%2Fwp%2Fv2%2Fmedia&parent=6353"}],"wp:term":[{"taxonomy":"category","embeddable":true,"href":"https:\/\/dekkbi.com\/index.php?rest_route=%2Fwp%2Fv2%2Fcategories&post=6353"},{"taxonomy":"post_tag","embeddable":true,"href":"https:\/\/dekkbi.com\/index.php?rest_route=%2Fwp%2Fv2%2Ftags&post=6353"}],"curies":[{"name":"wp","href":"https:\/\/api.w.org\/{rel}","templated":true}]}}