{"id":6348,"date":"2023-01-13T10:58:21","date_gmt":"2023-01-13T10:58:21","guid":{"rendered":"https:\/\/dekkbi.com\/?p=6348"},"modified":"2023-01-13T15:37:43","modified_gmt":"2023-01-13T15:37:43","slug":"cherte-des-stands-coupures-delectricite-salubrite-ouverture-de-la-fidak-par-le-chef-de-letat-des-exposants-reclament-des-correctifs","status":"publish","type":"post","link":"https:\/\/dekkbi.com\/?p=6348","title":{"rendered":"Fidak : les exposants demandent des correctifs"},"content":{"rendered":"\n<p>Mamadou Ndiaye de&nbsp;<em>Oriental Weavers<\/em>, sp\u00e9cialis\u00e9 dans la vente de tapis, moquettes, reconnait que l\u2019ouverture de la Fidak par le chef de l\u2019Etat donnait un cachet particulier \u00e0 l\u2019\u00e9v\u00e9nement.&nbsp;<em>\u00abAvant, c\u2019\u00e9tait le pr\u00e9sident de la R\u00e9publique qui proc\u00e9dait \u00e0 l\u2019ouverture de la foire. C\u2019\u00e9tait vraiment tr\u00e8s \u00e9v\u00e9nementiel. Beaucoup de gens venaient visiter la foire. C\u2019\u00e9tait vraiment la foire des affaires. Il y avait beaucoup de visiteurs. Et on r\u00e9alisait des chiffres d\u2019affaires au terme de la foire. A pr\u00e9sent, ce n\u2019est plus le cas. Certes, les temps sont durs, et la foire est quasi inond\u00e9e de produits trouvables \u00e0 Sandaga et dans bien d\u2019autres march\u00e9s de la capitale, mais, il faut admettre tant bien que mal, que le fait que le chef de l\u2019Etat pr\u00e9side l\u2019ouverture de la Fidak donnait un caract\u00e8re particulier \u00e0 l\u2019\u00e9v\u00e9nement. Car, les autorit\u00e9s et autres hommes d\u2019affaires prenaient le temps de visiter la foire.\u00bb&nbsp;&nbsp;&nbsp;&nbsp;<\/em><\/p>\n\n\n\n<p>Daniel, exposant iranien en joaillerie, en argenterie et en produits semi-finis et pierres, trouve qu\u2019il y a mieux \u00e0 faire en termes d\u2019\u00e9lectricit\u00e9 et de salubrit\u00e9. \u00abAu niveau de ce Pavillon Vert, nous avons r\u00e9guli\u00e8rement connu des coupures d\u2019\u00e9lectricit\u00e9 de l\u2019ordre de 4 heures de temps. Ce qui ne devrait pas l\u2019\u00eatre parce que ces coupures nous emp\u00eachent de travailler correctement. Autre \u00e9l\u00e9ment, c\u2019est la salubrit\u00e9. Les gens mettent un peu partout les ordures. Et ceci n\u2019attire pas les clients\u00bb, d\u00e9plore-t-il.<\/p>\n\n\n\n<p>Oulimatou Ciss\u00e9, femme transformatrice et exposante au stand de Fatick, pour sa part, a d\u00e9cri\u00e9 la chert\u00e9 des stands et l\u2019envahissement des supermarch\u00e9s.&nbsp;<em>\u00abSinc\u00e8rement, nous demandons au chef de l\u2019Etat d\u2019interc\u00e9der en notre faveur pour la r\u00e9duction du prix des stands. Ces stands ne sont vraiment pas \u00e0 notre port\u00e9e, en tant que femmes transformatrices. Vous imaginez qu\u2019on quitte Fatick jusqu\u2019ici, en payant le transport et la nourriture, pour ensuite d\u00e9bourser 500 mille francs CFA pour un stand. Pensez-vous qu\u2019il est facile de s\u2019en sortir ?&nbsp;\u00bb<\/em><\/p>\n\n\n\n<p>Elle poursuit&nbsp;:&nbsp;<em>\u00ab&nbsp;N\u2019eussent \u00e9t\u00e9 les mairies et autres Ong qui nous appuient, nous ne saurions participer \u00e0 cette foire\u00bb.<\/em>&nbsp;Autre chose, dira-t-elle&nbsp;:&nbsp;<em>\u00abAvant, c\u2019est le chef de l\u2019Etat qui pr\u00e9sidait l\u2019ouverture de la Fidak. Seulement, depuis des ann\u00e9es d\u00e9j\u00e0, cet \u00e9v\u00e9nement est pr\u00e9sid\u00e9 par un Premier ministre ou alors par le ministre du Commerce.&nbsp;Nous demandons au chef de l\u2019Etat, si son agenda le lui permet, de pr\u00e9sider cet \u00e9v\u00e9nement parce que \u00e7a donne plus de cachet \u00e0 la foire au plan national et international\u00bb,<\/em>&nbsp;a-t-elle exhort\u00e9.<\/p>\n\n\n\n<p><strong>JEAN PIERRE MALOU<\/strong> <\/p>\n\n\n\n<p>SUDONLINE<\/p>\n","protected":false},"excerpt":{"rendered":"<p>Mamadou Ndiaye de&nbsp;Oriental Weavers, sp\u00e9cialis\u00e9 dans la vente de tapis, moquettes, reconnait que l\u2019ouverture de la Fidak par le chef<\/p>\n","protected":false},"author":1,"featured_media":6349,"comment_status":"open","ping_status":"open","sticky":false,"template":"","format":"standard","meta":{"footnotes":""},"categories":[3],"tags":[],"class_list":["post-6348","post","type-post","status-publish","format-standard","has-post-thumbnail","hentry","category-event-more-news"],"_links":{"self":[{"href":"https:\/\/dekkbi.com\/index.php?rest_route=\/wp\/v2\/posts\/6348","targetHints":{"allow":["GET"]}}],"collection":[{"href":"https:\/\/dekkbi.com\/index.php?rest_route=\/wp\/v2\/posts"}],"about":[{"href":"https:\/\/dekkbi.com\/index.php?rest_route=\/wp\/v2\/types\/post"}],"author":[{"embeddable":true,"href":"https:\/\/dekkbi.com\/index.php?rest_route=\/wp\/v2\/users\/1"}],"replies":[{"embeddable":true,"href":"https:\/\/dekkbi.com\/index.php?rest_route=%2Fwp%2Fv2%2Fcomments&post=6348"}],"version-history":[{"count":3,"href":"https:\/\/dekkbi.com\/index.php?rest_route=\/wp\/v2\/posts\/6348\/revisions"}],"predecessor-version":[{"id":6370,"href":"https:\/\/dekkbi.com\/index.php?rest_route=\/wp\/v2\/posts\/6348\/revisions\/6370"}],"wp:featuredmedia":[{"embeddable":true,"href":"https:\/\/dekkbi.com\/index.php?rest_route=\/wp\/v2\/media\/6349"}],"wp:attachment":[{"href":"https:\/\/dekkbi.com\/index.php?rest_route=%2Fwp%2Fv2%2Fmedia&parent=6348"}],"wp:term":[{"taxonomy":"category","embeddable":true,"href":"https:\/\/dekkbi.com\/index.php?rest_route=%2Fwp%2Fv2%2Fcategories&post=6348"},{"taxonomy":"post_tag","embeddable":true,"href":"https:\/\/dekkbi.com\/index.php?rest_route=%2Fwp%2Fv2%2Ftags&post=6348"}],"curies":[{"name":"wp","href":"https:\/\/api.w.org\/{rel}","templated":true}]}}