{"id":6334,"date":"2023-01-13T10:35:15","date_gmt":"2023-01-13T10:35:15","guid":{"rendered":"https:\/\/dekkbi.com\/?p=6334"},"modified":"2023-01-13T10:35:16","modified_gmt":"2023-01-13T10:35:16","slug":"hausse-du-prix-de-lelectricite-la-senelec-epargne-les-couches-vulnerables","status":"publish","type":"post","link":"https:\/\/dekkbi.com\/?p=6334","title":{"rendered":"Hausse du prix de l\u2019\u00e9lectricit\u00e9: La Senelec \u00e9pargne les couches vuln\u00e9rables"},"content":{"rendered":"\n<h3 class=\"wp-block-heading\">Le r\u00e9ajustement tarifaire d\u00e9cid\u00e9 par la soci\u00e9t\u00e9 nationale d\u2019\u00e9lectricit\u00e9 (Senelec) devrait permettre \u00e0 l\u2019Etat de faire des \u00e9conomies destin\u00e9es \u00e0 mieux soutenir la tranche la plus n\u00e9cessiteuse. L\u2019annonce a \u00e9t\u00e9 faite par le directeur g\u00e9n\u00e9ral, Papa Mademba Bit\u00e8ye, lors de son face-\u00e0-face avec la presse.<\/h3>\n\n\n\n<p>\u00abNous avions une subvention uniforme, faisant que, plus on consommait, plus on b\u00e9n\u00e9ficiait de cette subvention sociale. Sur la base de ce constat, il fallait op\u00e9rer un r\u00e9\u00e9quilibrage n\u00e9cessaire. Ces nouvelles mesures n\u2019impacteront pas les clients les plus vuln\u00e9rables et qui constituent 61% de la client\u00e8le de la Senelec\u00bb, a-t-il dit dans des propos repris par l\u2019Agence de presse s\u00e9n\u00e9galaise (Aps).<\/p>\n\n\n\n<p>A en croire, Pape Mademba Bit\u00e8ye, cette cat\u00e9gorie dite tranche sociale comprend 1 million 159 mille 146 clients, dont la consommation maximale ne d\u00e9passe pas 150 kilowattheures (kwh). \u00abLa r\u00e9orientation de la subvention quelle re\u00e7oit de l\u2019Etat va permettre de faire une \u00e9conomie de 99,7 milliards de F Cfa\u00bb, a-t-il dit.<\/p>\n\n\n\n<p><\/p>\n\n\n\n<p>Il a rappel\u00e9 que la soci\u00e9t\u00e9 qu\u2019il dirige a deux cat\u00e9gories de clients : \u00abdes clients domestiques (basse tension) et les clients professionnels (industriels), dont la majorit\u00e9 est abonn\u00e9e \u00e0 la basse et \u00e0 la moyenne tension, et une minorit\u00e9 \u00e0 la haute tension\u00bb.<\/p>\n\n\n\n<p>( Les News )<\/p>\n","protected":false},"excerpt":{"rendered":"<p>Le r\u00e9ajustement tarifaire d\u00e9cid\u00e9 par la soci\u00e9t\u00e9 nationale d\u2019\u00e9lectricit\u00e9 (Senelec) devrait permettre \u00e0 l\u2019Etat de faire des \u00e9conomies destin\u00e9es \u00e0<\/p>\n","protected":false},"author":1,"featured_media":6335,"comment_status":"open","ping_status":"open","sticky":false,"template":"","format":"standard","meta":{"footnotes":""},"categories":[3],"tags":[],"class_list":["post-6334","post","type-post","status-publish","format-standard","has-post-thumbnail","hentry","category-event-more-news"],"_links":{"self":[{"href":"https:\/\/dekkbi.com\/index.php?rest_route=\/wp\/v2\/posts\/6334","targetHints":{"allow":["GET"]}}],"collection":[{"href":"https:\/\/dekkbi.com\/index.php?rest_route=\/wp\/v2\/posts"}],"about":[{"href":"https:\/\/dekkbi.com\/index.php?rest_route=\/wp\/v2\/types\/post"}],"author":[{"embeddable":true,"href":"https:\/\/dekkbi.com\/index.php?rest_route=\/wp\/v2\/users\/1"}],"replies":[{"embeddable":true,"href":"https:\/\/dekkbi.com\/index.php?rest_route=%2Fwp%2Fv2%2Fcomments&post=6334"}],"version-history":[{"count":1,"href":"https:\/\/dekkbi.com\/index.php?rest_route=\/wp\/v2\/posts\/6334\/revisions"}],"predecessor-version":[{"id":6336,"href":"https:\/\/dekkbi.com\/index.php?rest_route=\/wp\/v2\/posts\/6334\/revisions\/6336"}],"wp:featuredmedia":[{"embeddable":true,"href":"https:\/\/dekkbi.com\/index.php?rest_route=\/wp\/v2\/media\/6335"}],"wp:attachment":[{"href":"https:\/\/dekkbi.com\/index.php?rest_route=%2Fwp%2Fv2%2Fmedia&parent=6334"}],"wp:term":[{"taxonomy":"category","embeddable":true,"href":"https:\/\/dekkbi.com\/index.php?rest_route=%2Fwp%2Fv2%2Fcategories&post=6334"},{"taxonomy":"post_tag","embeddable":true,"href":"https:\/\/dekkbi.com\/index.php?rest_route=%2Fwp%2Fv2%2Ftags&post=6334"}],"curies":[{"name":"wp","href":"https:\/\/api.w.org\/{rel}","templated":true}]}}