{"id":6319,"date":"2023-01-12T16:49:02","date_gmt":"2023-01-12T16:49:02","guid":{"rendered":"https:\/\/dekkbi.com\/?p=6319"},"modified":"2023-01-12T16:49:03","modified_gmt":"2023-01-12T16:49:03","slug":"cop28-le-pdg-de-la-compagnie-petroliere-nationale-emirienne-designe-president","status":"publish","type":"post","link":"https:\/\/dekkbi.com\/?p=6319","title":{"rendered":"COP28: le PDG de la compagnie p\u00e9troli\u00e8re nationale \u00e9mirienne d\u00e9sign\u00e9 pr\u00e9sident"},"content":{"rendered":"\n<p>Le PDG de la compagnie p\u00e9troli\u00e8re des \u00c9mirats arabes unis, pays h\u00f4te cette ann\u00e9e de la conf\u00e9rence de l&rsquo;ONU sur le climat, pr\u00e9sidera la COP28, promettant une approche \u00ab&nbsp;<em>pragmatique<\/em>&nbsp;\u00bb pour lutter contre le r\u00e9chauffement climatique.<\/p>\n\n\n\n<p>PUBLICIT\u00c9<\/p>\n\n\n\n<p>Le ministre \u00e9mirien de l&rsquo;Industrie, chef du g\u00e9ant p\u00e9trolier ADNOC et envoy\u00e9 sp\u00e9cial pour le changement climatique, Sultan Ahmed al-Jaber, est le \u00ab&nbsp;<em>pr\u00e9sident d\u00e9sign\u00e9 pour la 28e Conf\u00e9rence des Parties (COP28)&nbsp;<\/em>\u00bb, indique ce jeudi 12 janvier un communiqu\u00e9 de l&rsquo;agence de presse officielle WAM. \u00ab&nbsp;<em>Nous apporterons une approche pragmatique, r\u00e9aliste et ax\u00e9e sur les solutions<\/em>&nbsp;\u00bb, a d\u00e9clar\u00e9 Sultan Ahmed al-Jaber, cit\u00e9 dans le communiqu\u00e9.<\/p>\n\n\n\n<p>Premier PDG \u00e0 pr\u00e9sider une COP, Sultan al-Jaber dirige la compagnie p\u00e9troli\u00e8re nationale depuis 2016, mais aussi Masdar, l&rsquo;entreprise \u00e9mirienne\u00a0d&rsquo;\u00e9nergies renouvelables.<\/p>\n\n\n\n<h2 class=\"wp-block-heading\">Un pays loin d\u2019\u00eatre un bon \u00e9l\u00e8ve en mati\u00e8re de protection du climat<\/h2>\n\n\n\n<p>Les \u00c9mirats arabes unis font partie&nbsp;des cinq plus gros \u00e9metteurs de CO2 par habitant de la plan\u00e8te, juste apr\u00e8s le voisin qatarien. Si ce petit \u00c9tat tente de se d\u00e9faire de son image de gigantesque pollueur en affirmant, par exemple, viser la neutralit\u00e9 carbone pour 2050, il d\u00e9pend toujours en grande partie de la production de p\u00e9trole et de gaz.<\/p>\n\n\n\n<p>\u00ab<em>&nbsp;Les \u00e9nergies renouvelables se d\u00e9veloppent rapidement. Mais les gaz et le p\u00e9trole restent les plus grandes \u00e9nergies du mix \u00e9nerg\u00e9tique et le seront pendant des d\u00e9cennies. Le futur arrive, mais il n\u2019est pas encore l\u00e0. On doit progresser, avec pragmatisme. On ne peut pas tout simplement d\u00e9brancher le syst\u00e8me d\u2019aujourd\u2019hui<\/em>&nbsp;\u00bb,&nbsp;assurait-il en ouverture de la conf\u00e9rence p\u00e9troli\u00e8re annuelle Apidec en 2021.<\/p>\n\n\n\n<p><\/p>\n\n\n\n<p>\u00ab&nbsp;<em>L&rsquo;action climatique est une immense opportunit\u00e9 \u00e9conomique d&rsquo;investissement dans la croissance durable. Le financement est la cl\u00e9<\/em>&nbsp;\u00bb, a affirm\u00e9 ce 12 janvier Sultan Ahmed al-Jaber dans le communiqu\u00e9.<\/p>\n\n\n\n<p>La derni\u00e8re conf\u00e9rence mondiale sur le climat, organis\u00e9e en novembre en \u00c9gypte, a \u00e9t\u00e9 marqu\u00e9e par l&rsquo;adoption d&rsquo;une r\u00e9solution sur l&rsquo;indemnisation des pays les plus pauvres pour les d\u00e9g\u00e2ts caus\u00e9s par le changement climatique. Mais cette COP27 n&rsquo;a pas r\u00e9ussi \u00e0 faire progresser la r\u00e9duction des \u00e9missions de gaz \u00e0 effet de serre, pour maintenir l&rsquo;objectif de limiter le r\u00e9chauffement de la plan\u00e8te. La prochaine \u00e9dition se tiendra \u00e0 Duba\u00ef en novembre et d\u00e9cembre.<\/p>\n","protected":false},"excerpt":{"rendered":"<p>Le PDG de la compagnie p\u00e9troli\u00e8re des \u00c9mirats arabes unis, pays h\u00f4te cette ann\u00e9e de la conf\u00e9rence de l&rsquo;ONU sur<\/p>\n","protected":false},"author":1,"featured_media":6320,"comment_status":"open","ping_status":"open","sticky":false,"template":"","format":"standard","meta":{"footnotes":""},"categories":[3],"tags":[],"class_list":["post-6319","post","type-post","status-publish","format-standard","has-post-thumbnail","hentry","category-event-more-news"],"_links":{"self":[{"href":"https:\/\/dekkbi.com\/index.php?rest_route=\/wp\/v2\/posts\/6319","targetHints":{"allow":["GET"]}}],"collection":[{"href":"https:\/\/dekkbi.com\/index.php?rest_route=\/wp\/v2\/posts"}],"about":[{"href":"https:\/\/dekkbi.com\/index.php?rest_route=\/wp\/v2\/types\/post"}],"author":[{"embeddable":true,"href":"https:\/\/dekkbi.com\/index.php?rest_route=\/wp\/v2\/users\/1"}],"replies":[{"embeddable":true,"href":"https:\/\/dekkbi.com\/index.php?rest_route=%2Fwp%2Fv2%2Fcomments&post=6319"}],"version-history":[{"count":1,"href":"https:\/\/dekkbi.com\/index.php?rest_route=\/wp\/v2\/posts\/6319\/revisions"}],"predecessor-version":[{"id":6321,"href":"https:\/\/dekkbi.com\/index.php?rest_route=\/wp\/v2\/posts\/6319\/revisions\/6321"}],"wp:featuredmedia":[{"embeddable":true,"href":"https:\/\/dekkbi.com\/index.php?rest_route=\/wp\/v2\/media\/6320"}],"wp:attachment":[{"href":"https:\/\/dekkbi.com\/index.php?rest_route=%2Fwp%2Fv2%2Fmedia&parent=6319"}],"wp:term":[{"taxonomy":"category","embeddable":true,"href":"https:\/\/dekkbi.com\/index.php?rest_route=%2Fwp%2Fv2%2Fcategories&post=6319"},{"taxonomy":"post_tag","embeddable":true,"href":"https:\/\/dekkbi.com\/index.php?rest_route=%2Fwp%2Fv2%2Ftags&post=6319"}],"curies":[{"name":"wp","href":"https:\/\/api.w.org\/{rel}","templated":true}]}}