{"id":6316,"date":"2023-01-12T16:45:42","date_gmt":"2023-01-12T16:45:42","guid":{"rendered":"https:\/\/dekkbi.com\/?p=6316"},"modified":"2023-01-12T16:45:43","modified_gmt":"2023-01-12T16:45:43","slug":"petr-pavel-danuse-nerudova-andrej-babis-les-trois-favoris-de-la-presidentielle-tcheque","status":"publish","type":"post","link":"https:\/\/dekkbi.com\/?p=6316","title":{"rendered":"Petr Pavel, Danuse Nerudova, Andrej Babis, les trois favoris de la pr\u00e9sidentielle tch\u00e8que"},"content":{"rendered":"\n<p>Le premier tour de l&rsquo;\u00e9lection pr\u00e9sidentielle est organis\u00e9e vendredi et samedi prochains en R\u00e9publique tch\u00e8que o\u00f9 la campagne s&rsquo;est beaucoup focalis\u00e9e sur la personnalit\u00e9 du candidat milliardaire et ancien Premier ministre. Leader du premier parti d&rsquo;opposition&nbsp;et souvent qualifi\u00e9 de populiste, Andrej Babis est l&rsquo;un des favoris des sondages, m\u00eame si ces m\u00e9thodes et ces affaires ne sont gu\u00e8re appr\u00e9ci\u00e9es dans les grandes villes du pays, dont Prague.<\/p>\n\n\n\n<p><\/p>\n\n\n\n<p>\u00ab&nbsp;<em>M. Babis me g\u00eane \u00e0 cause de son pass\u00e9 et de son comportement&nbsp;<\/em>\u00bb, confie Natalie, enseignante de 32 ans, \u00e0&nbsp;<strong>Alexis Rosenzweig,&nbsp;<\/strong>le correspondant de RFI \u00e0 Prague<strong>.&nbsp;<\/strong>Son sentiment est aussi celui de nombreux \u00e9lecteurs tch\u00e8ques, en tout cas dans la capitale Prague, o\u00f9 l\u2019ancien Premier ministre milliardaire Andrej Babis est per\u00e7u par la majorit\u00e9 comme un affairiste et opportuniste.<\/p>\n\n\n\n<p>Blanchi cette semaine par la justice tch\u00e8que dans une affaire de fraude aux subventions europ\u00e9ennes, M. Babis vient d\u2019\u00eatre re\u00e7u mardi\u00a010\u00a0janvier \u00e0 l\u2019\u00c9lys\u00e9e par Emmanuel Macron, malgr\u00e9 une enqu\u00eate du Parquet national financier fran\u00e7ais concernant un montage financier opaque dans l\u2019achat d\u2019immobilier de luxe sur la C\u00f4te d\u2019Azur.<\/p>\n\n\n\n<p>Juste avant l\u2019ouverture des bureaux de vote ce vendredi, Andrej Babis a annonc\u00e9 l\u2019envoi \u00e0 tous les \u00e9lecteurs tch\u00e8ques d\u2019une lettre dans laquelle il leur propose un \u00ab<em>&nbsp;contrat<\/em>&nbsp;\u00bb qu\u2019il s\u2019engage \u00e0 respecter s\u2019il est \u00e9lu pr\u00e9sident.<\/p>\n\n\n\n<p>Face \u00e0 lui, l\u2019un des principaux favoris est le g\u00e9n\u00e9ral \u00e0 la retraite Petr Pavel. Dans un spot de campagne, l&rsquo;un des 53 militaires fran\u00e7ais que le g\u00e9n\u00e9ral tch\u00e8que a\u00a0contribu\u00e9\u00a0\u00e0 sauver en ex-Yougoslavie dans les ann\u00e9es 1990 prend la parole. Il intervient entre acteurs et autres personnalit\u00e9s du monde culturel tch\u00e8que pour lesquelles Petr Pavel est l\u2019homme de la situation \u00e0 l\u2019heure o\u00f9 la guerre fait de nouveau rage en Europe et tr\u00e8s pr\u00e8s des fronti\u00e8res du pays.\u00a0<\/p>\n\n\n\n<p>Autre candidate \u00e0 la pr\u00e9sidentielle tch\u00e8que, l&rsquo;\u00e9conomiste et universitaire Danuse Nerudova. Si elle \u00e9tait \u00e9lue, elle&nbsp;serait la premi\u00e8re femme pr\u00e9sidente du pays, et aussi la plus jeune chef d&rsquo;\u00c9tat tch\u00e8que de l&rsquo;histoire (44 ans).&nbsp;<\/p>\n\n\n\n<p>Le 8 janvier 2023, Josef Stredula&nbsp;soutenu par le parti social-d\u00e9mocrate tch\u00e8que, le CSSD,&nbsp;a renonc\u00e9 \u00e0 sa candidature \u00e0 la pr\u00e9sidence, et a exprim\u00e9 son soutien \u00e0 Danuse Nerudova qui n&rsquo;est pas affili\u00e9e \u00e0 un parti. Danuse&nbsp;Nerudova, pro-Occidentale, est&nbsp;particuli\u00e8rement populaire parmi les jeunes \u00e9lecteurs gr\u00e2ce \u00e0 ses opinions de principe sur les droits LGBT+ et la transition \u00e9nerg\u00e9tique verte.<\/p>\n","protected":false},"excerpt":{"rendered":"<p>Le premier tour de l&rsquo;\u00e9lection pr\u00e9sidentielle est organis\u00e9e vendredi et samedi prochains en R\u00e9publique tch\u00e8que o\u00f9 la campagne s&rsquo;est beaucoup<\/p>\n","protected":false},"author":1,"featured_media":6317,"comment_status":"open","ping_status":"open","sticky":false,"template":"","format":"standard","meta":{"footnotes":""},"categories":[51],"tags":[],"class_list":["post-6316","post","type-post","status-publish","format-standard","has-post-thumbnail","hentry","category-general"],"_links":{"self":[{"href":"https:\/\/dekkbi.com\/index.php?rest_route=\/wp\/v2\/posts\/6316","targetHints":{"allow":["GET"]}}],"collection":[{"href":"https:\/\/dekkbi.com\/index.php?rest_route=\/wp\/v2\/posts"}],"about":[{"href":"https:\/\/dekkbi.com\/index.php?rest_route=\/wp\/v2\/types\/post"}],"author":[{"embeddable":true,"href":"https:\/\/dekkbi.com\/index.php?rest_route=\/wp\/v2\/users\/1"}],"replies":[{"embeddable":true,"href":"https:\/\/dekkbi.com\/index.php?rest_route=%2Fwp%2Fv2%2Fcomments&post=6316"}],"version-history":[{"count":1,"href":"https:\/\/dekkbi.com\/index.php?rest_route=\/wp\/v2\/posts\/6316\/revisions"}],"predecessor-version":[{"id":6318,"href":"https:\/\/dekkbi.com\/index.php?rest_route=\/wp\/v2\/posts\/6316\/revisions\/6318"}],"wp:featuredmedia":[{"embeddable":true,"href":"https:\/\/dekkbi.com\/index.php?rest_route=\/wp\/v2\/media\/6317"}],"wp:attachment":[{"href":"https:\/\/dekkbi.com\/index.php?rest_route=%2Fwp%2Fv2%2Fmedia&parent=6316"}],"wp:term":[{"taxonomy":"category","embeddable":true,"href":"https:\/\/dekkbi.com\/index.php?rest_route=%2Fwp%2Fv2%2Fcategories&post=6316"},{"taxonomy":"post_tag","embeddable":true,"href":"https:\/\/dekkbi.com\/index.php?rest_route=%2Fwp%2Fv2%2Ftags&post=6316"}],"curies":[{"name":"wp","href":"https:\/\/api.w.org\/{rel}","templated":true}]}}