{"id":6298,"date":"2023-01-12T16:25:37","date_gmt":"2023-01-12T16:25:37","guid":{"rendered":"https:\/\/dekkbi.com\/?p=6298"},"modified":"2023-01-12T16:25:38","modified_gmt":"2023-01-12T16:25:38","slug":"cartographie-des-zones-et-sites-touristiques-macky-presse-le-gouvernement","status":"publish","type":"post","link":"https:\/\/dekkbi.com\/?p=6298","title":{"rendered":"Cartographie des zones et sites touristiques : Macky presse le gouvernement"},"content":{"rendered":"\n<p>En r\u00e9union de Conseil des ministres hier, le Pr\u00e9sident Macky Sall a demand\u00e9 au Premier ministre et aux ministres en charge des Finances et du budget, des Collec\u00adti\u00advit\u00e9s territoriales et du Tourisme, en relation avec l\u2019Agence na\u00adtionale de l\u2019am\u00e9nagement du territoire (Anat) et le Cadastre, de finaliser, avant fin mars 2023, la cartographie pr\u00e9cise des zones et sites touristiques. A cet effet, souligne le communiqu\u00e9 du conseil, \u00able chef de l\u2019Etat a demand\u00e9 au gouvernement de s\u00e9curiser, \u00e0 travers des plans d\u2019urbanisme approuv\u00e9s, le p\u00e9rim\u00e8tre d\u2019intervention et les titres de la Soci\u00e9t\u00e9 d\u2019am\u00e9nagement et de promotion des c\u00f4tes et zones touristiques du S\u00e9\u00adn\u00e9gal (Sapco) dans les communes concern\u00e9es, int\u00e9grant les sites class\u00e9s (for\u00eats, aires marines prot\u00e9g\u00e9es) plac\u00e9s sous la surveillance des services du minist\u00e8re de l\u2019Envi\u00adronnement, du d\u00e9veloppement durable et de la transition \u00e9cologique\u00bb. Le Pr\u00e9\u00adsident Sall a \u00e9galement insist\u00e9 sur \u00abla modernisation et la s\u00e9curisation des march\u00e9s et espaces commerciaux\u00bb. Il a ainsi demand\u00e9 \u00e0 Amadou Ba \u00abde faire prendre toutes les dispositions requises en vue d\u2019acc\u00e9l\u00e9rer la mise en \u0153uvre du Programme de modernisation et de gestion des march\u00e9s (Promogem) dans les localit\u00e9s et sites prioritaires cibl\u00e9s (march\u00e9s Ndoumb\u00e9 Diop de Diourbel, Til\u00e8ne de Zi\u00adguinchor, Sandikat de Pikine, Tam\u00adbacounda et Kaolack\u2026). Par ailleurs, rapporte Abdou Karim Fofana, porte-parole du gouvernement, \u00able pr\u00e9sident de la R\u00e9publique a demand\u00e9 au ministre de l\u2019Int\u00e9rieur de veiller \u00e0 la fonctionnalit\u00e9 et \u00e0 la mise aux normes des dispositifs de protection civile dans les march\u00e9s et espaces commerciaux\u00bb.<\/p>\n","protected":false},"excerpt":{"rendered":"<p>En r\u00e9union de Conseil des ministres hier, le Pr\u00e9sident Macky Sall a demand\u00e9 au Premier ministre et aux ministres en<\/p>\n","protected":false},"author":1,"featured_media":5998,"comment_status":"open","ping_status":"open","sticky":false,"template":"","format":"standard","meta":{"footnotes":""},"categories":[6],"tags":[],"class_list":["post-6298","post","type-post","status-publish","format-standard","has-post-thumbnail","hentry","category-politics"],"_links":{"self":[{"href":"https:\/\/dekkbi.com\/index.php?rest_route=\/wp\/v2\/posts\/6298","targetHints":{"allow":["GET"]}}],"collection":[{"href":"https:\/\/dekkbi.com\/index.php?rest_route=\/wp\/v2\/posts"}],"about":[{"href":"https:\/\/dekkbi.com\/index.php?rest_route=\/wp\/v2\/types\/post"}],"author":[{"embeddable":true,"href":"https:\/\/dekkbi.com\/index.php?rest_route=\/wp\/v2\/users\/1"}],"replies":[{"embeddable":true,"href":"https:\/\/dekkbi.com\/index.php?rest_route=%2Fwp%2Fv2%2Fcomments&post=6298"}],"version-history":[{"count":1,"href":"https:\/\/dekkbi.com\/index.php?rest_route=\/wp\/v2\/posts\/6298\/revisions"}],"predecessor-version":[{"id":6299,"href":"https:\/\/dekkbi.com\/index.php?rest_route=\/wp\/v2\/posts\/6298\/revisions\/6299"}],"wp:featuredmedia":[{"embeddable":true,"href":"https:\/\/dekkbi.com\/index.php?rest_route=\/wp\/v2\/media\/5998"}],"wp:attachment":[{"href":"https:\/\/dekkbi.com\/index.php?rest_route=%2Fwp%2Fv2%2Fmedia&parent=6298"}],"wp:term":[{"taxonomy":"category","embeddable":true,"href":"https:\/\/dekkbi.com\/index.php?rest_route=%2Fwp%2Fv2%2Fcategories&post=6298"},{"taxonomy":"post_tag","embeddable":true,"href":"https:\/\/dekkbi.com\/index.php?rest_route=%2Fwp%2Fv2%2Ftags&post=6298"}],"curies":[{"name":"wp","href":"https:\/\/api.w.org\/{rel}","templated":true}]}}