{"id":6281,"date":"2023-01-12T10:20:22","date_gmt":"2023-01-12T10:20:22","guid":{"rendered":"https:\/\/dekkbi.com\/?p=6281"},"modified":"2023-01-12T10:20:23","modified_gmt":"2023-01-12T10:20:23","slug":"drame-de-sikilo-le-bilan-sest-encore-alourdi","status":"publish","type":"post","link":"https:\/\/dekkbi.com\/?p=6281","title":{"rendered":"Drame de Sikilo : Le bilan s&rsquo;est encore alourdi"},"content":{"rendered":"\n<p>Nouveau d\u00e9c\u00e8s dans l\u2019accident qui s\u2019est produit dimanche sur la route de Kaffrine. Le bilan est pass\u00e9 \u00e0 41 morts, renseigne le porte-parole du gouvernement, Abdou Karim Fofana.<\/p>\n\n\n\n<p>\u00ab\u00a0\u00c0 la suite de l&rsquo;accident de Sikilo survenu le dimanche 08 janvier 2023, un nouveau d\u00e9c\u00e8s a \u00e9t\u00e9 enregistr\u00e9, ce mercredi 11 janvier 2023, portant le nombre de personnes ayant perdu la vie \u00e0 quarante et un (41)\u00a0\u00bb, renseigne Abdou Karim Fofana, porte-parole du gouvernement.<br><br>\u00ab\u00a0Les bless\u00e9s suivis par l&rsquo;\u00e9quipe m\u00e9dicale constitu\u00e9e \u00e0 cet effet, sont d\u00e9sormais au nombre de quatre-vingt-dix-neuf (99). Le comit\u00e9 mis en place dans les heures qui ont suivi l&rsquo;accident continue de prendre les dispositions n\u00e9cessaires \u00e0 l&rsquo;accompagnement des familles des personnes d\u00e9c\u00e9d\u00e9es et \u00e0 la prise en charge des bless\u00e9s\u00a0\u00bb, informe le porte-parole du gouvernement dans un communiqu\u00e9 de presse.<\/p>\n","protected":false},"excerpt":{"rendered":"<p>Nouveau d\u00e9c\u00e8s dans l\u2019accident qui s\u2019est produit dimanche sur la route de Kaffrine. Le bilan est pass\u00e9 \u00e0 41 morts,<\/p>\n","protected":false},"author":1,"featured_media":6179,"comment_status":"open","ping_status":"open","sticky":false,"template":"","format":"standard","meta":{"footnotes":""},"categories":[26],"tags":[],"class_list":["post-6281","post","type-post","status-publish","format-standard","has-post-thumbnail","hentry","category-fait-divers"],"_links":{"self":[{"href":"https:\/\/dekkbi.com\/index.php?rest_route=\/wp\/v2\/posts\/6281","targetHints":{"allow":["GET"]}}],"collection":[{"href":"https:\/\/dekkbi.com\/index.php?rest_route=\/wp\/v2\/posts"}],"about":[{"href":"https:\/\/dekkbi.com\/index.php?rest_route=\/wp\/v2\/types\/post"}],"author":[{"embeddable":true,"href":"https:\/\/dekkbi.com\/index.php?rest_route=\/wp\/v2\/users\/1"}],"replies":[{"embeddable":true,"href":"https:\/\/dekkbi.com\/index.php?rest_route=%2Fwp%2Fv2%2Fcomments&post=6281"}],"version-history":[{"count":1,"href":"https:\/\/dekkbi.com\/index.php?rest_route=\/wp\/v2\/posts\/6281\/revisions"}],"predecessor-version":[{"id":6282,"href":"https:\/\/dekkbi.com\/index.php?rest_route=\/wp\/v2\/posts\/6281\/revisions\/6282"}],"wp:featuredmedia":[{"embeddable":true,"href":"https:\/\/dekkbi.com\/index.php?rest_route=\/wp\/v2\/media\/6179"}],"wp:attachment":[{"href":"https:\/\/dekkbi.com\/index.php?rest_route=%2Fwp%2Fv2%2Fmedia&parent=6281"}],"wp:term":[{"taxonomy":"category","embeddable":true,"href":"https:\/\/dekkbi.com\/index.php?rest_route=%2Fwp%2Fv2%2Fcategories&post=6281"},{"taxonomy":"post_tag","embeddable":true,"href":"https:\/\/dekkbi.com\/index.php?rest_route=%2Fwp%2Fv2%2Ftags&post=6281"}],"curies":[{"name":"wp","href":"https:\/\/api.w.org\/{rel}","templated":true}]}}