{"id":6275,"date":"2023-01-12T10:06:38","date_gmt":"2023-01-12T10:06:38","guid":{"rendered":"https:\/\/dekkbi.com\/?p=6275"},"modified":"2023-01-12T10:06:40","modified_gmt":"2023-01-12T10:06:40","slug":"presidentielle-ambitions-de-reconquete-du-pouvoir-des-socialistes-pour-des-surprises-en-2024","status":"publish","type":"post","link":"https:\/\/dekkbi.com\/?p=6275","title":{"rendered":"Pr\u00e9sidentielle \u2013 Ambitions de reconqu\u00eate du pouvoir : Des Socialistes pour des Surprises en 2024"},"content":{"rendered":"\n<p><\/p>\n\n\n\n<p><strong>S\u2019exprimant en marge des lignes antagonistes de Aminata Mbengue Ndiaye et de Khalifa Ababacar Sall, des militants du Parti socialiste ont lanc\u00e9 le week-end dernier \u00e0 Thi\u00e8s, un mouvement d\u00e9nomm\u00e9 \u00abSurprises\u00bb, et qui ne cache pas son ambition de conqu\u00e9rir le pouvoir en 2024.<\/strong><\/p>\n\n\n\n<p><strong>Par Cheikh CAMARA \u2013<\/strong>&nbsp;Des cadres, responsables et militants du Parti socialiste de tous horizons, tous membres et sympathisants du Mouvement \u00abSurprises\u00bb (Socialistes unis pour la reconqu\u00eate du pouvoir en vue de la restauration de l\u2019id\u00e9al socio-d\u00e9mocratique et des \u00e9quilibres au S\u00e9n\u00e9gal), se sont retrouv\u00e9s le samedi 7 janvier 2023, dans la Cit\u00e9 du Rail, pour prendre part \u00e0 la c\u00e9r\u00e9monie de d\u00e9claration de candidature de leur leader, Mor Faye, \u00e0 la prochaine Pr\u00e9sidentielle de 2024.<\/p>\n\n\n\n<p>Une ann\u00e9e que ce mouvement, compos\u00e9 de cadres du Parti socialiste \u00e9tablis au S\u00e9n\u00e9gal et dans la diaspora, d\u00e9nomme celle de \u00abla reconqu\u00eate du pouvoir\u00bb.<br>Cette prise de position, qui va \u00e0 contre-courant de celle du Parti socialiste arrim\u00e9 aux flancs de la mouvance pr\u00e9sidentielle, le candidat Mor Faye l\u2019explique par le constat fait que cet ancrage \u00e0 la Coalition Benno bokk yaakaar n\u2019a eu comme effet que de r\u00e9duire le Parti socialiste \u00e0 sa plus simple expression.<br>\u00abNotre parti, jadis le premier au S\u00e9n\u00e9gal, est devenu m\u00e9connaissable et ses couleurs ont disparu sur l\u2019\u00e9chiquier politique national depuis plus d\u2019une d\u00e9cennie.&nbsp;Ce parti, que nous avons h\u00e9rit\u00e9 de nos illustres pr\u00e9d\u00e9cesseurs, ne m\u00e9rite pas son sort actuel, ne serait-ce que pour honorer la m\u00e9moire de ces derniers. Aujourd\u2019hui, nous d\u00e9marrons officiellement notre marche vers le Palais, avec comme slogan&nbsp;: 12 mois chronos&nbsp;sans rel\u00e2che.\u00bb Une fa\u00e7on d\u2019indiquer aux uns et aux autres leur ferme volont\u00e9 de prendre en main le destin des Socialistes qui ont encore \u00e0 c\u0153ur la reconqu\u00eate du pouvoir.<\/p>\n\n\n\n<p>Des socialistes authentiques qui avaient, tout juste apr\u00e8s l\u2019alternance, en 2000, accompagn\u00e9 le pr\u00e9sident Ousmane Tanor Dieng. Des jeunes \u00e0 qui, souligne Mor Faye, \u00abon a vendu \u00abLa Reconqu\u00eate du pouvoir\u00bb, tout juste apr\u00e8s l\u2019alternance.<br>Qui croient \u00e0 une seule id\u00e9ologie, le socialisme, et qui, alors que le Ps venait de perdre le pouvoir, avaient plus que jamais cru \u00e0 la Reconqu\u00eate du pouvoir\u00bb. A ce moment, ils \u00e9taient des \u00e9tudiants et sont, aujourd\u2019hui, 20 ans apr\u00e8s, devenus de tr\u00e8s hauts cadres, \u00e0 qui on a vendu le slogan \u00abReconqu\u00eate\u00bb et qui sont rest\u00e9s socialistes. Ils remarquent qu\u2019\u00abau moment o\u00f9 des jeunes de notre g\u00e9n\u00e9ration se battent pour la direction du pays, nous, on nous demande de suivre quelqu\u2019un qui n\u2019a m\u00eame pas un parti\u00bb. Il note qu\u2019\u00abau moment o\u00f9 Ousmane Tanor Dieng, avant son rappel \u00e0 Dieu, faisait appel \u00e0 \u00abl\u2019unit\u00e9 des Socialistes\u00bb, au moment o\u00f9 ce dernier nous avait vendu la \u00abReconqu\u00eate\u00bb, les jeunes avec qui il se trouvait sur le champ de bataille sont aujourd\u2019hui l\u00e0, devenus tous des responsables, des p\u00e8res de famille. 20 ans apr\u00e8s, ils portent \u00e0 pr\u00e9sent l\u2019\u00e2ge qu\u2019avaient Ousmane Tanor Dieng, Khalifa Sall, Serigne Mbaye Thiam, Aminata Mbengue Ndiaye, A\u00efssata Tall Sall, entre autres\u00bb.<\/p>\n\n\n\n<p>Les responsables du mouvement Surprises se demandent alors&nbsp;: \u00abQu\u2019est-ce qui fait qu\u2019aujourd\u2019hui ils veulent renoncer \u00e0 la Reconqu\u00eate, pour que le Parti socialit\u00e9 puisse soutenir le Pr\u00e9sident Macky Sall, que Khalifa Sall puisse \u00eatre un porteur de micro au sein de l\u2019opposition&nbsp;?\u00bb, alors que, poursuivent-ils, \u00abnous, les jeunes qu\u2019ils ont form\u00e9s eux-m\u00eames, nous sommes l\u00e0, vivants\u00bb.<\/p>\n\n\n\n<p>Les amis de Mor Faye soulignent&nbsp;: \u00abS\u2019ils renoncent maintenant \u00e0 avancer, pour nous, la meilleure des choses, ce n\u2019est pas d\u2019abandonner, mais de profiter de ce produit qu\u2019ils ont d\u00e9j\u00e0 form\u00e9 et format\u00e9, pour maintenant concr\u00e9tiser leur r\u00eave de Reconqu\u00eate.\u00bb<\/p>\n\n\n\n<p>Pour Mor Faye, \u00abau moment o\u00f9 maintenant ils ne peuvent plus partir, nous avons pris nos responsabilit\u00e9s en main, en tant que Socialistes, pour r\u00e9unir tous les Socialistes, en particulier toute la Gauche, pour venir sauver le pays, parce que ce r\u00e9gime en place se veut lib\u00e9ral, et&nbsp;on ne doit pas oublier que le Pr\u00e9sident Abdoulaye Wade avait d\u00e9clar\u00e9, sous son magist\u00e8re, vouloir rester au pouvoir pendant 50 ans au minimum.\u00bb<\/p>\n\n\n\n<p>Il n\u2019h\u00e9sitera pas \u00e0 d\u00e9duire qu\u2019\u00aben 2024, Abdoulaye Wade plus Macky Sall, ce sont d\u00e9j\u00e0 24 ans de pouvoir. Et \u00e7a risque de continuer\u00bb.<\/p>\n\n\n\n<p>Selon lui, \u00abm\u00eame si cela doit avoir lieu, que \u00e7a ne soit quand m\u00eame pas avec l\u2019aide assidue des Socialistes\u00bb. En tout \u00e9tat de cause, le mouvement Surprises se veut cat\u00e9gorique\u00a0: \u00abLe Parti socialiste ne doit pas dispara\u00eetre de l\u2019\u00e9chiquier politique national, pour que les pr\u00e9sidents L\u00e9opold S\u00e9dar Senghor, Abdou Diouf, Ousmane Tanor Dieng soient fiers de leur h\u00e9ritage.\u00bb<\/p>\n\n\n\n<p><br><strong>Correspondant<\/strong> &#8211; LEQUOTIDIEN<\/p>\n","protected":false},"excerpt":{"rendered":"<p>S\u2019exprimant en marge des lignes antagonistes de Aminata Mbengue Ndiaye et de Khalifa Ababacar Sall, des militants du Parti socialiste<\/p>\n","protected":false},"author":1,"featured_media":5485,"comment_status":"open","ping_status":"open","sticky":false,"template":"","format":"standard","meta":{"footnotes":""},"categories":[6],"tags":[],"class_list":["post-6275","post","type-post","status-publish","format-standard","has-post-thumbnail","hentry","category-politics"],"_links":{"self":[{"href":"https:\/\/dekkbi.com\/index.php?rest_route=\/wp\/v2\/posts\/6275","targetHints":{"allow":["GET"]}}],"collection":[{"href":"https:\/\/dekkbi.com\/index.php?rest_route=\/wp\/v2\/posts"}],"about":[{"href":"https:\/\/dekkbi.com\/index.php?rest_route=\/wp\/v2\/types\/post"}],"author":[{"embeddable":true,"href":"https:\/\/dekkbi.com\/index.php?rest_route=\/wp\/v2\/users\/1"}],"replies":[{"embeddable":true,"href":"https:\/\/dekkbi.com\/index.php?rest_route=%2Fwp%2Fv2%2Fcomments&post=6275"}],"version-history":[{"count":1,"href":"https:\/\/dekkbi.com\/index.php?rest_route=\/wp\/v2\/posts\/6275\/revisions"}],"predecessor-version":[{"id":6276,"href":"https:\/\/dekkbi.com\/index.php?rest_route=\/wp\/v2\/posts\/6275\/revisions\/6276"}],"wp:featuredmedia":[{"embeddable":true,"href":"https:\/\/dekkbi.com\/index.php?rest_route=\/wp\/v2\/media\/5485"}],"wp:attachment":[{"href":"https:\/\/dekkbi.com\/index.php?rest_route=%2Fwp%2Fv2%2Fmedia&parent=6275"}],"wp:term":[{"taxonomy":"category","embeddable":true,"href":"https:\/\/dekkbi.com\/index.php?rest_route=%2Fwp%2Fv2%2Fcategories&post=6275"},{"taxonomy":"post_tag","embeddable":true,"href":"https:\/\/dekkbi.com\/index.php?rest_route=%2Fwp%2Fv2%2Ftags&post=6275"}],"curies":[{"name":"wp","href":"https:\/\/api.w.org\/{rel}","templated":true}]}}