{"id":6252,"date":"2023-01-11T13:43:39","date_gmt":"2023-01-11T13:43:39","guid":{"rendered":"https:\/\/dekkbi.com\/?p=6252"},"modified":"2023-01-11T13:44:52","modified_gmt":"2023-01-11T13:44:52","slug":"rencontre-avec-les-partenaires-techniques-et-financiers-amadou-ba-promet-la-lumiere-et-assure-un-gouvernement-transparent-et-emergent","status":"publish","type":"post","link":"https:\/\/dekkbi.com\/?p=6252","title":{"rendered":"Rencontre avec les partenaires techniques et financiers : Amadou Ba promet la lumi\u00e8re et assure un gouvernement transparent et \u00e9mergent."},"content":{"rendered":"\n<figure class=\"wp-block-embed is-type-rich is-provider-prise-en-charge-des-contenus-embarques wp-block-embed-prise-en-charge-des-contenus-embarques wp-embed-aspect-16-9 wp-has-aspect-ratio\"><div class=\"wp-block-embed__wrapper\">\n<iframe loading=\"lazy\" title=\"Rencontre avec les partenaires techniques et financiers : Amadou Ba promet la lumi\u00e8re et assure...\" width=\"800\" height=\"450\" src=\"https:\/\/www.youtube.com\/embed\/11KNs-NrGm8?feature=oembed\" frameborder=\"0\" allow=\"accelerometer; autoplay; clipboard-write; encrypted-media; gyroscope; picture-in-picture; web-share\" allowfullscreen><\/iframe>\n<\/div><\/figure>\n\n\n\n<p><\/p>\n\n\n\n<p>Dans le cadre de ses prises de contact avec les Partenaires Techniques et Financiers du Gouvernement du S\u00e9n\u00e9gal, le Premier ministre a rencontr\u00e9 ce mardi 10 janvier 2023, les membres du G50, dans la salle de conf\u00e9rence du Minist\u00e8re des Affaires \u00c9trang\u00e8res et des S\u00e9n\u00e9galais de l\u2019Ext\u00e9rieur, pour \u00e9changer avec eux sur les projections \u00e9conomiques pour le S\u00e9n\u00e9gal, cette ann\u00e9e, d\u00e9coulant de la vision du Pr\u00e9sident de la R\u00e9publique Macky Sall.<\/p>\n\n\n\n<p>En effet, le PSE a permis de renforcer le cadre macro\u00e9conomique et de r\u00e9aliser des performances solides en terme de croissance et de r\u00e9silience durant les p\u00e9riodes de crise.<\/p>\n\n\n\n<p>En outre, il annonce que le Gouvernement va initier une r\u00e9forme en profondeur de notre syst\u00e8me fiscal. De larges concertations seront ouvertes, dans une d\u00e9marche inclusive.<\/p>\n\n\n\n<p>Pour lui, la Covid-19 n\u2019a eu que des aspects n\u00e9gatifs. Elle a r\u00e9v\u00e9l\u00e9 en effet la fragilit\u00e9 des \u00c9tats \u00e0 travers le monde comme elle a \u00e9clair\u00e9 sur les d\u00e9ficiences et certains dysfonctionnements de notre administration. Il faut se r\u00e9jouir que notre pays dispose d\u2019institutions fortes, comp\u00e9tentes et cr\u00e9dibles qui sont en mesure de diagnostiquer nos maux et de proposer des solutions pertinentes pour restaurer l\u2019harmonie dans l\u2019int\u00e9r\u00eat des populations, a-t-il dit.<\/p>\n\n\n\n<p>Le pr\u00e9sident du G 50, Siaka Coulibaly confirme que le d\u00e9bat autour du rapport de la Cour des Comptes leur a enseign\u00e9 qu\u2019il y a dans notre pays un besoin d\u2019information et de p\u00e9dagogie sur les politiques publiques et les institutions qui les mettent en \u0153uvre. Mais aussi qu\u2019il y a une grande sensibilit\u00e9 des citoyens \u00e0 la qualit\u00e9 des services publics et \u00e0 son \u00e9volution.<\/p>\n\n\n\n<p>Il a termin\u00e9 par les recommandations de la Cour des Comptes qui font actuellement l\u2019objet d\u2019\u00e9tude par les d\u00e9partements sectoriels concern\u00e9s sur la base des trois orientations majeures qui concernent respectivement les r\u00e9formes juridiques et institutionnelles \u00e0 initier, les bonnes pratiques \u00e0 promouvoir et la mise en jeu de la responsabilit\u00e9 des gestionnaires&#8230;<\/p>\n\n\n\n<p>Autres articles<\/p>\n","protected":false},"excerpt":{"rendered":"<p>Dans le cadre de ses prises de contact avec les Partenaires Techniques et Financiers du Gouvernement du S\u00e9n\u00e9gal, le Premier<\/p>\n","protected":false},"author":1,"featured_media":6254,"comment_status":"open","ping_status":"open","sticky":false,"template":"","format":"standard","meta":{"footnotes":""},"categories":[3],"tags":[],"class_list":["post-6252","post","type-post","status-publish","format-standard","has-post-thumbnail","hentry","category-event-more-news"],"_links":{"self":[{"href":"https:\/\/dekkbi.com\/index.php?rest_route=\/wp\/v2\/posts\/6252","targetHints":{"allow":["GET"]}}],"collection":[{"href":"https:\/\/dekkbi.com\/index.php?rest_route=\/wp\/v2\/posts"}],"about":[{"href":"https:\/\/dekkbi.com\/index.php?rest_route=\/wp\/v2\/types\/post"}],"author":[{"embeddable":true,"href":"https:\/\/dekkbi.com\/index.php?rest_route=\/wp\/v2\/users\/1"}],"replies":[{"embeddable":true,"href":"https:\/\/dekkbi.com\/index.php?rest_route=%2Fwp%2Fv2%2Fcomments&post=6252"}],"version-history":[{"count":2,"href":"https:\/\/dekkbi.com\/index.php?rest_route=\/wp\/v2\/posts\/6252\/revisions"}],"predecessor-version":[{"id":6257,"href":"https:\/\/dekkbi.com\/index.php?rest_route=\/wp\/v2\/posts\/6252\/revisions\/6257"}],"wp:featuredmedia":[{"embeddable":true,"href":"https:\/\/dekkbi.com\/index.php?rest_route=\/wp\/v2\/media\/6254"}],"wp:attachment":[{"href":"https:\/\/dekkbi.com\/index.php?rest_route=%2Fwp%2Fv2%2Fmedia&parent=6252"}],"wp:term":[{"taxonomy":"category","embeddable":true,"href":"https:\/\/dekkbi.com\/index.php?rest_route=%2Fwp%2Fv2%2Fcategories&post=6252"},{"taxonomy":"post_tag","embeddable":true,"href":"https:\/\/dekkbi.com\/index.php?rest_route=%2Fwp%2Fv2%2Ftags&post=6252"}],"curies":[{"name":"wp","href":"https:\/\/api.w.org\/{rel}","templated":true}]}}