{"id":6242,"date":"2023-01-11T13:18:39","date_gmt":"2023-01-11T13:18:39","guid":{"rendered":"https:\/\/dekkbi.com\/?p=6242"},"modified":"2023-01-11T13:18:40","modified_gmt":"2023-01-11T13:18:40","slug":"lue-appelle-le-patron-de-tiktok-a-respecter-ses-nouvelles-regles","status":"publish","type":"post","link":"https:\/\/dekkbi.com\/?p=6242","title":{"rendered":"L&rsquo;UE appelle le patron de TikTok \u00e0 respecter ses nouvelles r\u00e8gles"},"content":{"rendered":"\n<p><a href=\"https:\/\/www.addthis.com\/bookmark.php?v=300\"><\/a><a href=\"https:\/\/www.addthis.com\/bookmark.php?v=300\"><\/a><a rel=\"noreferrer noopener\" href=\"https:\/\/www.addthis.com\/bookmark.php?v=300\" target=\"_blank\"><\/a><a rel=\"noreferrer noopener\" href=\"https:\/\/www.addthis.com\/bookmark.php?v=300\" target=\"_blank\"><\/a>\u00ab\u00a0La transparence sera cruciale\u00a0\u00bb: plusieurs hauts responsables europ\u00e9ens ont appel\u00e9 mardi le PDG du r\u00e9seau social chinois TikTok, tr\u00e8s critiqu\u00e9 aux Etats-Unis, \u00e0 respecter \u00ab\u00a0enti\u00e8rement\u00a0\u00bb les r\u00e8gles de l&rsquo;UE, notamment concernant la protection des donn\u00e9es et la lutte contre la d\u00e9sinformation.<\/p>\n\n\n\n<p>Shou Zi Chew a rencontr\u00e9 \u00e0 Bruxelles, \u00e0 sa demande, la commissaire \u00e0 la Concurrence, Margrethe Vestager, ainsi que ses coll\u00e8gues Vera Jourova, charg\u00e9e des valeurs et de la transparence, et Didier Reynders, commissaire \u00e0 la Justice.<\/p>\n\n\n\n<p>Au menu des discussions avec M. Chew: \u00ab\u00a0la protection des donn\u00e9es personnelles, la s\u00e9curit\u00e9 des mineurs, la transparence sur les contenus politiques r\u00e9mun\u00e9r\u00e9s, et la diffusion sur TikTok de la d\u00e9sinformation russe\u00a0\u00bb, a indiqu\u00e9 Vera Jourova, appelant l&rsquo;entreprise \u00e0 \u00ab\u00a0faire un effort suppl\u00e9mentaire (&#8230;) pour regagner la confiance des r\u00e9gulateurs europ\u00e9ens\u00a0\u00bb.<\/p>\n\n\n\n<p>\u00ab\u00a0Il ne peut y avoir aucun doute sur la s\u00e9curit\u00e9 des donn\u00e9es des utilisateurs europ\u00e9ens, le fait qu&rsquo;elles ne soient pas expos\u00e9es \u00e0 un acc\u00e8s ill\u00e9gal d&rsquo;autorit\u00e9s de pays tiers\u00a0\u00bb, a-t-elle ajout\u00e9.<\/p>\n\n\n\n<p>Soucieux d&rsquo;apporter des gages, Shou Zi Chew a assur\u00e9 que TikTok travaillait \u00e0 \u00ab\u00a0renforcer la s\u00e9curit\u00e9 des donn\u00e9es d&rsquo;usagers en Europe, notamment en \u00e9tablissant en Irlande un centre de donn\u00e9es pour ses activit\u00e9s europ\u00e9ennes\u00a0\u00bb, a indiqu\u00e9 sur Twitter un vice-pr\u00e9sident du groupe, Theo Bertram.<\/p>\n\n\n\n<p>TikTok, dont la soci\u00e9t\u00e9 m\u00e8re ByteDance est chinoise, est critiqu\u00e9 pour l&rsquo;addiction qu&rsquo;il suscite chez enfants et adolescents. Aux Etats-Unis, une loi interdit son utilisation sur les appareils des fonctionnaires, des \u00e9lus l&rsquo;accusant d&rsquo;\u00eatre un outil d&rsquo;espionnage et de propagande au service de la Chine, sur fond de tensions entre P\u00e9kin et Washington.<\/p>\n\n\n\n<p>ByteDance fait aussi l&rsquo;objet d&rsquo;une enqu\u00eate de l&rsquo;autorit\u00e9 irlandaise de protection de la vie priv\u00e9e, qui soup\u00e7onne l&rsquo;entreprise d&rsquo;enfreindre la l\u00e9gislation europ\u00e9enne sur la protection des donn\u00e9es (RGPD) en mati\u00e8re de traitement des donn\u00e9es personnelles des enfants et de transferts de donn\u00e9es vers la Chine.<\/p>\n\n\n\n<p>\u00ab\u00a0J&rsquo;ai insist\u00e9 sur l&rsquo;importance de se conformer pleinement au RGPD et de coop\u00e9rer\u00a0\u00bb avec le r\u00e9gulateur irlandais, a indiqu\u00e9 Didier Reynders apr\u00e8s la rencontre.<\/p>\n\n\n\n<p>ByteDance avait d\u00fb admettre le mois dernier que des employ\u00e9s avaient acc\u00e9d\u00e9 de mani\u00e8re inappropri\u00e9e \u00e0 des donn\u00e9es d&rsquo;utilisateurs de TikTok pour suivre des journalistes afin d&rsquo;identifier l&rsquo;origine de fuites dans les m\u00e9dias.<\/p>\n\n\n\n<p>Selon le cabinet de Mme Jourova, Shou Zi Chew a reconnu mardi \u00ab\u00a0une erreur\u00a0\u00bb, assurant que \u00ab\u00a0les employ\u00e9s responsables ne travaillaient plus pour le groupe\u00a0\u00bb.<\/p>\n\n\n\n<p>&#8211; \u00ab\u00a0Appliquer l&rsquo;int\u00e9gralit\u00e9 de nos r\u00e8gles\u00a0\u00bb &#8211;<\/p>\n\n\n\n<p><a><\/a><a href=\"https:\/\/information.tv5monde.com\/info\/l-ue-appelle-le-patron-de-tiktok-respecter-ses-nouvelles-regles-484596#photo1\"><\/a><a href=\"https:\/\/information.tv5monde.com\/video\/jpg\/f13a95f4-9b67-47eb-86d2-01d1f57b6d0c.jpg\"><\/a><a href=\"https:\/\/information.tv5monde.com\/video\/qt-hi\/f13a95f4-9b67-47eb-86d2-01d1f57b6d0c.640x360.mp4\"><\/a>Visant \u00e0 endiguer la d\u00e9sinformation et les discours haineux, une loi europ\u00e9enne sur les services num\u00e9riques (DSA), entr\u00e9e en vigueur en novembre, contraindra d\u00e8s mi-2023 les plus grandes plateformes en ligne \u00e0 se faire auditer par des organismes ind\u00e9pendants, \u00e0 \u00e9valuer les risques li\u00e9s \u00e0 leur utilisation et \u00e0 adopter des mesures pour les att\u00e9nuer.<\/p>\n\n\n\n<p>\u00ab\u00a0Nous y pr\u00e9parer est une priorit\u00e9 pour nous\u00a0\u00bb, a insist\u00e9 Theo Bertram, indiquant que les discussions de mardi \u00ab\u00a0s&rsquo;\u00e9taient concentr\u00e9es sur l&rsquo;engagement (de TikTok) \u00e0 observer ces r\u00e9glementations qui \u00e9tabliront d&rsquo;importants standards en termes de transparence\u00a0\u00bb.<\/p>\n\n\n\n<p>M. Reynders a notamment relev\u00e9 \u00ab\u00a0les engagements de TikTok pour contrer les discours haineux et garantir la protection de tous les usagers, y compris les enfants\u00a0\u00bb. Selon la Commission, M. Chew a d\u00e9taill\u00e9 \u00ab\u00a0les investissements du groupe dans les pratiques de mod\u00e9ration visant \u00e0 restreindre l&rsquo;impact des +contenus toxiques+\u00a0\u00bb.<\/p>\n\n\n\n<p>L&rsquo;entreprise doit par ailleurs fournir \u00ab\u00a0d&rsquo;ici fin janvier\u00a0\u00bb un rapport sur la d\u00e9sinformation sur sa plateforme, dans le cadre d&rsquo;un code de conduite europ\u00e9en renforc\u00e9.<\/p>\n\n\n\n<p>Selon le cabinet de Vera Jourova, TikTok \u00ab\u00a0a reconnu que des acteurs \u00e9tatiques non europ\u00e9ens tentent de manipuler le contenu de la plateforme \u00e0 des fins de d\u00e9sinformation, et s&rsquo;efforce de r\u00e9soudre ce probl\u00e8me\u00a0\u00bb, ayant d\u00e9j\u00e0 \u00ab\u00a0rapidement appliqu\u00e9 les sanctions de l&rsquo;UE contre les organes de propagande russe\u00a0\u00bb.<\/p>\n\n\n\n<p>Shou Zi Chew a \u00e9galement rencontr\u00e9 mardi Ylva Johansson, commissaire aux Affaires int\u00e9rieures. Le Singapourien s&rsquo;entretiendra ensuite le 19 janvier par visioconf\u00e9rence avec le commissaire europ\u00e9en au March\u00e9 int\u00e9rieur, Thierry Breton.<\/p>\n\n\n\n<p>\u00ab\u00a0Je dirai exactement la m\u00eame chose au pr\u00e9sident de TikTok\u00a0\u00bb qu&rsquo;\u00e0 Elon Musk, patron de Twitter, a-t-il pr\u00e9venu lundi, martelant que le r\u00e9seau chinois devait se pr\u00e9parer lui aussi \u00e0 \u00ab\u00a0appliquer l&rsquo;int\u00e9gralit\u00e9 de nos r\u00e8gles (&#8230;) et les obligations, y compris sur la transparence de leurs algorithmes\u00a0\u00bb.<video preload=\"auto\" src=\"https:\/\/information.tv5monde.com\/sites\/info.tv5monde.com\/files\/jwplayerfield\/f13a95f4-9b67-47eb-86d2-01d1f57b6d0c.640x360.mp4\"><\/video>Lire la vid\u00e9o<\/p>\n\n\n\n<p>Par Daniel ARONSSOHN, Julien GIRAUL<\/p>\n","protected":false},"excerpt":{"rendered":"<p>\u00ab\u00a0La transparence sera cruciale\u00a0\u00bb: plusieurs hauts responsables europ\u00e9ens ont appel\u00e9 mardi le PDG du r\u00e9seau social chinois TikTok, tr\u00e8s critiqu\u00e9<\/p>\n","protected":false},"author":1,"featured_media":5243,"comment_status":"open","ping_status":"open","sticky":false,"template":"","format":"standard","meta":{"footnotes":""},"categories":[46],"tags":[],"class_list":["post-6242","post","type-post","status-publish","format-standard","has-post-thumbnail","hentry","category-technology"],"_links":{"self":[{"href":"https:\/\/dekkbi.com\/index.php?rest_route=\/wp\/v2\/posts\/6242","targetHints":{"allow":["GET"]}}],"collection":[{"href":"https:\/\/dekkbi.com\/index.php?rest_route=\/wp\/v2\/posts"}],"about":[{"href":"https:\/\/dekkbi.com\/index.php?rest_route=\/wp\/v2\/types\/post"}],"author":[{"embeddable":true,"href":"https:\/\/dekkbi.com\/index.php?rest_route=\/wp\/v2\/users\/1"}],"replies":[{"embeddable":true,"href":"https:\/\/dekkbi.com\/index.php?rest_route=%2Fwp%2Fv2%2Fcomments&post=6242"}],"version-history":[{"count":1,"href":"https:\/\/dekkbi.com\/index.php?rest_route=\/wp\/v2\/posts\/6242\/revisions"}],"predecessor-version":[{"id":6243,"href":"https:\/\/dekkbi.com\/index.php?rest_route=\/wp\/v2\/posts\/6242\/revisions\/6243"}],"wp:featuredmedia":[{"embeddable":true,"href":"https:\/\/dekkbi.com\/index.php?rest_route=\/wp\/v2\/media\/5243"}],"wp:attachment":[{"href":"https:\/\/dekkbi.com\/index.php?rest_route=%2Fwp%2Fv2%2Fmedia&parent=6242"}],"wp:term":[{"taxonomy":"category","embeddable":true,"href":"https:\/\/dekkbi.com\/index.php?rest_route=%2Fwp%2Fv2%2Fcategories&post=6242"},{"taxonomy":"post_tag","embeddable":true,"href":"https:\/\/dekkbi.com\/index.php?rest_route=%2Fwp%2Fv2%2Ftags&post=6242"}],"curies":[{"name":"wp","href":"https:\/\/api.w.org\/{rel}","templated":true}]}}