{"id":6231,"date":"2023-01-11T12:56:12","date_gmt":"2023-01-11T12:56:12","guid":{"rendered":"https:\/\/dekkbi.com\/?p=6231"},"modified":"2023-01-11T12:58:59","modified_gmt":"2023-01-11T12:58:59","slug":"lepidemie-debola-en-ouganda-est-terminee","status":"publish","type":"post","link":"https:\/\/dekkbi.com\/?p=6231","title":{"rendered":"L&rsquo;\u00e9pid\u00e9mie d\u2019Ebola en Ouganda est termin\u00e9e, annonce l&rsquo;Organisation mondiale de la Sant\u00e9"},"content":{"rendered":"\n<p><a href=\"https:\/\/www.addthis.com\/bookmark.php?v=300\"><\/a><a href=\"https:\/\/www.addthis.com\/bookmark.php?v=300\"><\/a><a rel=\"noreferrer noopener\" href=\"https:\/\/www.addthis.com\/bookmark.php?v=300\" target=\"_blank\"><\/a><a rel=\"noreferrer noopener\" href=\"https:\/\/www.addthis.com\/bookmark.php?v=300\" target=\"_blank\"><\/a>L&rsquo;\u00e9pid\u00e9mie d&rsquo;Ebola en Ouganda est termin\u00e9e, ont annonc\u00e9 mercredi l&rsquo;Organisation mondiale de la Sant\u00e9 (OMS) et la ministre ougandaise de la Sant\u00e9, moins de quatre mois apr\u00e8s l&rsquo;annonce du d\u00e9but de l&rsquo;\u00e9pid\u00e9mie qui a co\u00fbt\u00e9 la vie \u00e0 55 personnes.<\/p>\n\n\n\n<p>\u00ab\u00a0Nous avons contr\u00f4l\u00e9 avec succ\u00e8s l&rsquo;\u00e9pid\u00e9mie d&rsquo;Ebola en Ouganda\u00a0\u00bb, s&rsquo;est f\u00e9licit\u00e9e la ministre de la Sant\u00e9, Jane Ruth Aceng, lors d&rsquo;une c\u00e9r\u00e9monie organis\u00e9e \u00e0 Mubende, l&rsquo;\u00e9picentre de l&rsquo;\u00e9pid\u00e9mie.<\/p>\n\n\n\n<p>Selon l&rsquo;OMS, une \u00e9pid\u00e9mie est dite enray\u00e9e lorsqu&rsquo;il n&rsquo;y a pas de nouveau cas pendant 42 jours cons\u00e9cutifs, soit deux fois la p\u00e9riode d&rsquo;incubation d&rsquo;Ebola.<\/p>\n\n\n\n<p>Le dernier patient confirm\u00e9 porteur du virus est sorti de l&rsquo;h\u00f4pital le 30 novembre, ont annonc\u00e9 les autorit\u00e9s sanitaires.<\/p>\n\n\n\n<p>\u00ab\u00a0L&rsquo;Ouganda a mis fin rapidement \u00e0 l&rsquo;\u00e9pid\u00e9mie d&rsquo;Ebola en renfor\u00e7ant les mesures de contr\u00f4le cl\u00e9s telles que la surveillance, la recherche des contacts et l&rsquo;infection, la pr\u00e9vention et le contr\u00f4le\u00a0\u00bb, selon Jane Ruth Aceng, pr\u00e9cisant que 142 cas ont \u00e9t\u00e9 confirm\u00e9s dans le pays, et que 55 personnes \u00e9taient mortes.<\/p>\n\n\n\n<p>Cette maladie est r\u00e9apparue le 20 septembre 2022 dans le centre de l&rsquo;Ouganda, avec un premier cas issu d&rsquo;une souche dite \u00ab\u00a0soudanaise\u00a0\u00bb, dont il n&rsquo;existe pour l&rsquo;heure aucun vaccin.<\/p>\n\n\n\n<p>Mais trois vaccins exp\u00e9rimentaux &#8211; l&rsquo;un d\u00e9velopp\u00e9 par l&rsquo;Universit\u00e9 d&rsquo;Oxford et le Jenner Institute en Grande-Bretagne, un autre par le Sabin Vaccine Institute aux Etats-Unis et un troisi\u00e8me par l&rsquo;International AIDS Vaccine Initiative (IAVI) &#8211; sont actuellement test\u00e9s en Ouganda, apr\u00e8s de premi\u00e8res livraisons en d\u00e9cembre.<\/p>\n\n\n\n<p>Selon l&rsquo;OMS, le pays a re\u00e7u 5.000 doses de vaccins.<\/p>\n\n\n\n<p>L&rsquo;Ouganda, pays d&rsquo;Afrique de l&rsquo;Est, a connu sept \u00e9pid\u00e9mies d&rsquo;Ebola, dont cinq avec la souche dite \u00ab\u00a0soudanaise\u00a0\u00bb, a rappel\u00e9 la ministre de la Sant\u00e9, qui a pr\u00e9cis\u00e9 que l&rsquo;origine de l&rsquo;\u00e9pid\u00e9mie en septembre dernier \u00ab\u00a0n&rsquo;est pas encore connue\u00a0\u00bb.<\/p>\n\n\n\n<p>&#8211; \u00ab\u00a0Victoire\u00a0\u00bb &#8211;<\/p>\n\n\n\n<p>\u00ab\u00a0Je f\u00e9licite l&rsquo;Ouganda pour sa r\u00e9ponse robuste et compl\u00e8te qui a abouti \u00e0 la victoire d&rsquo;aujourd&rsquo;hui contre Ebola\u00a0\u00bb, a d\u00e9clar\u00e9 dans un communiqu\u00e9 le chef de l&rsquo;OMS, Tedros Adhanom Ghebreyesus. \u00ab\u00a0L&rsquo;Ouganda a montr\u00e9 qu&rsquo;Ebola peut \u00eatre vaincu lorsque la totalit\u00e9 du syst\u00e8me fonctionne ensemble\u00a0\u00bb, a-t-il poursuivi.<\/p>\n\n\n\n<p>\u00ab\u00a0En l&rsquo;absence de vaccins et de traitements, il s&rsquo;agissait de l&rsquo;une des \u00e9pid\u00e9mies d&rsquo;Ebola les plus difficiles de ces cinq derni\u00e8res ann\u00e9es, mais l&rsquo;Ouganda a maintenu le cap et a continuellement affin\u00e9 sa r\u00e9ponse\u00a0\u00bb sanitaire, a soulign\u00e9 la Dr Matshidiso Moeti, directrice r\u00e9gionale de l&rsquo;OMS pour l&rsquo;Afrique.<\/p>\n\n\n\n<p>\u00ab\u00a0Il y a deux mois, on pouvait craindre qu&rsquo;Ebola jette une ombre noire sur le pays jusqu&rsquo;en 2023, alors que l&rsquo;\u00e9pid\u00e9mie gagnait de grandes villes telles que Kampala et Jinja, mais cette victoire fait commencer l&rsquo;ann\u00e9e sur une note de grand espoir pour l&rsquo;Afrique\u00a0\u00bb, a-t-elle poursuivi.<\/p>\n\n\n\n<p>\u00ab\u00a0Bien que l&rsquo;\u00e9pid\u00e9mie en Ouganda ait \u00e9t\u00e9 d\u00e9clar\u00e9e termin\u00e9e, les autorit\u00e9s sanitaires maintiennent la surveillance et sont pr\u00eates \u00e0 r\u00e9agir rapidement \u00e0 toute reprise\u00a0\u00bb, a toutefois soulign\u00e9 l&rsquo;OMS, affirmant que les \u00ab\u00a0pays voisins restent en alerte\u00a0\u00bb.<\/p>\n\n\n\n<p>Ebola est une fi\u00e8vre h\u00e9morragique virale souvent mortelle. La maladie doit son nom \u00e0 une rivi\u00e8re de la R\u00e9publique d\u00e9mocratique du Congo (RDC) o\u00f9 elle a \u00e9t\u00e9 d\u00e9couverte en 1976.<\/p>\n\n\n\n<p>L&rsquo;Ouganda, pays d&rsquo;Afrique de l&rsquo;Est, a connu six \u00e9pisodes d&rsquo;Ebola, dont le dernier en 2019. Quatre d&rsquo;entre eux ont \u00e9t\u00e9 caus\u00e9s par la souche dite soudanaise.<\/p>\n\n\n\n<p>La transmission humaine se fait par les fluides corporels, avec pour principaux sympt\u00f4mes des fi\u00e8vres, vomissements, saignements et diarrh\u00e9es. Les personnes infect\u00e9es ne deviennent contagieuses qu&rsquo;apr\u00e8s l&rsquo;apparition des sympt\u00f4mes, apr\u00e8s une p\u00e9riode d&rsquo;incubation allant de 2 \u00e0 21 jours.<\/p>\n\n\n\n<p>La maladie pr\u00e9sente six souches diff\u00e9rentes, dont trois (Bundibugyo, Soudan, Za\u00efre) ont d\u00e9j\u00e0 provoqu\u00e9 de grandes \u00e9pid\u00e9mies.<\/p>\n\n\n\n<p>Les \u00e9pid\u00e9mies sont difficiles \u00e0 contenir, en particulier en zone urbaine.<\/p>\n\n\n\n<p>Par Tina SMOLE avec Grace MATSIKO \u00e0 Kampala<\/p>\n\n\n\n<p><a href=\"https:\/\/information.tv5monde.com\/auteur\/afp\">AFP<\/a><\/p>\n","protected":false},"excerpt":{"rendered":"<p>L&rsquo;\u00e9pid\u00e9mie d&rsquo;Ebola en Ouganda est termin\u00e9e, ont annonc\u00e9 mercredi l&rsquo;Organisation mondiale de la Sant\u00e9 (OMS) et la ministre ougandaise de<\/p>\n","protected":false},"author":1,"featured_media":6232,"comment_status":"open","ping_status":"open","sticky":false,"template":"","format":"standard","meta":{"footnotes":""},"categories":[51],"tags":[],"class_list":["post-6231","post","type-post","status-publish","format-standard","has-post-thumbnail","hentry","category-general"],"_links":{"self":[{"href":"https:\/\/dekkbi.com\/index.php?rest_route=\/wp\/v2\/posts\/6231","targetHints":{"allow":["GET"]}}],"collection":[{"href":"https:\/\/dekkbi.com\/index.php?rest_route=\/wp\/v2\/posts"}],"about":[{"href":"https:\/\/dekkbi.com\/index.php?rest_route=\/wp\/v2\/types\/post"}],"author":[{"embeddable":true,"href":"https:\/\/dekkbi.com\/index.php?rest_route=\/wp\/v2\/users\/1"}],"replies":[{"embeddable":true,"href":"https:\/\/dekkbi.com\/index.php?rest_route=%2Fwp%2Fv2%2Fcomments&post=6231"}],"version-history":[{"count":2,"href":"https:\/\/dekkbi.com\/index.php?rest_route=\/wp\/v2\/posts\/6231\/revisions"}],"predecessor-version":[{"id":6235,"href":"https:\/\/dekkbi.com\/index.php?rest_route=\/wp\/v2\/posts\/6231\/revisions\/6235"}],"wp:featuredmedia":[{"embeddable":true,"href":"https:\/\/dekkbi.com\/index.php?rest_route=\/wp\/v2\/media\/6232"}],"wp:attachment":[{"href":"https:\/\/dekkbi.com\/index.php?rest_route=%2Fwp%2Fv2%2Fmedia&parent=6231"}],"wp:term":[{"taxonomy":"category","embeddable":true,"href":"https:\/\/dekkbi.com\/index.php?rest_route=%2Fwp%2Fv2%2Fcategories&post=6231"},{"taxonomy":"post_tag","embeddable":true,"href":"https:\/\/dekkbi.com\/index.php?rest_route=%2Fwp%2Fv2%2Ftags&post=6231"}],"curies":[{"name":"wp","href":"https:\/\/api.w.org\/{rel}","templated":true}]}}