{"id":62140,"date":"2025-09-12T10:20:15","date_gmt":"2025-09-12T10:20:15","guid":{"rendered":"https:\/\/dekkbi.com\/?p=62140"},"modified":"2025-09-12T10:20:16","modified_gmt":"2025-09-12T10:20:16","slug":"visite-officielle-du-pm-aux-emirats-arabes-unis-un-forum-daffaires-a-abou-dhabi-pour-vendre-la-destination-senegal","status":"publish","type":"post","link":"https:\/\/dekkbi.com\/?p=62140","title":{"rendered":"Visite officielle du PM aux \u00c9mirats arabes unis: Un forum d\u2019affaires \u00e0 Abou Dhabi pour vendre la destination S\u00e9n\u00e9gal"},"content":{"rendered":"\n<p><strong>Un forum d\u2019affaires r\u00e9unissant plusieurs officiels s\u00e9n\u00e9galais et des investisseurs \u00e9miratis s\u2019est ouvert, hier, \u00e0 Abou Dhabi, capitale des \u00c9mirats arabes unis, o\u00f9 le Premier ministre Ousmane Sonko effectue une visite officielle depuis dimanche dernier.&nbsp;<\/strong><\/p>\n\n\n\n<p>Pr\u00e9sid\u00e9e par le ministre s\u00e9n\u00e9galais de l\u2019\u00c9conomie, du Plan et de la Coop\u00e9ration, Abdourahmane Sarr, cette rencontre a r\u00e9uni plusieurs responsables de structures s\u00e9n\u00e9galaises qui ont proc\u00e9d\u00e9 \u00e0 une pr\u00e9sentation des opportunit\u00e9s d\u2019investissement au S\u00e9n\u00e9gal.<\/p>\n\n\n\n<p>Les ministres Cheikh Diba (Finances et Budget), Birame Soul\u00e8ye Diop (\u00c9nergie et Mines) et Alioune Sall (Communication, T\u00e9l\u00e9communications et Num\u00e9rique) ont pris part \u00e0 ce forum. Le pr\u00e9sident des chambres consulaires des \u00c9mirats arabes unis, Umai Ben Salem, et plusieurs investisseurs \u00e9miratis et membres du secteur priv\u00e9 s\u00e9n\u00e9galais ont \u00e9galement particip\u00e9 \u00e0 cette rencontre cl\u00f4tur\u00e9e par la signature de plusieurs accords entre les entreprises \u00e9miraties et s\u00e9n\u00e9galaises.<\/p>\n\n\n\n<p>Bacary S\u00e9ga Bathily, directeur g\u00e9n\u00e9ral de l\u2019Agence s\u00e9n\u00e9galaise de promotion des investissements et des grands travaux (Apix), a introduit une pr\u00e9sentation sur le climat des affaires et les opportunit\u00e9s d\u2019investissement au S\u00e9n\u00e9gal.<\/p>\n\n\n\n<p>Mettant en avant la position g\u00e9ographique strat\u00e9gique du S\u00e9n\u00e9gal, il a exhort\u00e9 les investisseurs \u00e9miratis \u00e0 s\u2019int\u00e9resser aux secteurs de l\u2019\u00e9nergie, de l\u2019agriculture, du num\u00e9rique, des infrastructures portuaires, entre autres secteurs porteurs au S\u00e9n\u00e9gal. \u00ab Imaginez un pays qui est bord\u00e9 par 700 kilom\u00e8tres de c\u00f4te maritime, qui a une stabilit\u00e9 politique, qui n\u2019a jamais connu de coup d\u2019\u00c9tat et qui a le Pr\u00e9sident le plus jeune d\u2019Afrique d\u00e9mocratiquement \u00e9lu \u00bb, a-t-il lanc\u00e9 devant un parterre d\u2019investisseurs \u00e9miratis pour vanter l\u2019attractivit\u00e9 \u00e9conomique du S\u00e9n\u00e9gal.<\/p>\n\n\n\n<p>Le directeur g\u00e9n\u00e9ral de l\u2019Apix a \u00e9galement pass\u00e9 en revue les diff\u00e9rentes r\u00e9formes r\u00e9alis\u00e9es ou en cours sur le code des investissements qui pr\u00e9sente des avantages fiscaux et douaniers, le code g\u00e9n\u00e9ral des imp\u00f4ts, le code g\u00e9n\u00e9ral des douanes et la loi sur le partenariat public-priv\u00e9. \u00ab Toutes ces r\u00e9formes donneront une meilleure attractivit\u00e9 et une meilleure visibilit\u00e9 de l\u2019environnement des affaires au S\u00e9n\u00e9gal \u00bb, a-t-il insist\u00e9.<\/p>\n\n\n\n<p>De son c\u00f4t\u00e9, le ministre de l\u2019\u00c9conomie, du Plan et de la Coop\u00e9ration, Abdourahmane Sarr, a \u00e9voqu\u00e9 la Vision 2050, le r\u00e9f\u00e9rentiel des politiques publiques du S\u00e9n\u00e9gal. Devant les investisseurs \u00e9miratis, il a vant\u00e9 \u00ab l\u2019attractivit\u00e9 \u00e9conomique [du S\u00e9n\u00e9gal], qui est dans une phase de mont\u00e9e en puissance avec un climat des affaires plus stable et plus comp\u00e9titif \u00bb.<\/p>\n\n\n\n<p>L\u2019homme d\u2019affaires et architecte Pierre Goudiaby At\u00e9pa, repr\u00e9sentant du secteur priv\u00e9 s\u00e9n\u00e9galais \u00e0 ce forum d\u2019affaires s\u00e9n\u00e9galo-\u00e9mirati, a \u00e9galement mis l\u2019accent sur la position g\u00e9ographique du S\u00e9n\u00e9gal, qui est \u00ab la porte d\u2019entr\u00e9e \u00bb de l\u2019Afrique de l\u2019Ouest. \u00ab Avec la Chambre de commerce de Dakar, il existe d\u00e9j\u00e0 un cadre d\u2019\u00e9changes.<\/p>\n\n\n\n<p>Nous allons renforcer cela \u00e0 la lumi\u00e8re des r\u00e9formes et des m\u00e9canismes pr\u00e9sent\u00e9s par l\u2019Apix \u00bb, s\u2019est pour sa part r\u00e9joui le responsable des Chambres consulaires des \u00c9mirats arabes unis.<\/p>\n\n\n\n<p><strong>De l\u2019envoy\u00e9 sp\u00e9cial de l\u2019APS, Mohamed Tidiane Ndiaye<\/strong><\/p>\n","protected":false},"excerpt":{"rendered":"<p>Un forum d\u2019affaires r\u00e9unissant plusieurs officiels s\u00e9n\u00e9galais et des investisseurs \u00e9miratis s\u2019est ouvert, hier, \u00e0 Abou Dhabi, capitale des \u00c9mirats<\/p>\n","protected":false},"author":1,"featured_media":62006,"comment_status":"open","ping_status":"open","sticky":false,"template":"","format":"standard","meta":{"footnotes":""},"categories":[6],"tags":[],"class_list":["post-62140","post","type-post","status-publish","format-standard","has-post-thumbnail","hentry","category-politics"],"_links":{"self":[{"href":"https:\/\/dekkbi.com\/index.php?rest_route=\/wp\/v2\/posts\/62140","targetHints":{"allow":["GET"]}}],"collection":[{"href":"https:\/\/dekkbi.com\/index.php?rest_route=\/wp\/v2\/posts"}],"about":[{"href":"https:\/\/dekkbi.com\/index.php?rest_route=\/wp\/v2\/types\/post"}],"author":[{"embeddable":true,"href":"https:\/\/dekkbi.com\/index.php?rest_route=\/wp\/v2\/users\/1"}],"replies":[{"embeddable":true,"href":"https:\/\/dekkbi.com\/index.php?rest_route=%2Fwp%2Fv2%2Fcomments&post=62140"}],"version-history":[{"count":1,"href":"https:\/\/dekkbi.com\/index.php?rest_route=\/wp\/v2\/posts\/62140\/revisions"}],"predecessor-version":[{"id":62141,"href":"https:\/\/dekkbi.com\/index.php?rest_route=\/wp\/v2\/posts\/62140\/revisions\/62141"}],"wp:featuredmedia":[{"embeddable":true,"href":"https:\/\/dekkbi.com\/index.php?rest_route=\/wp\/v2\/media\/62006"}],"wp:attachment":[{"href":"https:\/\/dekkbi.com\/index.php?rest_route=%2Fwp%2Fv2%2Fmedia&parent=62140"}],"wp:term":[{"taxonomy":"category","embeddable":true,"href":"https:\/\/dekkbi.com\/index.php?rest_route=%2Fwp%2Fv2%2Fcategories&post=62140"},{"taxonomy":"post_tag","embeddable":true,"href":"https:\/\/dekkbi.com\/index.php?rest_route=%2Fwp%2Fv2%2Ftags&post=62140"}],"curies":[{"name":"wp","href":"https:\/\/api.w.org\/{rel}","templated":true}]}}