{"id":6212,"date":"2023-01-11T11:44:13","date_gmt":"2023-01-11T11:44:13","guid":{"rendered":"https:\/\/dekkbi.com\/?p=6212"},"modified":"2023-01-11T11:44:14","modified_gmt":"2023-01-11T11:44:14","slug":"alain-traore-lafrique-doit-donner-la-priorite-aux-entraineurs-locaux","status":"publish","type":"post","link":"https:\/\/dekkbi.com\/?p=6212","title":{"rendered":"Alain Traore: \u00ab\u00a0L\u2019Afrique doit donner la priorit\u00e9 aux entraineurs locaux\u00a0\u00bb"},"content":{"rendered":"\n<p>(APS) \u2013 L\u2019ancien international burkinab\u00e8 Alain Traor\u00e9 estime que l\u2019Afrique doit accorder la priorit\u00e9 \u00e0 l\u2019expertise locale, pour le recrutement des entraineurs des s\u00e9lections nationales, \u00e0 l\u2019image du S\u00e9n\u00e9gal dont l\u2019\u00e9quipe est dirig\u00e9e par Aliou Ciss\u00e9, qui est, selon lui, \u00a0\u00bbl\u2019un des meilleurs sectionneurs du continent\u00a0\u00bb.<\/p>\n\n\n\n<p>\u2018\u2019L\u2019Afrique doit faire confiance \u00e0 ses fils. Ils ont tout pour \u00eatre \u00e0 la t\u00eate des s\u00e9lections. Le S\u00e9n\u00e9gal a eu confiance au coach Aliou Ciss\u00e9 et il a fait de bons r\u00e9sultats\u2019\u2019, a-t-il-d\u00e9clar\u00e9, dans un entretien avec l\u2019APS<\/p>\n\n\n\n<p>Il consid\u00e8re que \u2018\u2019les dirigeants s\u00e9n\u00e9galais ont bien fait de renouveler le contrat d\u2019Aliou Ciss\u00e9, qui a permis aux Lions de la T\u00e9ranga de d\u00e9crocher cette premi\u00e8re \u00e9toile\u2019\u2019.<\/p>\n\n\n\n<p>\u2018\u2019Depuis 2019, le S\u00e9n\u00e9gal \u00e9tait sur le toit de l\u2019Afrique au classement FIFA. Les S\u00e9n\u00e9galais le doivent en grande partie \u00e0 l\u2019entraineur qui a su mettre en place une \u00e9quipe performante\u2019\u2019, a-t-il- analys\u00e9.<\/p>\n\n\n\n<p>Lors de la derni\u00e8re coupe du monde, les cinq repr\u00e9sentants africains\u2014Cameroun, Ghana, Maroc, S\u00e9n\u00e9gal, Tunisie\u2013 avaient sur leurs bancs des techniciens locaux, un choix de l\u2019expertise locale qu\u2019encourage le vice-champion d\u2019Afrique avec le Burkina Faso en 2013.<\/p>\n\n\n\n<p>\u2018\u2019C\u2019est une tr\u00e8s bonne id\u00e9e. Quasiment toutes les \u00e9quipes nationales sont dirig\u00e9es par des entra\u00eeneurs locaux. Cela veut dire qu\u2019on commence \u00e0 prendre conscience et qu\u2019on n\u2019a rien \u00e0 envier aux autres\u2019\u2019, s\u2019est -t-il-f\u00e9licit\u00e9.<\/p>\n\n\n\n<p>\u2018\u2019Le Maroc est la premi\u00e8re nation africaine \u00e0 avoir atteint les demi-finales d\u2019une coupe du monde et c\u2019est avec un entraineur local (Walid Regragui) que le Maroc a r\u00e9alis\u00e9 cette prouesse historique\u2019\u2019, a-t-il-rappel\u00e9.<\/p>\n\n\n\n<p>Alain Traor\u00e9 s\u2019est r\u00e9joui, en outre, du dynamisme des \u00e9quipes africaines. Il appelle les autres f\u00e9d\u00e9rations du continent \u00e0 s\u2019inspirer du Maroc, du S\u00e9n\u00e9gal, de la Tunisie et du Cameroun, dont les \u00e9quipes nationales sont dirig\u00e9es par des entra\u00eeneurs locaux.<\/p>\n\n\n\n<p>\u2018\u2018Il faut faire confiance \u00e0 l\u2019expertise locale. Il y a de bons techniciens dans le continent, qui sont capables de rivaliser avec les autres. C\u2019est ce qui nous permettra d\u2019avoir des r\u00e9sultats probants \u2019\u2019, a-t-il-estim\u00e9.<\/p>\n","protected":false},"excerpt":{"rendered":"<p>(APS) \u2013 L\u2019ancien international burkinab\u00e8 Alain Traor\u00e9 estime que l\u2019Afrique doit accorder la priorit\u00e9 \u00e0 l\u2019expertise locale, pour le recrutement<\/p>\n","protected":false},"author":1,"featured_media":6213,"comment_status":"open","ping_status":"open","sticky":false,"template":"","format":"standard","meta":{"footnotes":""},"categories":[9],"tags":[],"class_list":["post-6212","post","type-post","status-publish","format-standard","has-post-thumbnail","hentry","category-sports"],"_links":{"self":[{"href":"https:\/\/dekkbi.com\/index.php?rest_route=\/wp\/v2\/posts\/6212","targetHints":{"allow":["GET"]}}],"collection":[{"href":"https:\/\/dekkbi.com\/index.php?rest_route=\/wp\/v2\/posts"}],"about":[{"href":"https:\/\/dekkbi.com\/index.php?rest_route=\/wp\/v2\/types\/post"}],"author":[{"embeddable":true,"href":"https:\/\/dekkbi.com\/index.php?rest_route=\/wp\/v2\/users\/1"}],"replies":[{"embeddable":true,"href":"https:\/\/dekkbi.com\/index.php?rest_route=%2Fwp%2Fv2%2Fcomments&post=6212"}],"version-history":[{"count":1,"href":"https:\/\/dekkbi.com\/index.php?rest_route=\/wp\/v2\/posts\/6212\/revisions"}],"predecessor-version":[{"id":6214,"href":"https:\/\/dekkbi.com\/index.php?rest_route=\/wp\/v2\/posts\/6212\/revisions\/6214"}],"wp:featuredmedia":[{"embeddable":true,"href":"https:\/\/dekkbi.com\/index.php?rest_route=\/wp\/v2\/media\/6213"}],"wp:attachment":[{"href":"https:\/\/dekkbi.com\/index.php?rest_route=%2Fwp%2Fv2%2Fmedia&parent=6212"}],"wp:term":[{"taxonomy":"category","embeddable":true,"href":"https:\/\/dekkbi.com\/index.php?rest_route=%2Fwp%2Fv2%2Fcategories&post=6212"},{"taxonomy":"post_tag","embeddable":true,"href":"https:\/\/dekkbi.com\/index.php?rest_route=%2Fwp%2Fv2%2Ftags&post=6212"}],"curies":[{"name":"wp","href":"https:\/\/api.w.org\/{rel}","templated":true}]}}