{"id":61977,"date":"2025-09-04T10:03:28","date_gmt":"2025-09-04T10:03:28","guid":{"rendered":"https:\/\/dekkbi.com\/?p=61977"},"modified":"2025-09-04T10:03:29","modified_gmt":"2025-09-04T10:03:29","slug":"football-les-supporters-europeens-sopposent-a-la-delocalisation-de-matchs-de-championnat","status":"publish","type":"post","link":"https:\/\/dekkbi.com\/?p=61977","title":{"rendered":"Football: les supporters europ\u00e9ens s&rsquo;opposent \u00e0 la d\u00e9localisation de matchs de championnat"},"content":{"rendered":"\n<p>Plusieurs centaines d&rsquo;organisations de supporters europ\u00e9ens se sont oppos\u00e9es, ce mercredi 3 septembre, au projet de la Liga et de la Serie A de d\u00e9localiser deux matchs de leur championnat. Un projet qu&rsquo;ils consid\u00e8rent \u00eatre \u00ab&nbsp;<em>une perversion du football<\/em>&nbsp;\u00bb et qui sera bient\u00f4t tranch\u00e9 par l&rsquo;UEFA.<\/p>\n\n\n\n<p>Par :RFI avec AFP<\/p>\n\n\n\n<p>\u00c0 bas bruit, cette possible premi\u00e8re mondiale a franchi plusieurs obstacles pendant l&rsquo;\u00e9t\u00e9, avec l&rsquo;appui donn\u00e9 par les f\u00e9d\u00e9rations espagnole et italienne \u00e0 la tenue des rencontres Villarreal-Barcelone le 20 d\u00e9cembre \u00e0 Miami et d&rsquo;AC Milan-C\u00f4me d\u00e9but f\u00e9vrier 2026 \u00e0 Perth,&nbsp;en Australie.<\/p>\n\n\n\n<p>\u00ab&nbsp;<em>L&rsquo;id\u00e9e de faire traverser des oc\u00e9ans aux joueurs, aux staffs, aux supporters et \u00e0 tous les autres pour un match \u00ab\u00a0\u00e0 domicile\u00a0\u00bb est absurde, inabordable et irresponsable sur le plan environnemental<\/em>&nbsp;\u00bb, a protest\u00e9 l&rsquo;association Football Supporters Europe (FSE) dans un texte sign\u00e9 par 423&nbsp;groupes issus de 25 pays.<\/p>\n\n\n\n<p>Revendiquant \u00ab&nbsp;<em>plus de 3 millions de supporters<\/em>&nbsp;\u00bb repr\u00e9sent\u00e9s, ces organisations craignent qu&rsquo;un \u00e9ventuel feu vert de l&rsquo;UEFA, attendu le 11 septembre, n&rsquo;ouvre \u00ab&nbsp;<em>une bo\u00eete de Pandore aux cons\u00e9quences impr\u00e9visibles et irr\u00e9versibles<\/em>&nbsp;\u00bb. \u00ab&nbsp;<em>Chaque club, chaque \u00e9quipe nationale, chaque groupe de supporters dans le monde risquerait de voir leur \u00e9quipe \u00eatre d\u00e9localis\u00e9e \u00e0 l&rsquo;autre bout du monde, pour un match ou plus<\/em>&nbsp;\u00bb, poursuit leur communiqu\u00e9.<\/p>\n\n\n\n<h2 class=\"wp-block-heading\">S\u00e9duire \u00ab&nbsp;<em>de nouveaux publics<\/em>&nbsp;\u00bb<\/h2>\n\n\n\n<p>La rentr\u00e9e du football europ\u00e9en voit s&rsquo;ouvrir une bataille en cours depuis des ann\u00e9es, tant les instances cherchent \u00e0 mon\u00e9tiser le rayonnement mondial de leurs clubs&nbsp;: les Supercoupes d&rsquo;Espagne comme d&rsquo;Italie se tiennent d\u00e9j\u00e0 en Arabie Saoudite, apr\u00e8s de pr\u00e9c\u00e9dentes \u00e9ditions en Chine, au Maroc, au Qatar et en Libye.<\/p>\n\n\n\n<p>Les championnats et leurs matchs aller-retour, c\u0153ur de la tradition continentale, r\u00e9sistent encore \u00e0 cette tendance, mais la Liga tente depuis 2018 d&rsquo;organiser des rencontres aux \u00c9tats-Unis, si\u00e8ge de son partenaire commercial Relevent Sports. Quant \u00e0 la Serie A, elle met en avant l&rsquo;impossibilit\u00e9 d&rsquo;utiliser le stade de San Siro pour la 24e journ\u00e9e du Championnat d&rsquo;Italie, puisque la mythique enceinte milanaise accueillera le 6 f\u00e9vrier la c\u00e9r\u00e9monie d&rsquo;ouverture des Jeux olympiques d&rsquo;hiver.<\/p>\n\n\n\n<p>L&rsquo;argument commercial n&rsquo;est cependant pas loin&nbsp;: il s&rsquo;agit aussi de \u00ab&nbsp;<em>faire d\u00e9couvrir \u00e0 de nouveaux publics l&rsquo;excellence du football italien, renforcer la comp\u00e9titivit\u00e9 du syst\u00e8me et g\u00e9n\u00e9rer des ressources ayant un impact positif sur l&rsquo;ensemble du mouvement<\/em>&nbsp;\u00bb, plaidait l&rsquo;instance italienne le 27 ao\u00fbt. Les deux championnats lorgnent sur les grandes ligues am\u00e9ricaines, la NFL et surtout la NBA, qui d\u00e9localise des matchs de sa saison r\u00e9guli\u00e8re depuis 1990 au Japon et 2013 en Europe et a d\u00e9j\u00e0 programm\u00e9 six rencontres \u00e0 Berlin, Londres, Manchester et Paris lors des trois prochaines saisons.<\/p>\n\n\n\n<h2 class=\"wp-block-heading\">\u00ab&nbsp;<em>Une trahison<\/em>&nbsp;\u00bb selon le&nbsp;Commissaire europ\u00e9en aux Sports<\/h2>\n\n\n\n<p>S&rsquo;il suffisait jusque l\u00e0 d&rsquo;opposer aux d\u00e9localisations les r\u00e8gles de la FIFA, l&rsquo;instance mondiale a lanc\u00e9 le 15 mai dernier un groupe de travail pour les r\u00e9viser, contrainte en ce sens par un accord sign\u00e9 en 2024 avec Relevent Sports pour solder une proc\u00e9dure anticoncurrentielle.<\/p>\n\n\n\n<p>D&rsquo;o\u00f9 le constat dress\u00e9 ce mercredi par le patron de l&rsquo;UEFA, Aleksander Ceferin, aupr\u00e8s du journal Politico&nbsp;: \u00ab&nbsp;<em>Nous ne sommes pas contents&nbsp;<\/em>(des projets de d\u00e9localisation, ndlr)<em>, mais nous avons peu de latitude d&rsquo;un point de vue juridique si les deux f\u00e9d\u00e9rations sont d&rsquo;accord<\/em>&nbsp;\u00bb. De r\u00e8glementaire, le sujet est donc devenu politique, avec l&rsquo;entr\u00e9e en lice du Commissaire europ\u00e9en aux Sports, Glenn Micallef&nbsp;: \u00ab&nbsp;<em>D\u00e9localiser des comp\u00e9titions \u00e0 l&rsquo;\u00e9tranger n&rsquo;est pas une innovation, c&rsquo;est une trahison<\/em>&nbsp;\u00bb, estimait-il la semaine derni\u00e8re sur le r\u00e9seau social X.<\/p>\n\n\n\n<p>En Espagne, le projet se heurte aussi \u00e0 l&rsquo;opposition du syndicat des footballeurs et de tous les capitaines de premi\u00e8re division&nbsp;\u2013 y compris Villarreal et Barcelone&nbsp;\u2013 qui ont fustig\u00e9 \u00ab&nbsp;<em>le manque de dialogue et d&rsquo;information<\/em>&nbsp;\u00bb de la Liga. Enfin, le Real Madrid a d\u00e9nonc\u00e9 mi-ao\u00fbt un \u00ab&nbsp;<em>risque de falsification de la comp\u00e9tition<\/em>&nbsp;\u00bb et de son principe des matchs aller-retour&nbsp;: avec ses stars plan\u00e9taires, le FC Barcelone peut en effet s&rsquo;attendre \u00e0 \u00eatre acclam\u00e9 \u00e0 Miami comme s&rsquo;il jouait \u00e0 domicile.<\/p>\n","protected":false},"excerpt":{"rendered":"<p>Plusieurs centaines d&rsquo;organisations de supporters europ\u00e9ens se sont oppos\u00e9es, ce mercredi 3 septembre, au projet de la Liga et de<\/p>\n","protected":false},"author":1,"featured_media":1778,"comment_status":"open","ping_status":"open","sticky":false,"template":"","format":"standard","meta":{"footnotes":""},"categories":[9],"tags":[],"class_list":["post-61977","post","type-post","status-publish","format-standard","has-post-thumbnail","hentry","category-sports"],"_links":{"self":[{"href":"https:\/\/dekkbi.com\/index.php?rest_route=\/wp\/v2\/posts\/61977","targetHints":{"allow":["GET"]}}],"collection":[{"href":"https:\/\/dekkbi.com\/index.php?rest_route=\/wp\/v2\/posts"}],"about":[{"href":"https:\/\/dekkbi.com\/index.php?rest_route=\/wp\/v2\/types\/post"}],"author":[{"embeddable":true,"href":"https:\/\/dekkbi.com\/index.php?rest_route=\/wp\/v2\/users\/1"}],"replies":[{"embeddable":true,"href":"https:\/\/dekkbi.com\/index.php?rest_route=%2Fwp%2Fv2%2Fcomments&post=61977"}],"version-history":[{"count":1,"href":"https:\/\/dekkbi.com\/index.php?rest_route=\/wp\/v2\/posts\/61977\/revisions"}],"predecessor-version":[{"id":61978,"href":"https:\/\/dekkbi.com\/index.php?rest_route=\/wp\/v2\/posts\/61977\/revisions\/61978"}],"wp:featuredmedia":[{"embeddable":true,"href":"https:\/\/dekkbi.com\/index.php?rest_route=\/wp\/v2\/media\/1778"}],"wp:attachment":[{"href":"https:\/\/dekkbi.com\/index.php?rest_route=%2Fwp%2Fv2%2Fmedia&parent=61977"}],"wp:term":[{"taxonomy":"category","embeddable":true,"href":"https:\/\/dekkbi.com\/index.php?rest_route=%2Fwp%2Fv2%2Fcategories&post=61977"},{"taxonomy":"post_tag","embeddable":true,"href":"https:\/\/dekkbi.com\/index.php?rest_route=%2Fwp%2Fv2%2Ftags&post=61977"}],"curies":[{"name":"wp","href":"https:\/\/api.w.org\/{rel}","templated":true}]}}