{"id":61924,"date":"2025-09-04T09:22:31","date_gmt":"2025-09-04T09:22:31","guid":{"rendered":"https:\/\/dekkbi.com\/?p=61924"},"modified":"2025-09-04T09:22:31","modified_gmt":"2025-09-04T09:22:31","slug":"medina-baye-jean-baptiste-tine-reaffirme-la-volonte-de-letat-de-soutenir-les-foyers-religieux","status":"publish","type":"post","link":"https:\/\/dekkbi.com\/?p=61924","title":{"rendered":"M\u00e9dina Baye : Jean-Baptiste Tine r\u00e9affirme la volont\u00e9 de l\u2019Etat de soutenir les foyers religieux"},"content":{"rendered":"\n<p>Kaolack,  (APS) \u2013Le ministre de l\u2019Int\u00e9rieur et de la S\u00e9curit\u00e9 publique, Jean-Baptiste Tine, a r\u00e9affirm\u00e9 mercredi \u00e0 M\u00e9dina Baye (Kaolack, centre) la volont\u00e9 de l\u2019Etat du S\u00e9n\u00e9gal de soutenir les foyers religieux du pays, tout en \u2018\u2019\u00e9vitant toute politisation de la religion\u2019\u2019.<\/p>\n\n\n\n<p>\u2018\u2019Nous avons aucune volont\u00e9 de politiser la religion ou les foyers religieux. Au contraire, nous avons le devoir de les soutenir. Les guides religieux doivent davantage soutenus pour le r\u00f4le extr\u00eamement important qu\u2019ils jouent et la noblesse de leurs missions\u2019\u2019, a-t-il notamment dit.<\/p>\n\n\n\n<p>M. Tine a fait cette d\u00e9claration \u00e0 l\u2019occasion de la c\u00e9r\u00e9monie officielle du Gamou international de M\u00e9dina Baye. Des fils de Cheikh Ibrahima Niass comme Cheikh Mouhamadou Macky Ibrahima Niass, ainsi que le porte-parole du Khalife de la Faydatou Tidjania, Cheikh Mouhamadoul Mahy Alioune Ciss\u00e9. D\u2019autres d\u00e9l\u00e9gations venues de plusieurs pays ont pris part \u00e0 cette c\u00e9r\u00e9monie officielle du Mawlid international de M\u00e9dina Baye.<\/p>\n\n\n\n<p>Par ailleurs, Jean-Baptiste Tine, qui a transmis aux autorit\u00e9s religieuses de M\u00e9dina Baye \u2018\u2019les salutations les plus cordiales\u2019\u2019 du chef de l\u2019Etat, Bassirou Diomaye Faye, a assur\u00e9 que le gouvernement du S\u00e9n\u00e9gal est en train de prendre toutes les dispositions pour lutter contre les inondations.<\/p>\n\n\n\n<p>\u2018\u2019Je compati \u00e0 la douleur qui frappe les populations impact\u00e9es par les inondations. Mais, je peux vous rassurer que le gouvernement est en train de prendre toutes mesures n\u00e9cessaires pour r\u00e9gler d\u00e9finitivement les probl\u00e8mes d\u2019inondation\u2019\u2019, a-t-il rassur\u00e9.<\/p>\n\n\n\n<p>Estimant que la dimension internationale de Cheikh Ibrahima Niass n\u2019est plus \u00e0 d\u00e9montrer, M. Tine a sollicit\u00e9 des pri\u00e8res pour le pr\u00e9sident de la R\u00e9publique et son gouvernement afin qu\u2019ils r\u00e9ussissent leurs missions \u00e0 la t\u00eate du pays et de pouvoir r\u00e9pondre aux pr\u00e9occupations des citoyens.<\/p>\n\n\n\n<p>\u2018\u2019Nous sollicitons \u00e9galement des pri\u00e8res pour la paix, la stabilit\u00e9, la coh\u00e9sion sociale et le d\u00e9veloppement de notre pays\u2019\u2019, a-t-il dit.<\/p>\n\n\n\n<p>De son c\u00f4t\u00e9, le porte-parole du khalife de la Faydatou Tidjania Cheikh Mouhamadoul Mahy Alioune Ciss\u00e9 a rappel\u00e9 l\u2019engagement de Cheikh Al Islam El Hadji Ibrahima Niass pour un monde de paix et pour une unit\u00e9 des peuples.<\/p>\n\n\n\n<p>\u2018\u2019Nous sommes rassur\u00e9s par votre volont\u00e9 de travailler pour le d\u00e9veloppement du S\u00e9n\u00e9gal. Nous prions pour la r\u00e9ussite de la mission que le peuple s\u00e9n\u00e9galais vous a confi\u00e9e\u2019\u2019, a lanc\u00e9 le porte-parole du khalife Cheikh Mouhamadoul Mahy Ibrahima Niass.<\/p>\n\n\n\n<figure class=\"wp-block-embed is-type-rich is-provider-prise-en-charge-des-contenus-embarqu-s wp-block-embed-prise-en-charge-des-contenus-embarqu-s\"><div class=\"wp-block-embed__wrapper\">\nhttps:\/\/youtube.com\/watch?v=pb7hkIqAW7g%3Ffeature%3Doembed\n<\/div><\/figure>\n\n\n\n<p>ADE\/MTN<\/p>\n","protected":false},"excerpt":{"rendered":"<p>Kaolack, (APS) \u2013Le ministre de l\u2019Int\u00e9rieur et de la S\u00e9curit\u00e9 publique, Jean-Baptiste Tine, a r\u00e9affirm\u00e9 mercredi \u00e0 M\u00e9dina Baye (Kaolack,<\/p>\n","protected":false},"author":1,"featured_media":61926,"comment_status":"open","ping_status":"open","sticky":false,"template":"","format":"standard","meta":{"footnotes":""},"categories":[6],"tags":[],"class_list":["post-61924","post","type-post","status-publish","format-standard","has-post-thumbnail","hentry","category-politics"],"_links":{"self":[{"href":"https:\/\/dekkbi.com\/index.php?rest_route=\/wp\/v2\/posts\/61924","targetHints":{"allow":["GET"]}}],"collection":[{"href":"https:\/\/dekkbi.com\/index.php?rest_route=\/wp\/v2\/posts"}],"about":[{"href":"https:\/\/dekkbi.com\/index.php?rest_route=\/wp\/v2\/types\/post"}],"author":[{"embeddable":true,"href":"https:\/\/dekkbi.com\/index.php?rest_route=\/wp\/v2\/users\/1"}],"replies":[{"embeddable":true,"href":"https:\/\/dekkbi.com\/index.php?rest_route=%2Fwp%2Fv2%2Fcomments&post=61924"}],"version-history":[{"count":1,"href":"https:\/\/dekkbi.com\/index.php?rest_route=\/wp\/v2\/posts\/61924\/revisions"}],"predecessor-version":[{"id":61927,"href":"https:\/\/dekkbi.com\/index.php?rest_route=\/wp\/v2\/posts\/61924\/revisions\/61927"}],"wp:featuredmedia":[{"embeddable":true,"href":"https:\/\/dekkbi.com\/index.php?rest_route=\/wp\/v2\/media\/61926"}],"wp:attachment":[{"href":"https:\/\/dekkbi.com\/index.php?rest_route=%2Fwp%2Fv2%2Fmedia&parent=61924"}],"wp:term":[{"taxonomy":"category","embeddable":true,"href":"https:\/\/dekkbi.com\/index.php?rest_route=%2Fwp%2Fv2%2Fcategories&post=61924"},{"taxonomy":"post_tag","embeddable":true,"href":"https:\/\/dekkbi.com\/index.php?rest_route=%2Fwp%2Fv2%2Ftags&post=61924"}],"curies":[{"name":"wp","href":"https:\/\/api.w.org\/{rel}","templated":true}]}}