{"id":61918,"date":"2025-09-04T09:17:13","date_gmt":"2025-09-04T09:17:13","guid":{"rendered":"https:\/\/dekkbi.com\/?p=61918"},"modified":"2025-09-04T09:18:01","modified_gmt":"2025-09-04T09:18:01","slug":"lancement-dakar-metropole-2050-le-projet-de-sonko-pour-la-ville","status":"publish","type":"post","link":"https:\/\/dekkbi.com\/?p=61918","title":{"rendered":"Lancement \u2013 Dakar M\u00e9tropole 2050 : LE PROJET DE SONKO POUR LA VILLE"},"content":{"rendered":"\n<p><strong>Changer le pays ne peut pas concerner uniquement les citoyens, en mettant de c\u00f4t\u00e9 leur habitat. Le Premier ministre a pr\u00e9sid\u00e9 hier la journ\u00e9e de partage du projet qui, d\u2019ici 25 ans, devrait changer le visage de la m\u00e9tropole dakaroise. Un v\u00e9ritable projet dans le Projet.<\/strong><strong>Dakar M\u00e9tropole 2050 vise \u00e0 changer le visage de la capitale et \u00e0 lui offrir une image \u00e0 sa hauteur.<\/strong><\/p>\n\n\n\n<p>Un projet, dit-on, qui devrait co\u00fbter 5 mille milliards F. Le Premier ministre Ousmane Sonko a pr\u00e9sid\u00e9 hier la journ\u00e9e de partage intitul\u00e9e \u00abDakar M\u00e9tropole Internationale 2050\u00bb. Un moment pour lui de d\u00e9noncer l\u2019urbanisation \u00absauvage de Dakar\u00bb. Pour Sonko, la capitale s\u00e9n\u00e9galaise \u00abdoit \u00eatre digne d\u2019une capitale\u00bb.<\/p>\n\n\n\n<p>\u00abL\u2019Etat compte mettre un terme \u00e0 ce genre de pratique, et \u00e7a commencera certainement avec Thi\u00e8s Ville Nouvelle, o\u00f9 l\u2019Etat, en collaboration avec les op\u00e9rateurs priv\u00e9s, se donnera les moyens de g\u00e9rer tous les am\u00e9nagements en amont, avant de passer aux constructions\u00bb, annonce le chef du gouvernement.<\/p>\n\n\n\n<p>Il poursuit : \u00abDakar a besoin d\u2019un choc d\u2019organisation, d\u2019un acte de refondation. Dakar M\u00e9tropole n\u2019est pas une projection futuriste d\u2019immeubles ou de gratte-ciels, m\u00eame si cela peut y contribuer. Il s\u2019agit avant tout de requalification, de restructuration des quartiers et des territoires, de l\u2019offre de logements neufs ou r\u00e9habilit\u00e9s, conformes aux standards minimaux, ainsi que de la construction d\u2019\u00e9quipements publics structurants.\u00bb<\/p>\n\n\n\n<p>C\u2019est un vaste plan de modernisation et de r\u00e9organisation de la capitale. Il est pr\u00e9vu la cr\u00e9ation de grands parcs m\u00e9tropolitains, la r\u00e9habilitation de sites comme Hann, Technopole et Keur Massar, la protection du littoral contre l\u2019\u00e9rosion c\u00f4ti\u00e8re, mais aussi la promotion de la mobilit\u00e9 douce et des transports propres tels que les bateaux-taxis et le t\u00e9l\u00e9ph\u00e9rique Dakar-Gor\u00e9e. \u00abDakar Ville verte ne sera pas un slogan, ce sera une r\u00e9alit\u00e9 v\u00e9g\u00e9talis\u00e9e, respirable et vivable\u00bb, ajoute Ousmane Sonko.<\/p>\n\n\n\n<p>Dakar M\u00e9tropole 2050 ambitionne ainsi de corriger les d\u00e9s\u00e9quilibres territoriaux, de renforcer l\u2019attractivit\u00e9 du pays et d\u2019am\u00e9liorer la qualit\u00e9 de vie des citoyens. Il s\u2019agit, selon le Premier ministre, d\u2019un projet structurant qui doit mobiliser toutes les Forces vives de la Nation autour d\u2019un engagement collectif pour un S\u00e9n\u00e9gal moderne, \u00e9quitable et r\u00e9silient. C\u2019est un projet surtout \u00e0 5 mille milliards F Cfa sur 25 ans.<\/p>\n\n\n\n<p><strong>bsakho@lequotidien.sn<\/strong> &#8211; SOURCE LEQUOTIDIEN<\/p>\n","protected":false},"excerpt":{"rendered":"<p>Changer le pays ne peut pas concerner uniquement les citoyens, en mettant de c\u00f4t\u00e9 leur habitat. Le Premier ministre a<\/p>\n","protected":false},"author":1,"featured_media":61919,"comment_status":"open","ping_status":"open","sticky":false,"template":"","format":"standard","meta":{"footnotes":""},"categories":[6],"tags":[],"class_list":["post-61918","post","type-post","status-publish","format-standard","has-post-thumbnail","hentry","category-politics"],"_links":{"self":[{"href":"https:\/\/dekkbi.com\/index.php?rest_route=\/wp\/v2\/posts\/61918","targetHints":{"allow":["GET"]}}],"collection":[{"href":"https:\/\/dekkbi.com\/index.php?rest_route=\/wp\/v2\/posts"}],"about":[{"href":"https:\/\/dekkbi.com\/index.php?rest_route=\/wp\/v2\/types\/post"}],"author":[{"embeddable":true,"href":"https:\/\/dekkbi.com\/index.php?rest_route=\/wp\/v2\/users\/1"}],"replies":[{"embeddable":true,"href":"https:\/\/dekkbi.com\/index.php?rest_route=%2Fwp%2Fv2%2Fcomments&post=61918"}],"version-history":[{"count":1,"href":"https:\/\/dekkbi.com\/index.php?rest_route=\/wp\/v2\/posts\/61918\/revisions"}],"predecessor-version":[{"id":61920,"href":"https:\/\/dekkbi.com\/index.php?rest_route=\/wp\/v2\/posts\/61918\/revisions\/61920"}],"wp:featuredmedia":[{"embeddable":true,"href":"https:\/\/dekkbi.com\/index.php?rest_route=\/wp\/v2\/media\/61919"}],"wp:attachment":[{"href":"https:\/\/dekkbi.com\/index.php?rest_route=%2Fwp%2Fv2%2Fmedia&parent=61918"}],"wp:term":[{"taxonomy":"category","embeddable":true,"href":"https:\/\/dekkbi.com\/index.php?rest_route=%2Fwp%2Fv2%2Fcategories&post=61918"},{"taxonomy":"post_tag","embeddable":true,"href":"https:\/\/dekkbi.com\/index.php?rest_route=%2Fwp%2Fv2%2Ftags&post=61918"}],"curies":[{"name":"wp","href":"https:\/\/api.w.org\/{rel}","templated":true}]}}