{"id":61912,"date":"2025-09-03T16:05:31","date_gmt":"2025-09-03T16:05:31","guid":{"rendered":"https:\/\/dekkbi.com\/?p=61912"},"modified":"2025-09-03T16:05:32","modified_gmt":"2025-09-03T16:05:32","slug":"daaray-maktuum-relais-des-enseignements-de-serigne-cheikh-ahmed-tidiane-sy","status":"publish","type":"post","link":"https:\/\/dekkbi.com\/?p=61912","title":{"rendered":"\u00a0Daaray Maktuum, relais des enseignements de Serigne Cheikh Ahmed Tidiane Sy"},"content":{"rendered":"\n<p><strong>En pr\u00e9lude au centenaire de la naissance du 5e khalife de Maodo, pr\u00e9vu le 29 d\u00e9cembre prochain, et \u00e0 la c\u00e9l\u00e9bration du Mawlid, le groupe de r\u00e9flexion \u00ab Daaray Maktuum \u00bb entend raviver l\u2019\u00e9cole maktoumienne et la rendre plus accessible aux fid\u00e8les.<\/strong><\/p>\n\n\n\n<p>Cette organisation, qui se veut \u00e0 la fois un espace scientifique et un appel \u00e0 la foi, place au c\u0153ur de ses activit\u00e9s la diffusion des enseignements de Seydi Cheikh Ahmed Tidiane Sy.<\/p>\n\n\n\n<p>Dans un entretien, Abdoul Aziz Gaye, membre du comit\u00e9, a r\u00e9v\u00e9l\u00e9 que les travaux ont d\u00e9but\u00e9 par l\u2019\u00e9tude du discours du Cheikh prononc\u00e9 en 1982 \u00e0 Tivaouane, \u00e0 l\u2019occasion du Gamou. Ce texte, traduit en fran\u00e7ais, en arabe et en anglais, est accompagn\u00e9 d\u2019un glossaire explicatif de certains termes en arabe.<\/p>\n\n\n\n<figure class=\"wp-block-embed is-type-rich is-provider-prise-en-charge-des-contenus-embarqu-s wp-block-embed-prise-en-charge-des-contenus-embarqu-s wp-embed-aspect-16-9 wp-has-aspect-ratio\"><div class=\"wp-block-embed__wrapper\">\n<iframe loading=\"lazy\" title=\"Daaray Maktuum, relais des enseignements de Serigne Cheikh Ahmed Tidiane Sy\" width=\"800\" height=\"450\" src=\"https:\/\/www.youtube.com\/embed\/tifOuuPILgQ?feature=oembed\" frameborder=\"0\" allow=\"accelerometer; autoplay; clipboard-write; encrypted-media; gyroscope; picture-in-picture; web-share\" referrerpolicy=\"strict-origin-when-cross-origin\" allowfullscreen><\/iframe>\n<\/div><\/figure>\n\n\n\n<p>\u00ab L\u2019objectif est de permettre \u00e0 chacun d\u2019en saisir le sens et surtout de mettre en pratique ces enseignements, aussi bien dans sa vie personnelle que dans sa vie sociale \u00bb, a-t-il indiqu\u00e9.<\/p>\n\n\n\n<p>Pour lui, Seydi Cheikh Ahmed Tidiane Sy \u00e9tait \u00ab un homme de science multidimensionnel et un mystique de rayonnement pluridisciplinaire, l\u2019incarnation de l\u2019\u00e9cole qui prolonge \u2013 dans le temps et l\u2019espace \u2013 celle fond\u00e9e par son grand-p\u00e8re, Cheikh Seydi El Hadj Malick Sy \u00bb. Le groupe de r\u00e9flexion est d\u2019ailleurs compos\u00e9 de talib\u00e9s et de savants.<\/p>\n\n\n\n<p>Selon les membres du Comit\u00e9 scientifique, le 5e khalife a jou\u00e9 un r\u00f4le majeur dans l\u2019expansion de cette \u00e9cole en y apportant sa propre touche intellectuelle et spirituelle. \u00ab Et ce, gr\u00e2ce \u00e0 une ma\u00eetrise exceptionnelle de tous les registres de connaissances, aussi bien th\u00e9oriques que conceptuelles, nourrie par une culture brillante et foisonnante \u00bb, soulignent-ils.<\/p>\n\n\n\n<p>M. Gaye estime que \u00ab de par son savoir encyclop\u00e9dique, sa dimension intellectuelle polyvalente et ses efforts constants en mati\u00e8re de r\u00e9forme et d\u2019innovation, il incarne aujourd\u2019hui une v\u00e9ritable \u201cuniversit\u00e9 virtuelle\u201d, avec ses amphith\u00e9\u00e2tres et ses apports p\u00e9dagogiques \u00e0 la fois mat\u00e9riels et immat\u00e9riels \u00bb.<\/p>\n\n\n\n<p>Ainsi, ses enseignements conservent une pertinence intemporelle, en phase avec les g\u00e9n\u00e9rations pr\u00e9sentes et futures, confirmant le sens de ses propres paroles : \u00ab Mes performances cognitives \u00e0 moi resteront dans les annales de l\u2019Histoire !\u00bb<\/p>\n\n\n\n<p><strong>Un r\u00e9f\u00e9rentiel holistique et \u00e9clairant<\/strong><\/p>\n\n\n\n<p>Abdoul Aziz Gaye a \u00e9galement tenu \u00e0 rappeler que ces \u00ab prouesses intellectuelles \u00bb enrichissent la vie aussi bien dans sa dimension profane que sacr\u00e9e, avec la vertu singuli\u00e8re de pr\u00e9munir l\u2019homme contre l\u2019\u00e9chec et la v\u00e9nalit\u00e9.<\/p>\n\n\n\n<p>Le Comit\u00e9 a d\u2019ailleurs annonc\u00e9 une s\u00e9rie d\u2019activit\u00e9s pour vulgariser les enseignements de Serigne Cheikh, ainsi que ses r\u00e9flexions in\u00e9dites qui, selon eux, constituent un r\u00e9f\u00e9rentiel holistique et \u00e9clairant, une v\u00e9ritable base de solutions pour les enjeux cruciaux de notre \u00e9poque.<\/p>\n\n\n\n<p>\u00ab Les enseignements du Cheikh permettent au chercheur d\u2019obtenir des r\u00e9ponses claires sur les probl\u00e9matiques actuelles. Ils stimulent aussi l\u2019engagement et la conviction n\u00e9cessaires pour affronter les d\u00e9fis et mutations de la soci\u00e9t\u00e9 \u00bb, ajoute notre interlocuteur.<\/p>\n\n\n\n<p>Le groupe \u00ab Daaray Maktuum \u00bb s\u2019engage, enfin, \u00e0 amplifier le champ d\u2019audience et de b\u00e9n\u00e9fices de ce riche h\u00e9ritage spirituel et intellectuel.<\/p>\n\n\n\n<p><strong>Salla GUEYE \u2013 Pape Lamane Samba FAYE<\/strong><\/p>\n","protected":false},"excerpt":{"rendered":"<p>En pr\u00e9lude au centenaire de la naissance du 5e khalife de Maodo, pr\u00e9vu le 29 d\u00e9cembre prochain, et \u00e0 la<\/p>\n","protected":false},"author":1,"featured_media":61916,"comment_status":"open","ping_status":"open","sticky":false,"template":"","format":"standard","meta":{"footnotes":""},"categories":[21],"tags":[],"class_list":["post-61912","post","type-post","status-publish","format-standard","has-post-thumbnail","hentry","category-societe"],"_links":{"self":[{"href":"https:\/\/dekkbi.com\/index.php?rest_route=\/wp\/v2\/posts\/61912","targetHints":{"allow":["GET"]}}],"collection":[{"href":"https:\/\/dekkbi.com\/index.php?rest_route=\/wp\/v2\/posts"}],"about":[{"href":"https:\/\/dekkbi.com\/index.php?rest_route=\/wp\/v2\/types\/post"}],"author":[{"embeddable":true,"href":"https:\/\/dekkbi.com\/index.php?rest_route=\/wp\/v2\/users\/1"}],"replies":[{"embeddable":true,"href":"https:\/\/dekkbi.com\/index.php?rest_route=%2Fwp%2Fv2%2Fcomments&post=61912"}],"version-history":[{"count":1,"href":"https:\/\/dekkbi.com\/index.php?rest_route=\/wp\/v2\/posts\/61912\/revisions"}],"predecessor-version":[{"id":61917,"href":"https:\/\/dekkbi.com\/index.php?rest_route=\/wp\/v2\/posts\/61912\/revisions\/61917"}],"wp:featuredmedia":[{"embeddable":true,"href":"https:\/\/dekkbi.com\/index.php?rest_route=\/wp\/v2\/media\/61916"}],"wp:attachment":[{"href":"https:\/\/dekkbi.com\/index.php?rest_route=%2Fwp%2Fv2%2Fmedia&parent=61912"}],"wp:term":[{"taxonomy":"category","embeddable":true,"href":"https:\/\/dekkbi.com\/index.php?rest_route=%2Fwp%2Fv2%2Fcategories&post=61912"},{"taxonomy":"post_tag","embeddable":true,"href":"https:\/\/dekkbi.com\/index.php?rest_route=%2Fwp%2Fv2%2Ftags&post=61912"}],"curies":[{"name":"wp","href":"https:\/\/api.w.org\/{rel}","templated":true}]}}