{"id":61889,"date":"2025-09-02T11:28:57","date_gmt":"2025-09-02T11:28:57","guid":{"rendered":"https:\/\/dekkbi.com\/?p=61889"},"modified":"2025-09-02T11:28:57","modified_gmt":"2025-09-02T11:28:57","slug":"portrait-abdou-diouf-le-parcours-du-batisseur-discret-de-la-democratie-senegalaise","status":"publish","type":"post","link":"https:\/\/dekkbi.com\/?p=61889","title":{"rendered":"Portrait \u2013 Abdou Diouf : le parcours du b\u00e2tisseur discret de la d\u00e9mocratie s\u00e9n\u00e9galaise"},"content":{"rendered":"\n<p><a href=\"https:\/\/lesoleil.sn\/wp-content\/uploads\/2025\/09\/Abdou-Diouf.jpg\"><\/a><strong>Certains leaders \u00e9crivent l\u2019histoire dans le fracas et le tumulte, d\u2019autres le font dans le silence m\u00e9thodique du travail d\u2019orf\u00e8vre. Abdou Diouf appartient \u00e0 cette seconde cat\u00e9gorie.<\/strong><\/p>\n\n\n\n<p>Technocrate \u00e9minent et administrateur de haut vol, il a h\u00e9rit\u00e9 du pouvoir dans un moment de transition d\u00e9licat et l\u2019a conduit avec une discr\u00e9tion et une s\u00e9r\u00e9nit\u00e9 qui ont durablement marqu\u00e9 l\u2019\u00c9tat du S\u00e9n\u00e9gal. H\u00e9ritier d\u00e9sign\u00e9 de L\u00e9opold S\u00e9dar Senghor, le natif de Louga a eu la lourde t\u00e2che de consolider les fondations d\u2019une jeune r\u00e9publique.<\/p>\n\n\n\n<p>N\u00e9 le 7 septembre 1935 \u00e0 Louga, Abdou Diouf, d\u2019ascendance s\u00e9r\u00e8re et toucouleur, est une figure majeure de l\u2019histoire politique s\u00e9n\u00e9galaise. Son parcours, depuis une enfance pass\u00e9e \u00e0 Saint-Louis jusqu\u2019\u00e0 la direction de l\u2019Organisation internationale de la Francophonie, est celui d\u2019un homme de devoir et de continuit\u00e9.<\/p>\n\n\n\n<p>Fils de postier, Abdou Diouf grandit \u00e0 Saint-Louis, o\u00f9 il effectue la quasi-totalit\u00e9 de son cursus scolaire, de l\u2019\u00e9cole coranique jusqu\u2019au baccalaur\u00e9at. Cette \u00e9ducation biculturelle, \u00e0 la fois religieuse et occidentale, forge sa vision. Il s\u2019inscrit ensuite \u00e0 l\u2019Universit\u00e9 de Dakar pour y \u00e9tudier le droit, avant de rejoindre l\u2019\u00c9cole nationale de la France d\u2019outre-mer (ENFOM) \u00e0 Paris en 1959. Cette formation administrative de haut niveau le pr\u00e9pare \u00e0 sa future carri\u00e8re au service du jeune \u00c9tat s\u00e9n\u00e9galais. D\u00e8s l\u2019ind\u00e9pendance en 1960, il rentre au S\u00e9n\u00e9gal et int\u00e8gre la fonction publique.<\/p>\n\n\n\n<h4 class=\"wp-block-heading\">L\u2019ascension au c\u0153ur du pouvoir<\/h4>\n\n\n\n<p>Abdou Diouf gravit rapidement les \u00e9chelons au sein de l\u2019administration et du gouvernement. De 1961 \u00e0 1962, il est gouverneur de la r\u00e9gion du Sine-Saloum. Puis il est nomm\u00e9 directeur de cabinet du pr\u00e9sident L\u00e9opold S\u00e9dar Senghor en 1963, avant de devenir Secr\u00e9taire g\u00e9n\u00e9ral de la Pr\u00e9sidence de la R\u00e9publique de 1964 \u00e0 1968. De 1968 \u00e0 1970, il occupe le poste de ministre du Plan et de l\u2019Industrie.<\/p>\n\n\n\n<p>C\u2019est en f\u00e9vrier 1970 qu\u2019il acc\u00e8de \u00e0 la fonction de Premier ministre. Pendant onze ans, il travaille aux c\u00f4t\u00e9s de Senghor, ce qui le positionne naturellement comme son successeur.<\/p>\n\n\n\n<h4 class=\"wp-block-heading\">Un mandat marqu\u00e9 par des r\u00e9formes et des d\u00e9fis<\/h4>\n\n\n\n<p>Le 1er janvier 1981, Abdou Diouf devient le deuxi\u00e8me pr\u00e9sident de la R\u00e9publique du S\u00e9n\u00e9gal apr\u00e8s le retrait de L\u00e9opold S\u00e9dar Senghor. Sa pr\u00e9sidence est une p\u00e9riode de grandes transformations. Entre r\u00e9formes politiques, d\u00e9fis \u00e9conomiques et r\u00f4le diplomatique, Abdou Diouf tient le cap. La premi\u00e8re action notable de son mandat est l\u2019instauration du multipartisme int\u00e9gral en 1981, un tournant majeur pour la d\u00e9mocratie s\u00e9n\u00e9galaise.<\/p>\n\n\n\n<p>Il remporte ensuite les \u00e9lections de 1983, 1988 et 1993, consolidant son autorit\u00e9. Confront\u00e9 \u00e0 une crise \u00e9conomique mondiale, il met en place des programmes d\u2019ajustement structurel pour stabiliser l\u2019\u00e9conomie du pays. Sur la sc\u00e8ne internationale, il pr\u00e9side l\u2019Organisation de l\u2019unit\u00e9 africaine (OUA) \u00e0 deux reprises (1985-1986 et 1992), contribuant \u00e0 faire entendre la voix de l\u2019Afrique.<\/p>\n\n\n\n<h4 class=\"wp-block-heading\">L\u2019alternance d\u00e9mocratique et la carri\u00e8re internationale<\/h4>\n\n\n\n<p>Apr\u00e8s 19 ans au pouvoir, Abdou Diouf perd l\u2019\u00e9lection pr\u00e9sidentielle de 2000 face \u00e0 son opposant historique, Ma\u00eetre Abdoulaye Wade. Cette d\u00e9faite, accept\u00e9e pacifiquement, est salu\u00e9e comme un exemple d\u2019alternance d\u00e9mocratique r\u00e9ussie en Afrique.<\/p>\n\n\n\n<p>Loin de se retirer de la vie publique, il entame une nouvelle carri\u00e8re internationale. Le 20 octobre 2002, il est \u00e9lu Secr\u00e9taire g\u00e9n\u00e9ral de l\u2019Organisation internationale de la Francophonie (OIF) \u00e0 Beyrouth. Il sera r\u00e9\u00e9lu \u00e0 l\u2019unanimit\u00e9 en 2006 et 2010, avant de quitter ses fonctions en 2014, apr\u00e8s avoir modernis\u00e9 l\u2019institution et \u0153uvr\u00e9 pour la promotion de la langue fran\u00e7aise, de la d\u00e9mocratie et des droits de l\u2019homme.<\/p>\n\n\n\n<p>Abdou Diouf reste aujourd\u2019hui une figure respect\u00e9e, symbole d\u2019une transition politique r\u00e9ussie et d\u2019un engagement constant au service de la paix et du dialogue.<\/p>\n\n\n\n<p><strong>Djibril DIAO<\/strong><\/p>\n\n\n\n<p>PS: Pour c\u00e9l\u00e9brer ses 90 ans le 7 septembre prochain, Le Soleil ouvre cette semaine un album souvenir d\u00e9di\u00e9 \u00e0 Abdou Diouf, retra\u00e7ant le parcours d\u2019un b\u00e2tisseur discret et visionnaire de la d\u00e9mocratie s\u00e9n\u00e9galaise.<\/p>\n","protected":false},"excerpt":{"rendered":"<p>Certains leaders \u00e9crivent l\u2019histoire dans le fracas et le tumulte, d\u2019autres le font dans le silence m\u00e9thodique du travail d\u2019orf\u00e8vre.<\/p>\n","protected":false},"author":1,"featured_media":41255,"comment_status":"open","ping_status":"open","sticky":false,"template":"","format":"standard","meta":{"footnotes":""},"categories":[6],"tags":[],"class_list":["post-61889","post","type-post","status-publish","format-standard","has-post-thumbnail","hentry","category-politics"],"_links":{"self":[{"href":"https:\/\/dekkbi.com\/index.php?rest_route=\/wp\/v2\/posts\/61889","targetHints":{"allow":["GET"]}}],"collection":[{"href":"https:\/\/dekkbi.com\/index.php?rest_route=\/wp\/v2\/posts"}],"about":[{"href":"https:\/\/dekkbi.com\/index.php?rest_route=\/wp\/v2\/types\/post"}],"author":[{"embeddable":true,"href":"https:\/\/dekkbi.com\/index.php?rest_route=\/wp\/v2\/users\/1"}],"replies":[{"embeddable":true,"href":"https:\/\/dekkbi.com\/index.php?rest_route=%2Fwp%2Fv2%2Fcomments&post=61889"}],"version-history":[{"count":1,"href":"https:\/\/dekkbi.com\/index.php?rest_route=\/wp\/v2\/posts\/61889\/revisions"}],"predecessor-version":[{"id":61890,"href":"https:\/\/dekkbi.com\/index.php?rest_route=\/wp\/v2\/posts\/61889\/revisions\/61890"}],"wp:featuredmedia":[{"embeddable":true,"href":"https:\/\/dekkbi.com\/index.php?rest_route=\/wp\/v2\/media\/41255"}],"wp:attachment":[{"href":"https:\/\/dekkbi.com\/index.php?rest_route=%2Fwp%2Fv2%2Fmedia&parent=61889"}],"wp:term":[{"taxonomy":"category","embeddable":true,"href":"https:\/\/dekkbi.com\/index.php?rest_route=%2Fwp%2Fv2%2Fcategories&post=61889"},{"taxonomy":"post_tag","embeddable":true,"href":"https:\/\/dekkbi.com\/index.php?rest_route=%2Fwp%2Fv2%2Ftags&post=61889"}],"curies":[{"name":"wp","href":"https:\/\/api.w.org\/{rel}","templated":true}]}}