{"id":61881,"date":"2025-09-02T11:13:14","date_gmt":"2025-09-02T11:13:14","guid":{"rendered":"https:\/\/dekkbi.com\/?p=61881"},"modified":"2025-09-02T11:13:15","modified_gmt":"2025-09-02T11:13:15","slug":"education-septembre-un-mois-charge-en-vue-de-la-rentree-scolaire","status":"publish","type":"post","link":"https:\/\/dekkbi.com\/?p=61881","title":{"rendered":"Education: Septembre, un mois charg\u00e9 en vue de la rentr\u00e9e scolaire"},"content":{"rendered":"\n<p><a href=\"https:\/\/lesoleil.sn\/wp-content\/uploads\/2025\/06\/ecole-01.jpg\"><\/a><strong>Dernier mois des vacances, septembre est aussi une p\u00e9riode de pr\u00e9paration et de r\u00e9vision des calendriers scolaires. Certains \u00e9tablissements priv\u00e9s, affili\u00e9s au programme \u00e9tranger, d\u00e9marrent leur ann\u00e9e acad\u00e9mique durant ce mois et d\u2019autres, sp\u00e9cifiquement s\u00e9n\u00e9galais, prolongent des cours de vacances entam\u00e9s d\u00e8s mi-ao\u00fbt.\u00a0\u00a0<\/strong><\/p>\n\n\n\n<p>C\u2019est bient\u00f4t la rentr\u00e9e scolaire dans certains \u00e9tablissements priv\u00e9s pratiquant le programme \u00e9tranger. \u00c0 l\u2019institution Sainte Jeanne d\u2019Arc de Dakar, situ\u00e9e au c\u0153ur de la capitale, pr\u00e8s de la cath\u00e9drale Notre-Dame des Victoires (cath\u00e9drale du souvenir africain), \u00e9l\u00e8ves et parents font des allers-retours, ce 21 ao\u00fbt 2025, entre le bureau \u00ab \u00c9conomat \u00bb, l\u2019accueil et le reste de l\u2019administration situ\u00e9e derri\u00e8re le comptoir qui laisse un chemin menant \u00e0 l\u2019int\u00e9rieur de l\u2019\u00e9cole. Impossible de d\u00e9passer cet espace. L\u2019acc\u00e8s est interdit. Il faut une autorisation et ce n\u2019est pas pour aujourd\u2019hui.<\/p>\n\n\n\n<p>Une demande adress\u00e9e au proviseur reste sans suite. Mais cela n\u2019emp\u00eache pas de constater les chaleureuses accolades entre les camarades, feuilles en main, o\u00f9 l\u2019on peut lire la mention \u00ab Relev\u00e9 de notes \u00bb, sans oublier la patience des parents pour inscrire ou r\u00e9inscrire leur prog\u00e9niture. D\u2019ailleurs, une affiche sur la vitre de l\u2019accueil renseigne que les inscriptions et les r\u00e9inscriptions sont ouvertes depuis le 19 ao\u00fbt 2025. Au rythme des d\u00e9buts scolaires Awa Bao, venue inscrire sa fille, Aminata Seck, en classe de premi\u00e8re dit appr\u00e9cier la rigueur, l\u2019exigence dans le travail et le bon suivi des \u00e9l\u00e8ves. Malgr\u00e9 la chert\u00e9, \u00ab 241.000 FCfa par mois sans le transport ni les frais de la cantine \u00bb, la r\u00e9sidante de Sicap Foire, sourire aux l\u00e8vres, se dit satisfaite de la qualit\u00e9 de l\u2019enseignement.<\/p>\n\n\n\n<p>Elle rench\u00e9rit qu\u2019elle et sa fille s\u2019y reconnaissent bien que les enfants en g\u00e9n\u00e9ral n\u2019appr\u00e9cient pas la rigueur. Pour Bernadette, une autre m\u00e8re en compagnie de son fils Jacques (Ndlr : noms d\u2019emprunt), l\u2019institution Sainte Jeanne d\u2019Arc est \u00ab une bonne r\u00e9f\u00e9rence \u00bb. Arriv\u00e9e r\u00e9cemment \u00e0 Dakar, elle a choisi d\u2019inscrire Jacques en classe de troisi\u00e8me du fait de la \u00ab rigueur et du s\u00e9rieux dans l\u2019\u00e9ducation \u00bb dont a fait preuve l\u2019\u00e9tablissement. \u00c0 l\u2019\u00e9cole franco-s\u00e9n\u00e9galaise, l\u2019ambiance est diff\u00e9rente. Cet \u00e9tablissement \u00e9l\u00e9mentaire est situ\u00e9 \u00e0 Fann, pr\u00e8s de la corniche, rue Aim\u00e9 C\u00e9saire.<\/p>\n\n\n\n<p>Deux parents \u00e9changent avec Liliane Ndiaye, assistante de Mme Sauvel, la directrice de l\u2019\u00e9cole. Mme Ndiaye confirme que la rentr\u00e9e est pr\u00e9vue le 2 septembre 2025 et que l\u2019\u00e9tablissement a re\u00e7u beaucoup de demandes. Elle informe que l\u2019\u00e9cole prend chaque ann\u00e9e, 400 \u00e9l\u00e8ves r\u00e9partis en trois classes de 26 \u00e9l\u00e8ves pour chaque niveau, du Cp au Cm2. Liliane Ndiaye explique que l\u2019\u00e9tablissement suit un programme fran\u00e7ais et un programme s\u00e9n\u00e9galais. Ce dernier intervient \u00e0 partir du Cm1 dans la pr\u00e9paration des \u00e9l\u00e8ves au Certificat de fin d\u2019\u00e9tudes \u00e9l\u00e9mentaires (Cfee) et c\u2019est le m\u00eame dipl\u00f4me que les autres \u00e9tablissements publics, pr\u00e9cise Mme Ndiaye. Elle souligne que la diff\u00e9rence se note sur le plan p\u00e9dagogique.<\/p>\n\n\n\n<p>La m\u00eame mouvance s\u2019observe dans les autres \u00e9tablissements priv\u00e9s s\u00e9n\u00e9galais \u00e0 l\u2019image du Lyc\u00e9e Birago Diop. Dans les locaux de l\u2019annexe 3 de ladite \u00e9cole sis au Point E, \u00e0 la deuxi\u00e8me porte de l\u2019immeuble administratif, quatre agents, dont une femme v\u00eatue de blanc sont occup\u00e9s avec des parents venus inscrire leurs enfants. Les derniers \u00e0 venir patientent dans un mini salon en fauteuils rouges dispos\u00e9s en face du p\u00f4le administratif. D\u2019apr\u00e8s le proviseur, Abdoulaye Biaye, les inscriptions pour la nouvelle ann\u00e9e acad\u00e9mique et celles des cours de vacances sont ouvertes.<\/p>\n\n\n\n<p>Pour cette \u00e9cole, la rentr\u00e9e est pr\u00e9vue au mois d\u2019octobre. Mais ce sont les cours de vacances qui se pr\u00e9parent. Elles sont programm\u00e9es du 28 ao\u00fbt au 24 septembre et les frais d\u2019inscriptions sont fix\u00e9s \u00e0 25.000 FCfa pour toutes les classes confondues, selon les renseignements de M. Biaye. Il avance que les programmes sont centr\u00e9s sur les mati\u00e8res dominantes, notamment les math\u00e9matiques, le fran\u00e7ais, l\u2019anglais.<\/p>\n\n\n\n<p><strong>A\u00efda GUEYE&nbsp;<\/strong><\/p>\n","protected":false},"excerpt":{"rendered":"<p>Dernier mois des vacances, septembre est aussi une p\u00e9riode de pr\u00e9paration et de r\u00e9vision des calendriers scolaires. Certains \u00e9tablissements priv\u00e9s,<\/p>\n","protected":false},"author":1,"featured_media":49226,"comment_status":"open","ping_status":"open","sticky":false,"template":"","format":"standard","meta":{"footnotes":""},"categories":[21],"tags":[],"class_list":["post-61881","post","type-post","status-publish","format-standard","has-post-thumbnail","hentry","category-societe"],"_links":{"self":[{"href":"https:\/\/dekkbi.com\/index.php?rest_route=\/wp\/v2\/posts\/61881","targetHints":{"allow":["GET"]}}],"collection":[{"href":"https:\/\/dekkbi.com\/index.php?rest_route=\/wp\/v2\/posts"}],"about":[{"href":"https:\/\/dekkbi.com\/index.php?rest_route=\/wp\/v2\/types\/post"}],"author":[{"embeddable":true,"href":"https:\/\/dekkbi.com\/index.php?rest_route=\/wp\/v2\/users\/1"}],"replies":[{"embeddable":true,"href":"https:\/\/dekkbi.com\/index.php?rest_route=%2Fwp%2Fv2%2Fcomments&post=61881"}],"version-history":[{"count":1,"href":"https:\/\/dekkbi.com\/index.php?rest_route=\/wp\/v2\/posts\/61881\/revisions"}],"predecessor-version":[{"id":61882,"href":"https:\/\/dekkbi.com\/index.php?rest_route=\/wp\/v2\/posts\/61881\/revisions\/61882"}],"wp:featuredmedia":[{"embeddable":true,"href":"https:\/\/dekkbi.com\/index.php?rest_route=\/wp\/v2\/media\/49226"}],"wp:attachment":[{"href":"https:\/\/dekkbi.com\/index.php?rest_route=%2Fwp%2Fv2%2Fmedia&parent=61881"}],"wp:term":[{"taxonomy":"category","embeddable":true,"href":"https:\/\/dekkbi.com\/index.php?rest_route=%2Fwp%2Fv2%2Fcategories&post=61881"},{"taxonomy":"post_tag","embeddable":true,"href":"https:\/\/dekkbi.com\/index.php?rest_route=%2Fwp%2Fv2%2Ftags&post=61881"}],"curies":[{"name":"wp","href":"https:\/\/api.w.org\/{rel}","templated":true}]}}