{"id":61861,"date":"2025-08-29T17:15:54","date_gmt":"2025-08-29T17:15:54","guid":{"rendered":"https:\/\/dekkbi.com\/?p=61861"},"modified":"2025-08-29T17:21:52","modified_gmt":"2025-08-29T17:21:52","slug":"lespagne-recupere-son-ballon-dor-pour-entamer-les-eliminatoires-du-mondial","status":"publish","type":"post","link":"https:\/\/dekkbi.com\/?p=61861","title":{"rendered":"L\u2019Espagne r\u00e9cup\u00e8re son Ballon d\u2019Or pour entamer les \u00e9liminatoires du Mondial"},"content":{"rendered":"\n<p>Apr\u00e8s avoir \u00e9chou\u00e9 en finale de la Ligue des Nations en juin, l\u2019Espagne va entamer son parcours vers le Mondial 2026 contre la Bulgarie et la Turquie. Avec Rodri, le Ballon d\u2019Or, qui effectue son retour dans la s\u00e9lection apr\u00e8s plus d\u2019un an d\u2019absence.<\/p>\n\n\n\n<p><strong>Pierre Ghislain\u00a0<\/strong> &#8211; SOURCE RFI<\/p>\n\n\n\n<p>Le s\u00e9lectionneur de l\u2019Espagne Luis de la Fuente a d\u00e9voil\u00e9 vendredi sa liste pour les rencontres de qualifications au Mondial 2026 face \u00e0 la Bulgarie et la Turquie, o\u00f9 figurent Dani Carvajal et Rodri, de retour apr\u00e8s un an d\u2019absence.<\/p>\n\n\n\n<p>Le lat\u00e9ral droit du Real Madrid et le Ballon d\u2019Or 2024 de Manchester City n\u2019avaient plus port\u00e9 le maillot de la Roja depuis le 8 septembre 2024, et un match gagn\u00e9 face \u00e0 la Suisse (4-1) en Ligue des nations, tous deux touch\u00e9s par une blessure au ligament crois\u00e9 \u00e0 un genou.<\/p>\n\n\n\n<p>Les deux joueurs, qui ont fait leur retour cet \u00e9t\u00e9 dans leurs clubs respectifs \u00e0 la Coupe du monde des clubs, seront donc pr\u00e9sents pour le voyage en Bulgarie le 4 septembre, avant la r\u00e9ception de la Turquie le 7 septembre. La G\u00e9orgie est la quatri\u00e8me nation de cette poule E, dont le premier sera directement qualifi\u00e9 pour la Coupe du monde organis\u00e9e entre les \u00c9tats-Unis, le Canada et le Mexique, l\u2019\u00e9t\u00e9 prochain.<\/p>\n\n\n\n<p>Jesus Rodriguez, jeune attaquant de 19 ans form\u00e9 au Real Betis, qui a rejoint C\u00f4me en Italie cet \u00e9t\u00e9, a re\u00e7u sa premi\u00e8re convocation avec les finalistes d\u00e9\u00e7us de la derni\u00e8re \u00e9dition de la Ligue des nations, battus par le Portugal (2-2, 5 tirs aux buts \u00e0 3).<\/p>\n","protected":false},"excerpt":{"rendered":"<p>Apr\u00e8s avoir \u00e9chou\u00e9 en finale de la Ligue des Nations en juin, l\u2019Espagne va entamer son parcours vers le Mondial<\/p>\n","protected":false},"author":1,"featured_media":61869,"comment_status":"open","ping_status":"open","sticky":false,"template":"","format":"standard","meta":{"footnotes":""},"categories":[9],"tags":[],"class_list":["post-61861","post","type-post","status-publish","format-standard","has-post-thumbnail","hentry","category-sports"],"_links":{"self":[{"href":"https:\/\/dekkbi.com\/index.php?rest_route=\/wp\/v2\/posts\/61861","targetHints":{"allow":["GET"]}}],"collection":[{"href":"https:\/\/dekkbi.com\/index.php?rest_route=\/wp\/v2\/posts"}],"about":[{"href":"https:\/\/dekkbi.com\/index.php?rest_route=\/wp\/v2\/types\/post"}],"author":[{"embeddable":true,"href":"https:\/\/dekkbi.com\/index.php?rest_route=\/wp\/v2\/users\/1"}],"replies":[{"embeddable":true,"href":"https:\/\/dekkbi.com\/index.php?rest_route=%2Fwp%2Fv2%2Fcomments&post=61861"}],"version-history":[{"count":1,"href":"https:\/\/dekkbi.com\/index.php?rest_route=\/wp\/v2\/posts\/61861\/revisions"}],"predecessor-version":[{"id":61862,"href":"https:\/\/dekkbi.com\/index.php?rest_route=\/wp\/v2\/posts\/61861\/revisions\/61862"}],"wp:featuredmedia":[{"embeddable":true,"href":"https:\/\/dekkbi.com\/index.php?rest_route=\/wp\/v2\/media\/61869"}],"wp:attachment":[{"href":"https:\/\/dekkbi.com\/index.php?rest_route=%2Fwp%2Fv2%2Fmedia&parent=61861"}],"wp:term":[{"taxonomy":"category","embeddable":true,"href":"https:\/\/dekkbi.com\/index.php?rest_route=%2Fwp%2Fv2%2Fcategories&post=61861"},{"taxonomy":"post_tag","embeddable":true,"href":"https:\/\/dekkbi.com\/index.php?rest_route=%2Fwp%2Fv2%2Ftags&post=61861"}],"curies":[{"name":"wp","href":"https:\/\/api.w.org\/{rel}","templated":true}]}}