{"id":61784,"date":"2025-08-27T16:41:52","date_gmt":"2025-08-27T16:41:52","guid":{"rendered":"https:\/\/dekkbi.com\/?p=61784"},"modified":"2025-08-27T16:41:53","modified_gmt":"2025-08-27T16:41:53","slug":"parti-socialiste-wilane-plaide-pour-un-reglement-interne-des-differends","status":"publish","type":"post","link":"https:\/\/dekkbi.com\/?p=61784","title":{"rendered":"Parti socialiste : Wilane plaide pour un r\u00e8glement interne des diff\u00e9rends"},"content":{"rendered":"\n<h3 class=\"wp-block-heading\">Face aux tensions internes marqu\u00e9es par une plainte d\u00e9pos\u00e9e contre la direction, le porte-parole du Parti socialiste, Abdoulaye Wilane, appelle \u00e0 privil\u00e9gier le dialogue et \u00e0 \u00e9viter la judiciarisation du conflit.<\/h3>\n\n\n\n<p>Le Parti socialiste traverse une zone de turbulence, apr\u00e8s qu\u2019un groupe de militants a d\u00e9pos\u00e9 une plainte visant la direction actuelle. Une initiative qui, selon Abdoulaye Wilane, porte-parole du parti, ne correspond pas \u00e0 l\u2019esprit de cette formation historique.<\/p>\n\n\n\n<p>Dans un communiqu\u00e9 dat\u00e9 du 26 ao\u00fbt 2025, M. Wilane a rappel\u00e9 que le PS s\u2019est toujours construit sur le dialogue et la solidarit\u00e9. \u00ab La r\u00e9solution d\u2019un conflit politique ne saurait trouver sa juste place devant les tribunaux \u00bb, a-t-il d\u00e9clar\u00e9, estimant que la judiciarisation serait une \u00ab blessure pour notre m\u00e9moire collective \u00bb.<\/p>\n\n\n\n<p>Il exhorte la secr\u00e9taire g\u00e9n\u00e9rale du parti \u00e0 recevoir rapidement les militants en d\u00e9saccord, m\u00eame ceux ayant saisi la justice, afin de renouer avec l\u2019esprit de famille politique.<\/p>\n\n\n\n<p>Pour M. Wilane, le Parti socialiste doit rester un espace de d\u00e9bat et de leadership partag\u00e9. \u00ab Nous avons les ressources humaines, morales et politiques pour r\u00e9gler nos diff\u00e9rends en interne \u00bb, conclut-il, appelant \u00e0 pr\u00e9server l\u2019h\u00e9ritage de justice sociale qui fait l\u2019ADN du PS.<\/p>\n\n\n\n<p>Mame Fatou K\u00e9b\u00e9<br>LERAL<\/p>\n","protected":false},"excerpt":{"rendered":"<p>Face aux tensions internes marqu\u00e9es par une plainte d\u00e9pos\u00e9e contre la direction, le porte-parole du Parti socialiste, Abdoulaye Wilane, appelle<\/p>\n","protected":false},"author":1,"featured_media":61730,"comment_status":"open","ping_status":"open","sticky":false,"template":"","format":"standard","meta":{"footnotes":""},"categories":[6],"tags":[],"class_list":["post-61784","post","type-post","status-publish","format-standard","has-post-thumbnail","hentry","category-politics"],"_links":{"self":[{"href":"https:\/\/dekkbi.com\/index.php?rest_route=\/wp\/v2\/posts\/61784","targetHints":{"allow":["GET"]}}],"collection":[{"href":"https:\/\/dekkbi.com\/index.php?rest_route=\/wp\/v2\/posts"}],"about":[{"href":"https:\/\/dekkbi.com\/index.php?rest_route=\/wp\/v2\/types\/post"}],"author":[{"embeddable":true,"href":"https:\/\/dekkbi.com\/index.php?rest_route=\/wp\/v2\/users\/1"}],"replies":[{"embeddable":true,"href":"https:\/\/dekkbi.com\/index.php?rest_route=%2Fwp%2Fv2%2Fcomments&post=61784"}],"version-history":[{"count":1,"href":"https:\/\/dekkbi.com\/index.php?rest_route=\/wp\/v2\/posts\/61784\/revisions"}],"predecessor-version":[{"id":61785,"href":"https:\/\/dekkbi.com\/index.php?rest_route=\/wp\/v2\/posts\/61784\/revisions\/61785"}],"wp:featuredmedia":[{"embeddable":true,"href":"https:\/\/dekkbi.com\/index.php?rest_route=\/wp\/v2\/media\/61730"}],"wp:attachment":[{"href":"https:\/\/dekkbi.com\/index.php?rest_route=%2Fwp%2Fv2%2Fmedia&parent=61784"}],"wp:term":[{"taxonomy":"category","embeddable":true,"href":"https:\/\/dekkbi.com\/index.php?rest_route=%2Fwp%2Fv2%2Fcategories&post=61784"},{"taxonomy":"post_tag","embeddable":true,"href":"https:\/\/dekkbi.com\/index.php?rest_route=%2Fwp%2Fv2%2Ftags&post=61784"}],"curies":[{"name":"wp","href":"https:\/\/api.w.org\/{rel}","templated":true}]}}