{"id":61739,"date":"2025-08-26T10:34:35","date_gmt":"2025-08-26T10:34:35","guid":{"rendered":"https:\/\/dekkbi.com\/?p=61739"},"modified":"2025-08-26T10:34:35","modified_gmt":"2025-08-26T10:34:35","slug":"lutte-senegalaise-les-confessions-exclusives-de-modou-lo-le-roi-des-arenes","status":"publish","type":"post","link":"https:\/\/dekkbi.com\/?p=61739","title":{"rendered":"Lutte s\u00e9n\u00e9galaise: les confessions exclusives de Modou L\u00f4, le roi des ar\u00e8nes"},"content":{"rendered":"\n<p>V\u00e9ritable l\u00e9gende vivante au S\u00e9n\u00e9gal, Modou L\u00f4 peut aujourd\u2019hui se targuer d\u2019\u00eatre le sportif le populaire dans son pays, loin devant des stars du foot comme Sadio Man\u00e9. Il est le roi incontest\u00e9 de l\u2019ar\u00e8ne s\u00e9n\u00e9galaise depuis six ans et compte encore le rester apr\u00e8s son combat pl\u00e9biscit\u00e9 et tr\u00e8s attendu contre le tr\u00e8s s\u00e9rieux challenger Sa Thi\u00e8s, le 5 avril prochain. Avant&nbsp;cette affiche, le lutteur de 39 ans, rencontr\u00e9 \u00e0 Paris, se confie en wolof sur son rapport avec le mystique, le MMA, la politique ainsi que sur son prochain successeur sur le tr\u00f4ne.<\/p>\n\n\n\n<p>Pour afficher ce contenu YouTube, il est n\u00e9cessaire d&rsquo;autoriser les cookies de mesure d&rsquo;audience et de publicit\u00e9.<\/p>\n\n\n\n<p>Par : Ndiasse Sambe &#8211; RFI<\/p>\n\n\n\n<p><strong>RFI : Modou L\u00f4, vous \u00eates le \u00ab&nbsp;roi des ar\u00e8nes&nbsp;\u00bb de la lutte s\u00e9n\u00e9galaise depuis juillet 2019. Quelle importance ou dimension rev\u00eat ce titre au S\u00e9n\u00e9gal&nbsp;?<\/strong><\/p>\n\n\n\n<p><strong>Modou L\u00f4 :&nbsp;<\/strong>Il faut savoir que la lutte s\u00e9n\u00e9galaise est le sport le plus populaire dans notre pays, m\u00eame devant le football quand il n\u2019y a pas les grands \u00e9v\u00e9nements comme la CAN ou la Coupe du monde. Quand tu es roi des ar\u00e8nes, tu es le champion de tous les lutteurs.<\/p>\n\n\n\n<p>On fait de la lutte avec frappe, un sport tr\u00e8s dur, de \u00ab&nbsp;Diambars&nbsp;\u00bb (guerriers), qui demande de la force, de la discipline et du courage. Quand tu es le meilleur dans ce domaine, c\u2019est une grosse fiert\u00e9. Mais \u00eatre un champion, cela ne veut pas dire tout se permettre parce que tu as battu tout le monde. C\u2019est un statut qu\u2019il faut incarner dans ton attitude, dans ta fa\u00e7on de parler, de te comporter. C\u2019est une grande responsabilit\u00e9.<\/p>\n\n\n\n<p><strong>On subit donc beaucoup de pression&#8230;<\/strong><\/p>\n\n\n\n<p>Il y a moins de pression qu\u2019on ne le pense \u00e0 \u00eatre roi des ar\u00e8nes. Car, on ne le devient pas du jour au lendemain. Le parcours pour y arriver est une formation et cela te forge psychologiquement \u00e0 assumer le statut naturellement le jour o\u00f9 tu deviens le roi.<\/p>\n\n\n\n<p><strong>\u00c0 quel moment avez-vous commenc\u00e9 \u00e0 r\u00eaver de la couronne ?<\/strong><\/p>\n\n\n\n<p>D\u00e8s que j&rsquo;ai d\u00e9but\u00e9 la lutte, j&rsquo;ai commenc\u00e9 \u00e0 r\u00eaver du titre. D\u00e8s mes premiers combats dans les \u00ab&nbsp;mbapatt&nbsp;\u00bb [des&nbsp;petits tournois de lutte traditionnelle organis\u00e9s dans les quartiers populaires, NDLR], j\u2019avais cette ambition. Le \u00ab&nbsp;mbapatt&nbsp;\u00bb, c\u2019est une \u00e9cole dans laquelle je me suis test\u00e9 face \u00e0 de gros morceaux et c&rsquo;est l\u00e0 o\u00f9 je me suis persuad\u00e9 que je pouvais entrer dans l&rsquo;ar\u00e8ne pour y faire une bonne carri\u00e8re.<\/p>\n\n\n\n<p>Mais le d\u00e9clic est survenu lors d\u2019un tournoi parrain\u00e9 par la mairie de Dakar. J\u2019avais gagn\u00e9 le titre lors de la deuxi\u00e8me \u00e9dition apr\u00e8s avoir perdu en finale lors de la premi\u00e8re. Apr\u00e8s ce tournoi-l\u00e0, Birahim Ndiaye, un ancien champion de lutte, qui est aussi entra\u00eeneur et consultant \u00e0 la t\u00e9l\u00e9vision, m\u2019a mis dans sa voiture pour me ramener chez moi et parler \u00e0 mes parents. Il a dit \u00e0 mon p\u00e8re que j\u2019avais du talent et qu&rsquo;avec un peu de soutien, je pourrais gagner ma vie avec la lutte et am\u00e9liorer le quotidien de la famille. Cela m\u2019a vraiment boost\u00e9.<\/p>\n\n\n\n<p>Mais, c\u2019\u00e9tait difficile pour mes parents, car, pour mon p\u00e8re, qui n\u2019a jamais eu de lutteur dans sa famille, ce n\u2019\u00e9tait pas imaginable de me voir dans l\u2019ar\u00e8ne. Ma m\u00e8re \u00e9tait moins choqu\u00e9e parce que mon grand-p\u00e8re, que je n\u2019ai pas connu, avait fait de la lutte. Comme quoi, m\u00eame si c&rsquo;est loin, j&rsquo;ai quand m\u00eame du sang de lutteur. Je l&rsquo;ai pris comme un signe du destin.<\/p>\n\n\n\n<p><strong>Depuis quelque temps, vous \u00eates plus pr\u00e9sent sur les r\u00e9seaux sociaux, vous faites plus d\u2019apparitions publiques et vous collaborez avec l\u2019agence de communication Off the pitch. C\u2019est une autre fa\u00e7on d\u2019incarner le statut de roi des ar\u00e8nes ?<\/strong><\/p>\n\n\n\n<p>Oui, c\u2019est bien de se rapprocher des fans et des gens qui suivent la lutte. J\u2019ai un cheminement, un parcours, qui m\u2019a permis d&rsquo;arriver \u00e0 ce niveau. Ce n&rsquo;est pas un parcours simple et donc parfois, c&rsquo;est bien de le partager pour inspirer les jeunes. Pour leur montrer que rien ne se fait du jour au lendemain, qu\u2019il faut faire des sacrifices, travailler.<\/p>\n\n\n\n<p>Actuellement [l\u2019interview a eu lieu le jeudi 21 ao\u00fbt, NDLR], je suis \u00e0 Paris pour r\u00e9pondre \u00e0 l\u2019invitation de Next S\u00e9n\u00e9gal, une plateforme de la diaspora, pour parler de mon parcours de sportif et d\u2019entrepreneur. C&rsquo;est une bonne initiative et je le fais vraiment avec un grand plaisir.<\/p>\n\n\n\n<p><strong>Est-ce qu\u2019un roi des ar\u00e8nes doit \u00eatre engag\u00e9 politiquement ?<\/strong><\/p>\n\n\n\n<figure class=\"wp-block-image\"><img decoding=\"async\" src=\"https:\/\/s.rfi.fr\/media\/display\/f868bc84-81df-11f0-a806-005056a90284\/w:1024\/20250821-164805.jpg\" alt=\"Le lutteur s\u00e9n\u00e9galais Modou L\u00f4 au micro de RFI\"\/><figcaption class=\"wp-element-caption\">Le lutteur s\u00e9n\u00e9galais Modou L\u00f4 au micro de RFI&nbsp;\u00a9 \u00a9RFI\/Ndiass\u00e9 SAMBE<\/figcaption><\/figure>\n\n\n\n<p>Je pense qu\u2019en mati\u00e8re de politique, tout le monde a le droit d&rsquo;avoir son opinion, de la partager, de discuter de cette opinion, parce que personne ne peut tout savoir sur tout. J\u2019estime que j&rsquo;ai droit \u00e0 cette parole-l\u00e0, mais pas forc\u00e9ment en m&rsquo;engageant ou en m&rsquo;affiliant aupr\u00e8s d&rsquo;un parti politique ou en demandant de soutenir tel ou tel homme politique. Je n\u2019ai pas encore cette posture-l\u00e0, mais je ne me priverai pas de donner mon avis sur les affaires de la cit\u00e9.<\/p>\n\n\n\n<p>Apr\u00e8s, en tant qu\u2019enfant des Parcelles assainies et voulant le meilleur pour mon quartier, je n\u2019exclus pas de m\u2019engager localement apr\u00e8s ma retraite sportive. Si j&rsquo;ai la possibilit\u00e9, avec la politique, d&rsquo;avoir des opportunit\u00e9s pour le d\u00e9veloppement des Parcelles, et que les populations vivent mieux, je n\u2019h\u00e9siterai pas.<\/p>\n\n\n\n<p><strong>Vous vous donnez encore combien de temps dans l\u2019ar\u00e8ne o\u00f9 l\u2019\u00e2ge limite des lutteurs est pass\u00e9 de 45 \u00e0 48 ans ?<\/strong><\/p>\n\n\n\n<p>Sinc\u00e8rement, je ne pense pas aller jusqu&rsquo;\u00e0 l\u2019\u00e2ge limite. M\u00eame jusqu\u2019\u00e0 45 ans, je ne pense pas. Je suis sur plein de projets et je compte faire quelques combats, puis d\u00e9crocher et laisser la place \u00e0 mes jeunes fr\u00e8res dans la m\u00eame \u00e9curie que moi et qui sont talentueux. Il y a Franc, Gora Sock, Petit L\u00f4, Calva, Seydina\u2026 la liste est longue. Ce sont de grands espoirs et s\u2019ils sont bien encadr\u00e9s, ils pourront accomplir de grandes choses dans l\u2019ar\u00e8ne.<\/p>\n\n\n\n<p><strong>On vous voit tr\u00e8s proche de Franc, le nouveau ph\u00e9nom\u00e8ne de l\u2019ar\u00e8ne qui a battu successivement Bombardier, Ama Bald\u00e9 et Eumeu S\u00e8ne. Quelle est votre histoire ?<\/strong><\/p>\n\n\n\n<p>Notre histoire, ce sont d\u2019abord les Parcelles assainies, notre quartier commun. Il habite \u00e0 l&rsquo;unit\u00e9 7 et moi \u00e0 l&rsquo;unit\u00e9 10. On a h\u00e9rit\u00e9 de la m\u00eame \u00ab&nbsp;mal\u00e9diction&nbsp;\u00bb qui est l&rsquo;amour de la lutte. Il est jeune, il est en train de faire une belle carri\u00e8re. On s\u2019est rapproch\u00e9 parce que j&rsquo;avais besoin de&nbsp;<em>sparring-partner<\/em>&nbsp;et on me l&rsquo;a recommand\u00e9. Il m&rsquo;a permis, avec d\u2019autres comme Gora Sock, de devenir meilleur, de progresser. Cela fait tr\u00e8s longtemps qu&rsquo;il m&rsquo;aide dans mes entra\u00eenements. Il a toujours \u00e9t\u00e9 pr\u00e9sent dans la pr\u00e9paration de mes combats, tr\u00e8s fid\u00e8le. Maintenant, il trace son chemin. C&rsquo;est un tr\u00e8s grand espoir, il est tr\u00e8s, tr\u00e8s fort, on n&rsquo;a pas besoin de le pr\u00e9senter. Il est vraiment en train de percer dans l&rsquo;ar\u00e8ne. On a grand espoir qu\u2019il ira aller loin.<\/p>\n\n\n\n<p><strong>Vous le voyez comme votre successeur ?<\/strong><\/p>\n\n\n\n<p>Bien s\u00fbr, il a d\u00e9j\u00e0 accompli quelque chose d&rsquo;unique dans l&rsquo;ar\u00e8ne&nbsp;: 15 combats pour 15 victoires. C\u2019est un immense exploit. Il est jeune, mais il a encore beaucoup d&rsquo;exp\u00e9rience. C&rsquo;est quelqu&rsquo;un qui a r\u00e9ellement roul\u00e9 sa bosse dans la lutte. Il n&rsquo;h\u00e9sitait pas \u00e0 prendre son sac \u00e0 dos et \u00e0 aller faire des tournois dans tout le pays pour s&rsquo;affirmer, s&rsquo;entra\u00eener et acqu\u00e9rir des comp\u00e9tences. Nous, on est l\u00e0 pour le soutenir, pour le supporter et pour l&rsquo;aider \u00e0 aller vraiment le plus haut possible.<\/p>\n\n\n\n<p><strong>Vous avez disput\u00e9 26 combats depuis le d\u00e9but de votre carri\u00e8re en f\u00e9vrier 2006. Quel est le combat qui vous a le plus marqu\u00e9&nbsp;?<\/strong><\/p>\n\n\n\n<p>Mon premier combat contre Eumeu S\u00e8ne, en 2014, m\u2019a beaucoup marqu\u00e9 [Modou L\u00f4 remportera \u00e9galement la deuxi\u00e8me confrontation contre Eumeu S\u00e8ne en juillet 2019 pour devenir roi des ar\u00e8nes, NDLR]. Ce fut un grand moment de lutte. Un combat qui a dur\u00e9 pr\u00e8s de 30 minutes, il y a eu de la bagarre, de la lutte pure. Cela a \u00e9t\u00e9 tr\u00e8s dur, et Dieu m\u2019a donn\u00e9 la victoire. Je n\u2019ai jamais eu un combat aussi dur et qui a dur\u00e9 aussi longtemps.<\/p>\n\n\n\n<figure class=\"wp-block-embed is-type-rich is-provider-prise-en-charge-des-contenus-embarqu-s wp-block-embed-prise-en-charge-des-contenus-embarqu-s\"><div class=\"wp-block-embed__wrapper\">\nhttps:\/\/youtube.com\/watch?v=Mz8bTD2BXYQ%3Fsi%3DXntiUKbqzS7nWxyI\n<\/div><\/figure>\n\n\n\n<p><strong>Beaucoup de sportifs s\u00e9n\u00e9galais, les footballeurs principalement, sont oblig\u00e9s de s\u2019expatrier pour bien gagner leur vie. Est-ce que la lutte nourrit v\u00e9ritablement son homme au S\u00e9n\u00e9gal&nbsp;?<\/strong><\/p>\n\n\n\n<p>[Sans h\u00e9siter] Oui carr\u00e9ment&nbsp;! La lutte s\u2019est beaucoup d\u00e9velopp\u00e9e ces derni\u00e8res ann\u00e9es. Avant nous, il y avait d\u00e9j\u00e0 des stars comme Falaye Bald\u00e9, Double Less, Mbaye qui vivaient de la lutte et ont pu se r\u00e9aliser. Apr\u00e8s, d\u2019autres comme Tyson, Y\u00e9kini ont amen\u00e9 la lutte \u00e0 un niveau sup\u00e9rieur avec l\u2019engouement et l\u2019argent qui vont avec. Aujourd\u2019hui, c\u2019est notre g\u00e9n\u00e9ration, celle de Balla Gaye 2, qui fait encore plus \u00e9voluer la lutte. Donc oui, on peut tr\u00e8s bien vivre de la lutte au S\u00e9n\u00e9gal, en faire vivre sa famille, ses proches, et m\u00eame des gens dont on ne soup\u00e7onne pas l\u2019existence.<\/p>\n\n\n\n<p>Cela \u00e9tant, la carri\u00e8re sportive est \u00e9ph\u00e9m\u00e8re&nbsp;; tu peux lutter au maximum aujourd\u2019hui jusqu\u2019\u00e0 45 ans, un \u00e2ge o\u00f9 tu es encore jeune. Le sport, la lutte, te permet d\u2019avoir des ouvertures pour explorer d\u2019autres domaines. Aujourd\u2019hui, je suis aussi dans l\u2019entrepreneuriat. L\u2019argent que je gagne dans la lutte me permet d\u2019investir dans d\u2019autres domaines, cr\u00e9er des emplois et en faire profiter \u00e0 beaucoup de personnes.<\/p>\n\n\n\n<p><strong>Beaucoup de lutteurs ont investi le MMA depuis quelques ann\u00e9es. C\u2019est une possibilit\u00e9 pour vous ?<\/strong><\/p>\n\n\n\n<p>Non, honn\u00eatement, le MMA, je le laisse \u00e0 mes petits fr\u00e8res. Il y a d\u00e9j\u00e0 un de mes jeunes, \u00ab&nbsp;Petit L\u00f4&nbsp;\u00bb, qui est dedans avec d\u2019autres espoirs des Parcelles. Aujourd\u2019hui, je n\u2019ai pas la volont\u00e9 d\u2019aller combattre en MMA. J&rsquo;ai juste envie de finir tranquillement ma carri\u00e8re dans la lutte avec frappe et puis de prendre ma retraite. Mais c&rsquo;est vrai que le MMA est une belle ouverture pour la lutte s\u00e9n\u00e9galaise. Tout le monde n&rsquo;a pas la chance d&rsquo;avoir des combats dans l&rsquo;ann\u00e9e donc, c&rsquo;est une bonne chose pour les lutteurs qui n\u2019auront pas l\u2019impression de s&rsquo;entra\u00eener pour rien.<\/p>\n\n\n\n<p><strong>On ne peut pas parler de lutte s\u00e9n\u00e9galaise sans parler de mysticisme qui est une partie int\u00e9grante de la pr\u00e9paration pour gagner. Les lutteurs usent de bains mystiques et de gris-gris pour s\u2019assurer la victoire au-del\u00e0 de la force et de la technique. Vous \u00e9tiez cit\u00e9 comme l\u2019un des lutteurs les plus mystiques de l\u2019ar\u00e8ne, mais lors de vos trois derniers combats victorieux, vous ne portiez aucun gris-gris, ce qui a m\u00eame fait peur \u00e0 vos fans. Quel \u00e9tait votre objectif&nbsp;?<\/strong><\/p>\n\n\n\n<p>Pour moi, le mystique n\u2019est pas si important qu\u2019on ne le pense. On parle de sport d\u2019abord. Moi, je consid\u00e8re le mystique comme faisant partie de la culture de la lutte au m\u00eame titre que les chor\u00e9graphies avant les combats, un folklore qui fait plaisir aux amateurs et qui fait vivre la lutte. Vous savez, les comp\u00e9titions sportives ont lieu partout dans le monde, mais c\u2019est seulement au S\u00e9n\u00e9gal qu\u2019on m\u00eale le mystique au sport, pensant que cela peut influer sur le r\u00e9sultat.<\/p>\n\n\n\n<p>C\u2019est vrai, j\u2019y croyais un moment, mais, je me suis rendu compte au fil de ma carri\u00e8re que ce n\u2019est pas le mystique qui me faisait gagner. Pour s\u2019assurer la victoire, il faut se donner \u00e0 fond, \u00e0 100% dans le travail.<\/p>\n\n\n\n<p><strong>L\u2019information fra\u00eeche, c\u2019est l\u2019officialisation de votre prochain combat contre Sa Thi\u00e8s pr\u00e9vu le 5 avril 2026. Quelle est votre premi\u00e8re r\u00e9action sur cette affiche tr\u00e8s attendue&nbsp;?<\/strong><\/p>\n\n\n\n<p><strong>Newsletter<\/strong>Recevez toute l&rsquo;actualit\u00e9 internationale directement dans votre boite mail<a href=\"https:\/\/emailing.rfi.fr\/fr\/subscribe\" target=\"_blank\" rel=\"noreferrer noopener\">Je m&rsquo;abonne<\/a><\/p>\n\n\n\n<p>C\u2019est vrai, ce sera un grand combat. Je peux m\u00eame dire que ce combat \u00e9tait une demande sociale, tout le monde le voulait. J\u2019ai toujours dit que le jour o\u00f9 je serais roi des ar\u00e8nes, je donnerais la chance aux jeunes. Je l\u2019ai fait avec Ama Bald\u00e9, Boy Niang et Siteu. Je suis toujours sur cette lanc\u00e9e. Sa Thi\u00e8s a fait derni\u00e8rement des combats tr\u00e8s int\u00e9ressants, mais il n\u2019a jamais eu la chance de disputer un combat royal pour le titre de roi des ar\u00e8nes. C\u2019est vrai qu\u2019on a beaucoup parl\u00e9 d\u2019un combat contre Tapha Tine, mais les amateurs ont pl\u00e9biscit\u00e9 Sa Thi\u00e8s. Et c\u2019est normal de faire plaisir aux amateurs.<\/p>\n\n\n\n<p><strong>La particularit\u00e9, c&rsquo;est que Sa Thi\u00e8s est le fr\u00e8re cadet de Balla Gaye 2, qui vous a battu deux fois sur les trois d\u00e9faites de votre carri\u00e8re. Est-ce que ce sera une revanche par procuration ?<\/strong><\/p>\n\n\n\n<p>Non, absolument pas&nbsp;! Sa Thi\u00e8s, c\u2019est le jeune fr\u00e8re de Balla Gaye 2, mais ce n\u2019est pas une revanche. Ils sont fr\u00e8res, mais n\u2019ont pas la m\u00eame fa\u00e7on de lutter. C\u2019est dans la logique de la lutte que je croise Sa Thi\u00e8s. Il est sur mon chemin, je l\u2019\u00e9carte et je continue ma route.<\/p>\n\n\n\n<p><strong>Est-ce que les amateurs, peuvent esp\u00e9rer une revanche face \u00e0 Balla Gaye&nbsp;2 ?<\/strong><\/p>\n\n\n\n<p>Cela aurait pu se faire, mais cela ne s\u2019est pas fait. Je ne crois vraiment pas que cela se fera.<\/p>\n","protected":false},"excerpt":{"rendered":"<p>V\u00e9ritable l\u00e9gende vivante au S\u00e9n\u00e9gal, Modou L\u00f4 peut aujourd\u2019hui se targuer d\u2019\u00eatre le sportif le populaire dans son pays, loin<\/p>\n","protected":false},"author":1,"featured_media":61741,"comment_status":"open","ping_status":"open","sticky":false,"template":"","format":"standard","meta":{"footnotes":""},"categories":[9],"tags":[],"class_list":["post-61739","post","type-post","status-publish","format-standard","has-post-thumbnail","hentry","category-sports"],"_links":{"self":[{"href":"https:\/\/dekkbi.com\/index.php?rest_route=\/wp\/v2\/posts\/61739","targetHints":{"allow":["GET"]}}],"collection":[{"href":"https:\/\/dekkbi.com\/index.php?rest_route=\/wp\/v2\/posts"}],"about":[{"href":"https:\/\/dekkbi.com\/index.php?rest_route=\/wp\/v2\/types\/post"}],"author":[{"embeddable":true,"href":"https:\/\/dekkbi.com\/index.php?rest_route=\/wp\/v2\/users\/1"}],"replies":[{"embeddable":true,"href":"https:\/\/dekkbi.com\/index.php?rest_route=%2Fwp%2Fv2%2Fcomments&post=61739"}],"version-history":[{"count":1,"href":"https:\/\/dekkbi.com\/index.php?rest_route=\/wp\/v2\/posts\/61739\/revisions"}],"predecessor-version":[{"id":61742,"href":"https:\/\/dekkbi.com\/index.php?rest_route=\/wp\/v2\/posts\/61739\/revisions\/61742"}],"wp:featuredmedia":[{"embeddable":true,"href":"https:\/\/dekkbi.com\/index.php?rest_route=\/wp\/v2\/media\/61741"}],"wp:attachment":[{"href":"https:\/\/dekkbi.com\/index.php?rest_route=%2Fwp%2Fv2%2Fmedia&parent=61739"}],"wp:term":[{"taxonomy":"category","embeddable":true,"href":"https:\/\/dekkbi.com\/index.php?rest_route=%2Fwp%2Fv2%2Fcategories&post=61739"},{"taxonomy":"post_tag","embeddable":true,"href":"https:\/\/dekkbi.com\/index.php?rest_route=%2Fwp%2Fv2%2Ftags&post=61739"}],"curies":[{"name":"wp","href":"https:\/\/api.w.org\/{rel}","templated":true}]}}