{"id":6173,"date":"2023-01-11T10:29:31","date_gmt":"2023-01-11T10:29:31","guid":{"rendered":"https:\/\/dekkbi.com\/?p=6173"},"modified":"2023-01-11T10:29:32","modified_gmt":"2023-01-11T10:29:32","slug":"rapport-de-la-cour-des-comptes-la-societe-civile-en-mode-tibb-tank-a-lue-pour-demonter-les-arguments-de-me-aissata-tall-sall","status":"publish","type":"post","link":"https:\/\/dekkbi.com\/?p=6173","title":{"rendered":"Rapport de la Cour des Comptes : La Soci\u00e9t\u00e9 civile en mode \u00ab Tibb Tank \u00bb \u00e0 l&rsquo;UE, pour d\u00e9monter les arguments de Me Aissata Tall Sall"},"content":{"rendered":"\n<h3 class=\"wp-block-heading\">Des organisations de la Soci\u00e9t\u00e9 civile sont sur les traces du ministre des Affaires \u00c9trang\u00e8res, Me Aissata Tall Sall, pour d\u00e9construire sa strat\u00e9gie de communication. Des membres de la Soci\u00e9t\u00e9 civile dont le coordonnateur du mouvement Y en a marre, ont pris part, hier, \u00e0 une rencontre d&rsquo;\u00e9changes avec l&rsquo;Union Europ\u00e9enne (partenaire financier principal de l&rsquo;Etat du S\u00e9n\u00e9gal 450 millions d&rsquo;euros, soit 85% des contributions de partenaires techniques et financiers), sur la lutte contre la Covid-19. <\/h3>\n\n\n\n<p><\/p>\n\n\n\n<p>Selon Aliou San\u00e9 de Y en a marre, les discussions ont port\u00e9 sur le rapport de la Cour des Comptes concernant la gestion des fonds de la Force covid-19 et sur le combat contre la troisi\u00e8me candidature de Macky Sall.<\/p>\n\n\n\n<p>Devant l\u2019Ambassadeur de l\u2019UE au S\u00e9n\u00e9gal et plusieurs autres repr\u00e9sentants diplomatiques des Etats membres, Aliou San\u00e9 et compagnie ont affirm\u00e9 l&rsquo;exigence forte des citoyens s\u00e9n\u00e9galais, pour la mise en \u0153uvre des recommandations de la Cour des Comptes, par le gouvernement du S\u00e9n\u00e9gal.<\/p>\n\n\n\n<p>Sur la troisi\u00e8me candidature du Pr\u00e9sident Macky Sall, la soci\u00e9t\u00e9 civile a expliqu\u00e9 aux diplomates, la capacit\u00e9 du peuple s\u00e9n\u00e9galais \u00e0 se prendre en charge et \u00e0 apporter la r\u00e9sistance ad\u00e9quate le moment venu.<\/p>\n\n\n\n<p>Seulement, ont-ils pr\u00e9venu, la population saura distinguer les institutions et les organisations internationales qui soutiennent le peuple souverain de celles qui renforcent les chefs d&rsquo;\u00c9tat fossoyeurs de la d\u00e9mocratie et tripatouilleurs de Constitution.<\/p>\n\n\n\n<p><strong>L\u2019As<\/strong><\/p>\n\n\n\n<h3 class=\"wp-block-heading\"><\/h3>\n","protected":false},"excerpt":{"rendered":"<p>Des organisations de la Soci\u00e9t\u00e9 civile sont sur les traces du ministre des Affaires \u00c9trang\u00e8res, Me Aissata Tall Sall, pour<\/p>\n","protected":false},"author":1,"featured_media":2250,"comment_status":"open","ping_status":"open","sticky":false,"template":"","format":"standard","meta":{"footnotes":""},"categories":[6],"tags":[],"class_list":["post-6173","post","type-post","status-publish","format-standard","has-post-thumbnail","hentry","category-politics"],"_links":{"self":[{"href":"https:\/\/dekkbi.com\/index.php?rest_route=\/wp\/v2\/posts\/6173","targetHints":{"allow":["GET"]}}],"collection":[{"href":"https:\/\/dekkbi.com\/index.php?rest_route=\/wp\/v2\/posts"}],"about":[{"href":"https:\/\/dekkbi.com\/index.php?rest_route=\/wp\/v2\/types\/post"}],"author":[{"embeddable":true,"href":"https:\/\/dekkbi.com\/index.php?rest_route=\/wp\/v2\/users\/1"}],"replies":[{"embeddable":true,"href":"https:\/\/dekkbi.com\/index.php?rest_route=%2Fwp%2Fv2%2Fcomments&post=6173"}],"version-history":[{"count":1,"href":"https:\/\/dekkbi.com\/index.php?rest_route=\/wp\/v2\/posts\/6173\/revisions"}],"predecessor-version":[{"id":6174,"href":"https:\/\/dekkbi.com\/index.php?rest_route=\/wp\/v2\/posts\/6173\/revisions\/6174"}],"wp:featuredmedia":[{"embeddable":true,"href":"https:\/\/dekkbi.com\/index.php?rest_route=\/wp\/v2\/media\/2250"}],"wp:attachment":[{"href":"https:\/\/dekkbi.com\/index.php?rest_route=%2Fwp%2Fv2%2Fmedia&parent=6173"}],"wp:term":[{"taxonomy":"category","embeddable":true,"href":"https:\/\/dekkbi.com\/index.php?rest_route=%2Fwp%2Fv2%2Fcategories&post=6173"},{"taxonomy":"post_tag","embeddable":true,"href":"https:\/\/dekkbi.com\/index.php?rest_route=%2Fwp%2Fv2%2Ftags&post=6173"}],"curies":[{"name":"wp","href":"https:\/\/api.w.org\/{rel}","templated":true}]}}