{"id":61702,"date":"2025-08-26T09:44:27","date_gmt":"2025-08-26T09:44:27","guid":{"rendered":"https:\/\/dekkbi.com\/?p=61702"},"modified":"2025-08-26T09:44:28","modified_gmt":"2025-08-26T09:44:28","slug":"celebration-des-65-ans-dindependance-en-inde-le-consul-honoraire-vend-la-destination-cote-divoire","status":"publish","type":"post","link":"https:\/\/dekkbi.com\/?p=61702","title":{"rendered":"C\u00e9l\u00e9bration des 65 ans d\u2019ind\u00e9pendance en Inde: Le Consul honoraire vend la destination C\u00f4te d\u2019Ivoire"},"content":{"rendered":"\n<p>Sandeep Shah, Consul honoraire de C\u00f4te d\u2019Ivoire dans l\u2019\u00c9tat du Maharashtra, a organis\u00e9 le 7 ao\u00fbt 2025 \u00e0 Mumbai, capitale de cet \u00c9tat situ\u00e9 dans l\u2019ouest de l\u2019Inde, un \u00e9v\u00e9nement pour marquer le 65\u1d49 anniversaire de l\u2019ind\u00e9pendance de la C\u00f4te d\u2019Ivoire. Selon un communiqu\u00e9 du Consul honoraire de C\u00f4te d\u2019Ivoire dans cet \u00c9tat, pr\u00e8s de 150 invit\u00e9s ont pris part \u00e0 cette c\u00e9l\u00e9bration.**media[249542]**Il s\u2019agit de ressortissants ivoiriens, de consuls g\u00e9n\u00e9raux et consuls honoraires en poste \u00e0 Mumbai, ainsi que de chefs d\u2019entreprises indiens, avec pour invit\u00e9 principal Ashish Shelar, ministre de l\u2019Information, de la Technologie et des affaires culturelles de l\u2019\u00e9tat du Maharashtra.<\/p>\n\n\n\n<p> Sandeep Shah, apr\u00e8s avoir exprim\u00e9 sa joie d\u2019accueillir les convives, a saisi l\u2019opportunit\u00e9 pour les inviter \u00e0 d\u00e9couvrir la C\u00f4te d\u2019Ivoire, en mettant en relief les \u00ab nombreuses \u00bb opportunit\u00e9s d\u2019investissements qu\u2019offre le pays, notamment dans les domaines agricoles et industriels.**media[249540]**\u00c0 son tour, l\u2019ambassadeur de C\u00f4te d\u2019Ivoire en Inde, \u00c9ric Camille N\u2019Dry, allant dans le m\u00eame sens, a mis en avant les performances \u00e9conomiques et sociales enregistr\u00e9es depuis 2012, particuli\u00e8rement dans les secteurs agricoles, industriels et miniers.<\/p>\n\n\n\n<p>\u00c9ric Camille N\u2019Dry n\u2019a pas manqu\u00e9 de souligner la solidit\u00e9 des relations bilat\u00e9rales entre la C\u00f4te d\u2019Ivoire et l\u2019Inde, qui est aujourd\u2019hui le 4\u1d49 fournisseur et le 14\u1d49 client du pays.<\/p>\n\n\n\n<p> Il a invit\u00e9 les op\u00e9rateurs \u00e9conomiques indiens \u00e0 s\u2019int\u00e9resser \u00e0 la transformation des mati\u00e8res premi\u00e8res, notamment agricoles, qui, selon lui, constitue une priorit\u00e9 majeure pour le gouvernement ivoirien. Le diplomate ivoirien a \u00e9galement profit\u00e9 de l\u2019occasion pour inviter les op\u00e9rateurs \u00e9conomiques indiens \u00e0 participer \u00e0 l\u2019important forum \u00e9conomique que l\u2019ambassade ivoirienne pr\u00e9voit d\u2019organiser en avril 2026 \u00e0 Mumbai. Pour sa part, le ministre Ashish SHELAR s\u2019est dit heureux de prendre part \u00e0 la c\u00e9l\u00e9bration de la f\u00eate nationale de la C\u00f4te d\u2019Ivoire. Il a fait savoir qu\u2019il existe des perspectives de coop\u00e9ration dans les domaines du cin\u00e9ma, de la culture, de l\u2019agriculture et de la technologie entre les deux pays, en soulignant l\u2019importance des \u00e9changes tant institutionnels qu\u2019humains.<\/p>\n\n\n\n<p>Par ailleurs, le communiqu\u00e9 indique qu\u2019un peu plus t\u00f4t dans la journ\u00e9e s\u2019est tenue la troisi\u00e8me \u00e9dition de la traditionnelle Conf\u00e9rence des consuls honoraires de C\u00f4te d\u2019Ivoire relevant de la circonscription diplomatique ivoirienne en Inde. Cette rencontre, organis\u00e9e autour du th\u00e8me \u00ab Les initiatives en vue de redynamiser les actions et le fonctionnement des consulats honoraires en Inde, au Sri Lanka et au Bangladesh \u00bb, a permis de faire le point sur les strat\u00e9gies \u00e0 mettre en place.<\/p>\n\n\n\n<p>DANIELLE SERI (Stagiaire)<\/p>\n\n\n\n<p>Provided by SyndiGate Media Inc. (Syndigate.info)<\/p>\n","protected":false},"excerpt":{"rendered":"<p>Sandeep Shah, Consul honoraire de C\u00f4te d\u2019Ivoire dans l\u2019\u00c9tat du Maharashtra, a organis\u00e9 le 7 ao\u00fbt 2025 \u00e0 Mumbai, capitale<\/p>\n","protected":false},"author":1,"featured_media":61703,"comment_status":"open","ping_status":"open","sticky":false,"template":"","format":"standard","meta":{"footnotes":""},"categories":[51],"tags":[],"class_list":["post-61702","post","type-post","status-publish","format-standard","has-post-thumbnail","hentry","category-general"],"_links":{"self":[{"href":"https:\/\/dekkbi.com\/index.php?rest_route=\/wp\/v2\/posts\/61702","targetHints":{"allow":["GET"]}}],"collection":[{"href":"https:\/\/dekkbi.com\/index.php?rest_route=\/wp\/v2\/posts"}],"about":[{"href":"https:\/\/dekkbi.com\/index.php?rest_route=\/wp\/v2\/types\/post"}],"author":[{"embeddable":true,"href":"https:\/\/dekkbi.com\/index.php?rest_route=\/wp\/v2\/users\/1"}],"replies":[{"embeddable":true,"href":"https:\/\/dekkbi.com\/index.php?rest_route=%2Fwp%2Fv2%2Fcomments&post=61702"}],"version-history":[{"count":1,"href":"https:\/\/dekkbi.com\/index.php?rest_route=\/wp\/v2\/posts\/61702\/revisions"}],"predecessor-version":[{"id":61704,"href":"https:\/\/dekkbi.com\/index.php?rest_route=\/wp\/v2\/posts\/61702\/revisions\/61704"}],"wp:featuredmedia":[{"embeddable":true,"href":"https:\/\/dekkbi.com\/index.php?rest_route=\/wp\/v2\/media\/61703"}],"wp:attachment":[{"href":"https:\/\/dekkbi.com\/index.php?rest_route=%2Fwp%2Fv2%2Fmedia&parent=61702"}],"wp:term":[{"taxonomy":"category","embeddable":true,"href":"https:\/\/dekkbi.com\/index.php?rest_route=%2Fwp%2Fv2%2Fcategories&post=61702"},{"taxonomy":"post_tag","embeddable":true,"href":"https:\/\/dekkbi.com\/index.php?rest_route=%2Fwp%2Fv2%2Ftags&post=61702"}],"curies":[{"name":"wp","href":"https:\/\/api.w.org\/{rel}","templated":true}]}}