{"id":61696,"date":"2025-08-26T09:19:14","date_gmt":"2025-08-26T09:19:14","guid":{"rendered":"https:\/\/dekkbi.com\/?p=61696"},"modified":"2025-08-26T09:59:00","modified_gmt":"2025-08-26T09:59:00","slug":"forum-economique-comment-le-senegal-souvre-aux-investisseurs-japonais","status":"publish","type":"post","link":"https:\/\/dekkbi.com\/?p=61696","title":{"rendered":"Forum \u00e9conomique: comment le S\u00e9n\u00e9gal s\u2019ouvre aux investisseurs japonais"},"content":{"rendered":"\n<p><strong>La Journ\u00e9e nationale du S\u00e9n\u00e9gal \u00e0 l\u2019Exposition universelle d\u2019Osaka s\u2019est achev\u00e9e par un forum s\u00e9n\u00e9galo-japonais. Le chef de l\u2019Etat, ainsi que le ministre de l\u2019Industrie et du Commerce et le Directeur g\u00e9n\u00e9ral de l\u2019Apix ont expos\u00e9 \u00e0 des entrepreneurs japonais r\u00e9unis au sein du Jetro, les potentialit\u00e9s \u00e9conomiques du pays tout en les invitant \u00e0 venir les saisir.&nbsp;<\/strong><\/p>\n\n\n\n<p>Elle s\u2019\u00e9tait ouverte sur des airs de musique, elle s\u2019est referm\u00e9e sur une note \u00e9conomique. La Journ\u00e9e nationale du S\u00e9n\u00e9gal, hier, \u00e0 Osaka, dans le cadre de l\u2019Exposition universelle que cette ville accueille depuis le 13 avril dernier, fut dense en activit\u00e9s. Dans la foul\u00e9e de la c\u00e9r\u00e9monie d\u2019ouverture, le chef de l\u2019Etat a pr\u00e9sid\u00e9, dans l\u2019apr\u00e8s-midi, un forum \u00e9conomique d\u2019envergure qui a vu des investisseurs japonais y participer largement. Devant cet a\u00e9ropage d\u2019entrepreneurs nippons r\u00e9unis au sein de la puissante Japan external trade organization (Jetro) \u2013 organisme para-gouvernemental pour la promotion des \u00e9changes et des investissements -, le pr\u00e9sident de la R\u00e9publique a r\u00e9affirm\u00e9 la place du S\u00e9n\u00e9gal comme partenaire strat\u00e9gique du Japon et pr\u00e9sent\u00e9 sa vision pour une coop\u00e9ration \u00e9conomique renouvel\u00e9e. \u00ab Les relations entre le S\u00e9n\u00e9gal et le Japon ne datent pas d\u2019hier.<\/p>\n\n\n\n<p>Depuis plusieurs d\u00e9cennies, elles se nourrissent d\u2019\u00e9changes fructueux dans les domaines de l\u2019\u00e9ducation, de la sant\u00e9, des infrastructures et de l\u2019innovation. Pour Dakar, le Japon incarne un mod\u00e8le de d\u00e9veloppement bas\u00e9 sur la valorisation du capital humain et l\u2019int\u00e9gration harmonieuse des avanc\u00e9es technologiques dans l\u2019\u00e9conomie nationale. En retour, le S\u00e9n\u00e9gal souhaite offrir au Japon un partenariat ancr\u00e9 dans la stabilit\u00e9 politique, la confiance institutionnelle et une ouverture \u00e9conomique r\u00e9solument tourn\u00e9e vers l\u2019avenir, a d\u00e9clar\u00e9 Bassirou Diomaye Faye. Il demeure persuad\u00e9 que \u00ab le d\u00e9veloppement ne peut \u00eatre durable que lorsqu\u2019il repose sur la compl\u00e9mentarit\u00e9 des forces de chaque partenaire \u00bb, insistant sur l\u2019id\u00e9e d\u2019une coop\u00e9ration gagnant-gagnant.<\/p>\n\n\n\n<p><strong>L\u2019Afrique en mutation, le S\u00e9n\u00e9gal<\/strong><\/p>\n\n\n\n<p>en vitrine Avec plus d\u2019un milliard d\u2019habitants, dont pr\u00e8s de 60 % ont moins de 25 ans, l\u2019Afrique est en pleine mutation. La Zone de libre-\u00e9change continentale africaine (Zlecaf) offre de nouvelles perspectives pour l\u2019industrialisation, le commerce intra-africain et l\u2019int\u00e9gration \u00e9conomique r\u00e9gionale. Le S\u00e9n\u00e9gal, par sa situation g\u00e9ographique et son r\u00f4le de carrefour en Afrique de l\u2019Ouest \u2013 un march\u00e9 de 400 millions de personnes -, se positionne comme une vitrine de cette transformation.<\/p>\n\n\n\n<p>\u00ab Le pays veut incarner une Afrique moderne, loin des clich\u00e9s r\u00e9ducteurs, et offrir aux investisseurs internationaux un environnement propice \u00e0 l\u2019innovation, \u00e0 la cr\u00e9ation de valeur et \u00e0 la prosp\u00e9rit\u00e9 partag\u00e9e \u00bb, a-t-il assur\u00e9. Ainsi, le pr\u00e9sident n\u2019a pas h\u00e9sit\u00e9 \u00e0 insister sur les secteurs porteurs qui font du S\u00e9n\u00e9gal une destination attractive. Il a cit\u00e9 l\u2019\u00e9nergie avec les r\u00e9centes d\u00e9couvertes de p\u00e9trole et de gaz qui sont en passe de faire du S\u00e9n\u00e9gal un acteur \u00e9nerg\u00e9tique majeur. Mais il mise \u00e9galement sur les \u00e9nergies renouvelables (solaire, \u00e9olien, hydro\u00e9lectricit\u00e9, g\u00e9othermie) pour b\u00e2tir une transition \u00e9nerg\u00e9tique durable. Dans le domaine de l\u2019agriculture, le pr\u00e9sident de la R\u00e9publique soutient que le S\u00e9n\u00e9gal ambitionne de nourrir sa population croissante tout en contribuant \u00e0 la s\u00e9curit\u00e9 alimentaire mondiale. De ce point de vue, l\u2019accent est mis sur l\u2019agriculture de pr\u00e9cision, l\u2019irrigation moderne et la transformation agroalimentaire.<\/p>\n\n\n\n<p>A cette liste, il a ajout\u00e9 les infrastructures, la sant\u00e9, la formation professionnelle Pour rassurer les investisseurs, le pr\u00e9sident de la R\u00e9publique leur a annonc\u00e9 que le S\u00e9n\u00e9gal a engag\u00e9, depuis plusieurs ann\u00e9es, des r\u00e9formes profondes pour moderniser son \u00e9conomie et am\u00e9liorer son environnement des affaires. Il en veut pour preuve la digitalisation des services publics, la simplification administrative, les incitations fiscales, les infrastructures modernes. \u00ab Tout concourt \u00e0 faire du S\u00e9n\u00e9gal une destination comp\u00e9titive. Cette volont\u00e9 est soutenue par une stabilit\u00e9 politique rare dans la r\u00e9gion et une vision \u00e9conomique claire, port\u00e9e par la strat\u00e9gie \u00ab Vision 2050 \u00bb, qui fixe les grandes orientations de d\u00e9veloppement dans un horizon de 25 ans.<\/p>\n\n\n\n<p><strong>Une nouvelle \u00e8re de coop\u00e9ration avec le Japon<\/strong><\/p>\n\n\n\n<p>Au-del\u00e0 des opportunit\u00e9s, le Forum d\u2019Osaka a surtout pos\u00e9 les bases d\u2019une nouvelle \u00e9tape dans la coop\u00e9ration s\u00e9n\u00e9galo-japonaise. Celle-ci se veut plus concr\u00e8te, orient\u00e9e vers des projets d\u2019investissement transformateurs et structurants. \u00ab Ensemble, \u00e9crivons un chapitre mutuellement b\u00e9n\u00e9fique de notre partenariat \u00e9conomique, au service des g\u00e9n\u00e9rations futures \u00bb, a conclu le chef de l\u2019Etat, soulignant que le Japon trouvera au S\u00e9n\u00e9gal un partenaire dynamique, innovant et r\u00e9solument tourn\u00e9 vers l\u2019avenir. Ishiguro Norihito, pr\u00e9sident du Jetro, a rappel\u00e9 la tradition d\u00e9mocratique du S\u00e9n\u00e9gal, un pays qui incarne des valeurs \u00ab inspirantes \u00bb. Il a r\u00e9affirm\u00e9 la volont\u00e9 de sa structure d\u2019\u00eatre toujours aux c\u00f4t\u00e9s du S\u00e9n\u00e9gal en cherchant notamment \u00e0 collaborer avec les entreprises s\u00e9n\u00e9galaises. Son compatriote Matsumoto Masayochi lui a embo\u00eet\u00e9 le pas non sans saluer la d\u00e9cision du S\u00e9n\u00e9gal d\u2019ouvrir un pavillon autonome.<\/p>\n\n\n\n<p><strong>Des relations solides, mais un potentiel encore sous-exploit\u00e9<\/strong><\/p>\n\n\n\n<p>Au-del\u00e0 des mots, le Directeur g\u00e9n\u00e9ral de l\u2019Apix, charg\u00e9 de pr\u00e9senter les opportunit\u00e9s d\u2019investissement au S\u00e9n\u00e9gal de mani\u00e8re holistique, a eu recours aux chiffres et aux faits pour donner une id\u00e9e plus concr\u00e8te de l\u2019\u00e9tat de la coop\u00e9ration entre le S\u00e9n\u00e9gal et le Japon. En effet, selon Bakary S\u00e9ga Bathily, si les \u00e9changes commerciaux entre les deux pays ont atteint 163 millions de dollars en 2023, leur volume reste en de\u00e7\u00e0 des potentialit\u00e9s offertes par les deux \u00e9conomies. \u00ab Le S\u00e9n\u00e9gal exporte principalement des mati\u00e8res premi\u00e8res (or, produits agricoles, ressources mini\u00e8res), tandis que le Japon fournit surtout des v\u00e9hicules, des machines industrielles, des produits chimiques et des \u00e9quipements \u00e9lectroniques. Ce d\u00e9s\u00e9quilibre illustre la n\u00e9cessit\u00e9 de diversifier et d\u2019intensifier les investissements japonais au S\u00e9n\u00e9gal \u00bb, a-t-il soulign\u00e9.<\/p>\n\n\n\n<p>Au-del\u00e0 du commerce, le Dg de l\u2019Apix s\u2019est f\u00e9licit\u00e9 du fait que la coop\u00e9ration bilat\u00e9rale s\u2019illustre depuis plus de quarante ans \u00e0 travers le Centre de formation professionnelle et technique S\u00e9n\u00e9gal\u2013Japon, qui a d\u00e9j\u00e0 form\u00e9 plus de 7.000 jeunes S\u00e9n\u00e9galais gr\u00e2ce \u00e0 un investissement cumul\u00e9 de 44 millions de dollars. Cette r\u00e9ussite a r\u00e9cemment conduit les deux pays \u00e0 \u00e9largir leur partenariat dans le cadre de la strat\u00e9gie \u00ab S\u00e9n\u00e9gal 2050 \u00bb, qui met l\u2019accent sur le d\u00e9veloppement du capital humain. L\u2019objectif affich\u00e9 est de former plus de 5 millions de jeunes d\u2019ici 2050 pour r\u00e9pondre aux d\u00e9fis \u00e9conomiques et technologiques \u00e0 venir. Avec la Vision S\u00e9n\u00e9gal 2050, le pays vise, selon lui, une croissance annuelle moyenne de 6,5 % jusqu\u2019en 2029, une r\u00e9duction du taux de pauvret\u00e9 \u00e0 moins de 10 % et une am\u00e9lioration significative de son indice de d\u00e9veloppement humain. \u00ab Notre ambition est claire : transformer localement nos richesses, diversifier notre \u00e9conomie et b\u00e2tir des partenariats solides avec nos amis japonais \u00bb, a-t-il conclu, appelant Tokyo \u00e0 saisir les opportunit\u00e9s offertes par un pays jeune, stable et r\u00e9solument tourn\u00e9 vers l\u2019avenir.<\/p>\n\n\n\n<p><strong>Par Elhadji Ibrahima THIAM, envoy\u00e9 sp\u00e9cial \u00e0 Osaka<\/strong><\/p>\n\n\n\n<p><\/p>\n","protected":false},"excerpt":{"rendered":"<p>La Journ\u00e9e nationale du S\u00e9n\u00e9gal \u00e0 l\u2019Exposition universelle d\u2019Osaka s\u2019est achev\u00e9e par un forum s\u00e9n\u00e9galo-japonais. Le chef de l\u2019Etat, ainsi<\/p>\n","protected":false},"author":1,"featured_media":61697,"comment_status":"open","ping_status":"open","sticky":false,"template":"","format":"standard","meta":{"footnotes":""},"categories":[3],"tags":[],"class_list":["post-61696","post","type-post","status-publish","format-standard","has-post-thumbnail","hentry","category-event-more-news"],"_links":{"self":[{"href":"https:\/\/dekkbi.com\/index.php?rest_route=\/wp\/v2\/posts\/61696","targetHints":{"allow":["GET"]}}],"collection":[{"href":"https:\/\/dekkbi.com\/index.php?rest_route=\/wp\/v2\/posts"}],"about":[{"href":"https:\/\/dekkbi.com\/index.php?rest_route=\/wp\/v2\/types\/post"}],"author":[{"embeddable":true,"href":"https:\/\/dekkbi.com\/index.php?rest_route=\/wp\/v2\/users\/1"}],"replies":[{"embeddable":true,"href":"https:\/\/dekkbi.com\/index.php?rest_route=%2Fwp%2Fv2%2Fcomments&post=61696"}],"version-history":[{"count":1,"href":"https:\/\/dekkbi.com\/index.php?rest_route=\/wp\/v2\/posts\/61696\/revisions"}],"predecessor-version":[{"id":61698,"href":"https:\/\/dekkbi.com\/index.php?rest_route=\/wp\/v2\/posts\/61696\/revisions\/61698"}],"wp:featuredmedia":[{"embeddable":true,"href":"https:\/\/dekkbi.com\/index.php?rest_route=\/wp\/v2\/media\/61697"}],"wp:attachment":[{"href":"https:\/\/dekkbi.com\/index.php?rest_route=%2Fwp%2Fv2%2Fmedia&parent=61696"}],"wp:term":[{"taxonomy":"category","embeddable":true,"href":"https:\/\/dekkbi.com\/index.php?rest_route=%2Fwp%2Fv2%2Fcategories&post=61696"},{"taxonomy":"post_tag","embeddable":true,"href":"https:\/\/dekkbi.com\/index.php?rest_route=%2Fwp%2Fv2%2Ftags&post=61696"}],"curies":[{"name":"wp","href":"https:\/\/api.w.org\/{rel}","templated":true}]}}