{"id":61637,"date":"2025-08-22T12:08:59","date_gmt":"2025-08-22T12:08:59","guid":{"rendered":"https:\/\/dekkbi.com\/?p=61637"},"modified":"2025-08-22T12:09:00","modified_gmt":"2025-08-22T12:09:00","slug":"lieux-saints-de-la-chretiente-les-futurs-pelerins-partagent-leurs-attentes-dans-la-joie","status":"publish","type":"post","link":"https:\/\/dekkbi.com\/?p=61637","title":{"rendered":"Lieux saints de la chr\u00e9tient\u00e9: les futurs p\u00e8lerins partagent leurs attentes dans la joie \u00a0"},"content":{"rendered":"\n<p>Dakar, (APS) \u2013 Les quatre cent-cinquante futurs p\u00e8lerins en partance pour les lieux saints de la chr\u00e9tient\u00e9, heureux de leur d\u00e9marche de foi, ont souhait\u00e9 jeudi, veille de leur d\u00e9part, revenir \u201cplus r\u00e9concili\u00e9s\u201d avec eux-m\u00eames, riches d\u2019une \u201cmeilleure compr\u00e9hension de leur foi\u201d.<\/p>\n\n\n\n<p>Ces p\u00e8lerins tenaient au coll\u00e8ge Sacr\u00e9-C\u0153ur de Dakar leur deuxi\u00e8me assembl\u00e9e g\u00e9n\u00e9rale pr\u00e9c\u00e9dant leur d\u00e9part, pour trois semaines, vers Isra\u00ebl, Rome (Italie) et Lourdes (France).<\/p>\n\n\n\n<p>\u201cC\u2019est avec beaucoup d\u2019\u00e9motion et de joie que je vais effectuer, pour la premi\u00e8re fois, ce p\u00e8lerinage aux lieux saints de la chr\u00e9tient\u00e9\u201d, en Isra\u00ebl, \u00e0 Rome et Lourdes, a dit J\u00e9r\u00e9mie Faye de la paroisse Saint Andr\u00e9 de Mbour, dans le dioc\u00e8se de Dakar.<\/p>\n\n\n\n<p>Il dit avoir eu de \u201ctr\u00e8s bonnes impressions\u201d apr\u00e8s avoir \u00e9cout\u00e9 les organisateurs du p\u00e8lerinage sur la suite du voyage.<\/p>\n\n\n\n<p>Erasme Th\u00e9rence Diatta, de la paroisse Sainte Agn\u00e8s de Rufisque, est \u00e9galement anim\u00e9 de la m\u00eame joie que J\u00e9r\u00e9mie Faye, au moment d\u2019effectuer cette d\u00e9marche spirituelle devant le conduire sur les traces de J\u00e9sus-Christ pour approfondir sa foi.<\/p>\n\n\n\n<p>\u201cC\u2019est un r\u00e9el plaisir mais \u00e9galement un sentiment d\u2019une bonne finalit\u00e9 d\u2019un croyant qui va \u00e0 la terre sainte pour approfondir sa foi et sa d\u00e9votion\u201d, a-t-il dit, en rendant gr\u00e2ce \u00e0 Dieu de lui permettre, pour la premi\u00e8re fois, d\u2019effectuer ce p\u00e8lerinage.<\/p>\n\n\n\n<p>Dans un esprit de bienveillance, il dit avoir une pens\u00e9e pour les pr\u00e9tendants qui n\u2019ont pas encore eu cette chance. \u201cNous prierons pour eux, que Dieu fasse gr\u00e2ce pour que ce moment arrive un jour pour eux\u201d, a ajout\u00e9 M. Diatta.<\/p>\n\n\n\n<p>La S\u0153ur Madeleine Madoup\u00e9 Sambou de la congr\u00e9gation des S\u0153urs de la Pr\u00e9sentation de Marie, en service \u00e0 Ziguinchor, a \u00e9galement du mal \u00e0 cacher son enthousiasme de faire partie de cette d\u00e9marche de foi.<\/p>\n\n\n\n<p>Elle se dit heureuse de faire partie du groupe des p\u00e8lerins de l\u2019esp\u00e9rance en cette ann\u00e9e jubilaire o\u00f9 l\u2019Eglise \u201cinvite \u00e0 jubiler, \u00e0 marcher ensemble, toujours dans la synodalit\u00e9\u201d.<\/p>\n\n\n\n<p>Se disant optimiste, cette religieuse qui en est \u00e0 son premier p\u00e8lerinage \u00e9tale toutefois ses attentes.<\/p>\n\n\n\n<p><strong>R\u00e9conciliation et meilleure compr\u00e9hension<\/strong><\/p>\n\n\n\n<p>\u201cJe suis d\u00e9j\u00e0 dans la joie parce que nous avons d\u00e9j\u00e0 le flair de ce p\u00e8lerinage qui nous invite d\u2019abord \u00e0 une communion, \u00e0 raviver notre foi, \u00e0 prier pour la paix, la paix des c\u0153urs, la paix dans les communaut\u00e9s, la paix dans le monde entier\u201d, a-t-il d\u00e9clar\u00e9.<\/p>\n\n\n\n<p>Pour cette religieuse, le p\u00e8lerinage qu\u2019elle s\u2019appr\u00eate \u00e0 faire \u201cest une b\u00e9n\u00e9diction\u201d, une sorte de r\u00e9compense pour ses \u201c25 ans de vie religieuse\u201d. S\u0153ur Madeleine Madoup\u00e9 Sambou ne manque donc pas l\u2019occasion de remercier&nbsp;ceux qui lui ont permis d\u2019effectuer ce voyage.&nbsp;<\/p>\n\n\n\n<p>Habib Ampa Dieng, de la Paroisse Saint Jean-Paul II de Gu\u00e9diawaye, entend revenir de ce p\u00e8lerinage plus r\u00e9concili\u00e9 avec lui-m\u00eame et les autres, avec une meilleure compr\u00e9hension de sa foi.<\/p>\n\n\n\n<p>\u201cDepuis qu\u2019on en entend parler, la gr\u00e2ce nous offre cette ann\u00e9e l\u2019opportunit\u00e9 d\u2019y aller, et nous esp\u00e9rons vraiment revenir plus r\u00e9concili\u00e9 avec nous-m\u00eames, avec une meilleure compr\u00e9hension de notre foi au regard des aspects g\u00e9ographiques et historiques\u201d, a soulign\u00e9 cet officier sup\u00e9rieur des douanes s\u00e9n\u00e9galaises.<\/p>\n\n\n\n<p>Il dit esp\u00e9rer en \u201crevenir apais\u00e9, grandi et un peu plus confiant dans sa foi\u201d.<\/p>\n\n\n\n<p>\u201cAvec trois semaines de recueillement exclusifs sur nous-m\u00eames et notre foi, j\u2019esp\u00e8re vraiment en revenir apais\u00e9, grandi et un peu plus confiant dans ma foi\u201d, a dit Habib Ampa Dieng, accompagn\u00e9 de son \u00e9pouse pour cette d\u00e9marche de foi.<\/p>\n\n\n\n<p>Il a du mal \u00e0 bouder son plaisir, avant m\u00eame d\u2019y \u00eatre. \u201cC\u2019est un moment majeur qu\u2019on va partager, qu\u2019on va vivre en conformit\u00e9 avec notre engagement commun\u201d, a-t-il fait savoir.<\/p>\n\n\n\n<p>Le secr\u00e9taire g\u00e9n\u00e9ral du comit\u00e9 national interdioc\u00e9sain des p\u00e8lerinages catholiques (SINPEC) de la paroisse Saint Paul de Grand Yoff, Vincent Mendy, note avoir vu des p\u00e8lerins tr\u00e8s motiv\u00e9s, pr\u00eats \u00e0 effectuer un bon p\u00e8lerinage.<\/p>\n\n\n\n<p><strong>Des futurs p\u00e8lerins pr\u00eats \u00e0 relever le d\u00e9fi<\/strong><\/p>\n\n\n\n<p>\u201cDurant l\u2019assembl\u00e9e g\u00e9n\u00e9rale, sur les visages, on peut lire beaucoup d\u2019attentes, et nous sommes s\u00fbrs que ceux qui ont dit oui nous voici, vont faire une d\u00e9marche sp\u00e9ciale\u201d, a-t-il d\u00e9clar\u00e9.<\/p>\n\n\n\n<p>Il soutient que la pr\u00e9sence de nombreux couples pour ce p\u00e8lerinage \u2013 22 au total \u2013&nbsp; montre \u00e9galement que \u201cla famille doit revenir au c\u0153ur de la foi\u201d.<\/p>\n\n\n\n<p>\u201cSi ces couples qui vont en p\u00e8lerinage reviennent, qu\u2019ils soient des \u00e9l\u00e9ments forts pour fortifier la foi, des mod\u00e8les pour leurs enfants et pour la communaut\u00e9 catholique et \u00e9galement pour le S\u00e9n\u00e9gal\u201d, a-t-il fait savoir.<\/p>\n\n\n\n<p>Vincent Mendy, membre \u00e9minent de l\u2019organisation du voyage, \u201cprie pour que ceux qui partent portent le S\u00e9n\u00e9gal, l\u2019hivernage, nos gouvernants, les aspirations de ce pays dans leurs pri\u00e8res\u201d.<\/p>\n\n\n\n<p>\u201cLe S\u00e9n\u00e9gal a besoin de pri\u00e8res actuellement pour que nous puissions \u00eatre dans un pays apais\u00e9, o\u00f9 le langage est correct, dans un pays o\u00f9 les gens s\u2019acceptent, se pardonnent (\u2026)\u201d, a-t-il indiqu\u00e9.<\/p>\n\n\n\n<p>CS\/BK<\/p>\n","protected":false},"excerpt":{"rendered":"<p>Dakar, (APS) \u2013 Les quatre cent-cinquante futurs p\u00e8lerins en partance pour les lieux saints de la chr\u00e9tient\u00e9, heureux de leur<\/p>\n","protected":false},"author":1,"featured_media":61638,"comment_status":"open","ping_status":"open","sticky":false,"template":"","format":"standard","meta":{"footnotes":""},"categories":[21],"tags":[],"class_list":["post-61637","post","type-post","status-publish","format-standard","has-post-thumbnail","hentry","category-societe"],"_links":{"self":[{"href":"https:\/\/dekkbi.com\/index.php?rest_route=\/wp\/v2\/posts\/61637","targetHints":{"allow":["GET"]}}],"collection":[{"href":"https:\/\/dekkbi.com\/index.php?rest_route=\/wp\/v2\/posts"}],"about":[{"href":"https:\/\/dekkbi.com\/index.php?rest_route=\/wp\/v2\/types\/post"}],"author":[{"embeddable":true,"href":"https:\/\/dekkbi.com\/index.php?rest_route=\/wp\/v2\/users\/1"}],"replies":[{"embeddable":true,"href":"https:\/\/dekkbi.com\/index.php?rest_route=%2Fwp%2Fv2%2Fcomments&post=61637"}],"version-history":[{"count":1,"href":"https:\/\/dekkbi.com\/index.php?rest_route=\/wp\/v2\/posts\/61637\/revisions"}],"predecessor-version":[{"id":61639,"href":"https:\/\/dekkbi.com\/index.php?rest_route=\/wp\/v2\/posts\/61637\/revisions\/61639"}],"wp:featuredmedia":[{"embeddable":true,"href":"https:\/\/dekkbi.com\/index.php?rest_route=\/wp\/v2\/media\/61638"}],"wp:attachment":[{"href":"https:\/\/dekkbi.com\/index.php?rest_route=%2Fwp%2Fv2%2Fmedia&parent=61637"}],"wp:term":[{"taxonomy":"category","embeddable":true,"href":"https:\/\/dekkbi.com\/index.php?rest_route=%2Fwp%2Fv2%2Fcategories&post=61637"},{"taxonomy":"post_tag","embeddable":true,"href":"https:\/\/dekkbi.com\/index.php?rest_route=%2Fwp%2Fv2%2Ftags&post=61637"}],"curies":[{"name":"wp","href":"https:\/\/api.w.org\/{rel}","templated":true}]}}