{"id":61584,"date":"2025-08-20T16:15:46","date_gmt":"2025-08-20T16:15:46","guid":{"rendered":"https:\/\/dekkbi.com\/?p=61584"},"modified":"2025-08-20T16:15:46","modified_gmt":"2025-08-20T16:15:46","slug":"mbappe-delivre-le-real-madrid-pour-la-premiere-de-xabi-alonso","status":"publish","type":"post","link":"https:\/\/dekkbi.com\/?p=61584","title":{"rendered":"Mbapp\u00e9 d\u00e9livre le Real Madrid pour la premi\u00e8re de Xabi Alonso"},"content":{"rendered":"\n<p>Buteur sur p\u00e9nalty, l\u2019attaquant fran\u00e7ais Kylian Mbapp\u00e9 a permis mardi au Real Madrid de lancer sa saison en Liga par un court succ\u00e8s (1-0) face \u00e0 Osasuna au stade Santiago Bernab\u00e9u, offrant \u00e9galement \u00e0 son nouvel entra\u00eeneur Xabi Alonso ses trois premiers points en championnat.<\/p>\n\n\n\n<p><strong>Source:<\/strong>\u00a0AFP<\/p>\n\n\n\n<p>Jusqu\u2019ici remuant mais peu en r\u00e9ussite devant le but, le capitaine de l\u2019\u00e9quipe de France, meilleur buteur du championnat espagnol l\u2019an pass\u00e9 pour sa premi\u00e8re saison au Real, a pris ses responsabilit\u00e9s pour transformer un p\u00e9nalty qu\u2019il avait lui-m\u00eame provoqu\u00e9, et ouvrir son compteur en Liga (51<sup>e<\/sup>, 1-0) avec son nouveau num\u00e9ro 10.<\/p>\n\n\n\n<p>Cette premi\u00e8re r\u00e9alisation du Bondynois, apparu en jambes et volontaire, a suffi \u00e0 assurer au club madril\u00e8ne une victoire \u00e9triqu\u00e9e mais m\u00e9rit\u00e9e pour lancer son op\u00e9ration reconqu\u00eate sous les ordres de son ex-strat\u00e8ge Xabi Alonso, qui a succ\u00e9d\u00e9 \u00e0 l\u2019Italien Carlo Ancelotti apr\u00e8s une saison d\u00e9cevante, sans troph\u00e9e majeur, termin\u00e9e derri\u00e8re son grand rival le FC Barcelone.<\/p>\n\n\n\n<p>\u201cKylian, apr\u00e8s cette premi\u00e8re ann\u00e9e o\u00f9 il a r\u00e9alis\u00e9 de tr\u00e8s bonnes choses, on voit qu\u2019il veut encore faire plus. Je ne sais pas si c\u2019est li\u00e9 au nouveau num\u00e9ro ou pas, ou simplement \u00e0 son ambition de gagner, mais il veut donner un meilleur rendement individuel et collectif et inspirer ses co\u00e9quipiers\u201d, a r\u00e9sum\u00e9 Xabi Alonso en conf\u00e9rence de presse.<\/p>\n\n\n\n<p>\u201cOn voit son envie au quotidien. Aujourd\u2019hui, il a g\u00e9n\u00e9r\u00e9 ces situations d\u00e9cisives qui permettent de remporter des matchs\u201d, a-t-il ajout\u00e9.<\/p>\n\n\n\n<h2 class=\"wp-block-heading\">La r\u00e9volution tactique attendra<\/h2>\n\n\n\n<p>Malgr\u00e9 plusieurs occasions franches en premi\u00e8re mi-temps et une domination territoriale presque totale (80% de possession), les Merengues avaient eu jusque-l\u00e0 beaucoup de mal \u00e0 percer une d\u00e9fense basque disciplin\u00e9e, donnant un aper\u00e7u des difficult\u00e9s que risque de rencontrer le g\u00e9ant espagnol face aux blocs bas.<\/p>\n\n\n\n<p>Les principes de jeu de l\u2019ancien coach du Bayer Leverkusen, dont on avait pu voir les pr\u00e9mices lors du Mondial des clubs, ont certes \u00e9t\u00e9 visibles, sur la pelouse du Santiago Bernab\u00e9u, notamment avec un bloc haut, et une implication accrue des offensifs au pressing et \u00e0 la r\u00e9cup\u00e9ration du ballon.<\/p>\n\n\n\n<p>Mbapp\u00e9 et Vinicius Junior, dont l\u2019entente reste encore \u00e0 parfaire, ont, en ce sens, montr\u00e9 l\u2019exemple. Tout comme le jeune turc Arda G\u00fcler et l\u2019international fran\u00e7ais Aur\u00e9lien Tchouam\u00e9ni.<\/p>\n\n\n\n<p>Les trois recrues estivales, les Espagnols Dean Huijsen et Alvaro Carreras, et le lat\u00e9ral anglais Trent Alexander-Arnold, ont \u00e9galement connu un bapt\u00eame relativement tranquille.<\/p>\n\n\n\n<p>Mais la r\u00e9volution tactique promise par le technicien basque prendra, logiquement, encore du temps.<\/p>\n\n\n\n<p>Sans surprise \u00e9lu homme du match, Mbapp\u00e9, qui avait vu sa frappe sans \u00e9lan dans la surface fr\u00f4ler le poteau gauche adverse (34<sup>e<\/sup>) en premi\u00e8re mi-temps, aura d\u00e8s dimanche (21h30) une nouvelle occasion de d\u00e9montrer son bon \u00e9tat de forme sur la pelouse du promu Oviedo.<\/p>\n","protected":false},"excerpt":{"rendered":"<p>Buteur sur p\u00e9nalty, l\u2019attaquant fran\u00e7ais Kylian Mbapp\u00e9 a permis mardi au Real Madrid de lancer sa saison en Liga par<\/p>\n","protected":false},"author":1,"featured_media":47655,"comment_status":"open","ping_status":"open","sticky":false,"template":"","format":"standard","meta":{"footnotes":""},"categories":[9],"tags":[],"class_list":["post-61584","post","type-post","status-publish","format-standard","has-post-thumbnail","hentry","category-sports"],"_links":{"self":[{"href":"https:\/\/dekkbi.com\/index.php?rest_route=\/wp\/v2\/posts\/61584","targetHints":{"allow":["GET"]}}],"collection":[{"href":"https:\/\/dekkbi.com\/index.php?rest_route=\/wp\/v2\/posts"}],"about":[{"href":"https:\/\/dekkbi.com\/index.php?rest_route=\/wp\/v2\/types\/post"}],"author":[{"embeddable":true,"href":"https:\/\/dekkbi.com\/index.php?rest_route=\/wp\/v2\/users\/1"}],"replies":[{"embeddable":true,"href":"https:\/\/dekkbi.com\/index.php?rest_route=%2Fwp%2Fv2%2Fcomments&post=61584"}],"version-history":[{"count":1,"href":"https:\/\/dekkbi.com\/index.php?rest_route=\/wp\/v2\/posts\/61584\/revisions"}],"predecessor-version":[{"id":61585,"href":"https:\/\/dekkbi.com\/index.php?rest_route=\/wp\/v2\/posts\/61584\/revisions\/61585"}],"wp:featuredmedia":[{"embeddable":true,"href":"https:\/\/dekkbi.com\/index.php?rest_route=\/wp\/v2\/media\/47655"}],"wp:attachment":[{"href":"https:\/\/dekkbi.com\/index.php?rest_route=%2Fwp%2Fv2%2Fmedia&parent=61584"}],"wp:term":[{"taxonomy":"category","embeddable":true,"href":"https:\/\/dekkbi.com\/index.php?rest_route=%2Fwp%2Fv2%2Fcategories&post=61584"},{"taxonomy":"post_tag","embeddable":true,"href":"https:\/\/dekkbi.com\/index.php?rest_route=%2Fwp%2Fv2%2Ftags&post=61584"}],"curies":[{"name":"wp","href":"https:\/\/api.w.org\/{rel}","templated":true}]}}