{"id":6156,"date":"2023-01-10T14:39:49","date_gmt":"2023-01-10T14:39:49","guid":{"rendered":"https:\/\/dekkbi.com\/?p=6156"},"modified":"2023-01-10T14:39:50","modified_gmt":"2023-01-10T14:39:50","slug":"bleus-clap-de-fin-pour-lloris-capitaine-fiable-et-durable","status":"publish","type":"post","link":"https:\/\/dekkbi.com\/?p=6156","title":{"rendered":"Bleus: clap de fin pour Lloris, capitaine fiable et durable"},"content":{"rendered":"\n<p><a href=\"https:\/\/www.addthis.com\/bookmark.php?v=300\"><\/a><a href=\"https:\/\/www.addthis.com\/bookmark.php?v=300\"><\/a><a rel=\"noreferrer noopener\" href=\"https:\/\/www.addthis.com\/bookmark.php?v=300\" target=\"_blank\"><\/a><a rel=\"noreferrer noopener\" href=\"https:\/\/www.addthis.com\/bookmark.php?v=300\" target=\"_blank\"><\/a>Capitaine des champions du monde 2018, Hugo Lloris (36 ans) a annonc\u00e9 lundi tirer un trait sur l&rsquo;\u00e9quipe de France, trois semaines apr\u00e8s la finale perdue du Mondial-2022, laissant derri\u00e8re lui l&rsquo;image d&rsquo;un leader \u00ab\u00a0tranquille\u00a0\u00bb et fiable, \u00e0 la long\u00e9vit\u00e9 record.<\/p>\n\n\n\n<p>\u00ab\u00a0Ce n&rsquo;est pas facile d&rsquo;annoncer \u00e7a, mais apr\u00e8s quatorze ann\u00e9es \u00e0 d\u00e9fendre ce maillot, que j&rsquo;ai port\u00e9 avec un immense plaisir, avec fiert\u00e9, devoir et sens de la responsabilit\u00e9, je crois que je suis arriv\u00e9 au bout\u00a0\u00bb, a confi\u00e9 \u00e0 L&rsquo;Equipe le gardien aux 145 s\u00e9lections, dont 121 avec le brassard au bras.<\/p>\n\n\n\n<p>L&rsquo;\u00e9quipe de France est \u00ab\u00a0pr\u00eate \u00e0 continuer sans moi\u00a0\u00bb, dit-il en citant son successeur d\u00e9sign\u00e9 dans la cage tricolore, Mike Maignan (27 ans). \u00ab\u00a0J&rsquo;ai eu la chance avec ma g\u00e9n\u00e9ration d&rsquo;avoir marqu\u00e9 l&rsquo;histoire du football fran\u00e7ais et \u00e7a, on ne pourra pas me l&rsquo;enlever\u00a0\u00bb.<\/p>\n\n\n\n<p>Lanc\u00e9 en 2018 par Raymond Domenech, d\u00e9sign\u00e9 capitaine par Laurent Blanc en novembre 2010, apr\u00e8s le fiasco de Knysna, il a tenu la concurrence \u00e0 distance avec un leadership fort et des parades remarquables, que n&rsquo;effaceront pas les quelques boulettes inh\u00e9rentes \u00e0 ce poste si expos\u00e9.<\/p>\n\n\n\n<p>\u00ab\u00a0Un tr\u00e8s grand serviteur de l&rsquo;\u00e9quipe de France tire sa r\u00e9v\u00e9rence et je veux saluer son parcours exceptionnel\u00a0\u00bb, a r\u00e9agi l&rsquo;actuel s\u00e9lectionneur Didier Deschamps, vantant un homme \u00ab\u00a0remarquable\u00a0\u00bb qui a \u00ab\u00a0toujours \u00e9t\u00e9 tourn\u00e9 vers le collectif\u00a0\u00bb.<\/p>\n\n\n\n<p>Le portier des Spurs a particip\u00e9 \u00e0 sept grands tournois internationaux, avec \u00e0 la cl\u00e9 trois finales: celles perdues \u00e0 l&rsquo;Euro-2016 et au Mondial-2022, et celle remport\u00e9e en Russie, la deuxi\u00e8me \u00e9toile fran\u00e7aise vingt ans apr\u00e8s celle d\u00e9croch\u00e9e par Deschamps.<\/p>\n\n\n\n<p>&#8211; Priorit\u00e9 \u00e0 Tottenham &#8211;<\/p>\n\n\n\n<p>Dans le livre d&rsquo;or des Bleus, il appara\u00eet aux c\u00f4t\u00e9s des plus grands gardiens, comme Jo\u00ebl Bats et Fabien Barthez, deux personnalit\u00e9s qu&rsquo;il a d&rsquo;ailleurs consult\u00e9es avant de prendre sa d\u00e9cision.<\/p>\n\n\n\n<p>\u00ab\u00a0C&rsquo;est un soulagement de le dire et que \u00e7a sorte, je m&rsquo;enl\u00e8ve un poids en l&rsquo;annon\u00e7ant, et je peux continuer \u00e0 me concentrer sur mon quotidien avec Tottenham\u00a0\u00bb, affirme-t-il dans L&rsquo;Equipe, reconnaissant vouloir \u00ab\u00a0sortir en \u00e9tant toujours en haut\u00a0\u00bb plut\u00f4t que de risquer la saison de trop.<\/p>\n\n\n\n<p>Au Qatar, Lloris est devenu le Fran\u00e7ais le plus cap\u00e9 de l&rsquo;histoire devant Lilian Thuram (142 s\u00e9lections), un aboutissement presque naturel pour ce grand professionnel qui a d\u00e9roul\u00e9 une carri\u00e8re sans accroc et r\u00e9guli\u00e8re de Nice, sa ville natale, \u00e0 Tottenham, o\u00f9 il \u00e9volue depuis dix ans, en passant par Lyon, th\u00e9\u00e2tre de son \u00e9closion.<\/p>\n\n\n\n<p>\u00ab\u00a0Long\u00e9vit\u00e9\u00a0\u00bb, \u00ab\u00a0calme\u00a0\u00bb, \u00ab\u00a0tranquillit\u00e9\u00a0\u00bb&#8230; Les vertus de Lloris ont \u00e9t\u00e9 \u00e9num\u00e9r\u00e9s par Rapha\u00ebl Varane qui le secondait comme vice-capitaine \u00e0 Doha: \u00ab\u00a0J&rsquo;ai beaucoup de respect pour le joueur, pour l&rsquo;homme qu&rsquo;il est. C&rsquo;est une chance d&rsquo;avoir cette stabilit\u00e9 en \u00e9quipe de France.\u00a0\u00bb<\/p>\n\n\n\n<p>Cette mentalit\u00e9 lui a souvent permis d&rsquo;\u00eatre d\u00e9cisif et de montrer la voie \u00e0 ses partenaires, avec ses parades cruciales comme contre l&rsquo;Angleterre en quarts (2-1) ou le Maroc en demi-finales (2-0).<\/p>\n\n\n\n<p>&#8211; Quel futur capitaine? &#8211;<\/p>\n\n\n\n<p>\u00ab\u00a0Pour ceux qui le connaissent de pr\u00e8s, c&rsquo;est un professionnel irr\u00e9prochable, sans concession par rapport \u00e0 lui-m\u00eame\u00a0\u00bb, d\u00e9crivait avant le tournoi Luc Lloris, son p\u00e8re, aupr\u00e8s de l&rsquo;AFP. Il soulignait aussi une \u00ab\u00a0discipline personnelle\u00a0\u00bb qui \u00ab\u00a0peut susciter l&rsquo;adh\u00e9sion\u00a0\u00bb des partenaires comme des entra\u00eeneurs, \u00ab\u00a0m\u00eame si c&rsquo;est loin d&rsquo;\u00eatre recherch\u00e9\u00a0\u00bb.<\/p>\n\n\n\n<p>\u00ab\u00a0Ce n&rsquo;est pas quelqu&rsquo;un qui est tr\u00e8s expansif ou recherche la lumi\u00e8re\u00a0\u00bb, disait de lui Deschamps \u00e0 propos de son relais privil\u00e9gi\u00e9, pas forc\u00e9ment le plus bavard de ses cadres.<\/p>\n\n\n\n<p>Discret aupr\u00e8s du grand public, parfois m\u00eame jug\u00e9 trop lisse, ce p\u00e8re de trois enfants demeure en priv\u00e9 un homme au fort caract\u00e8re, direct et sans d\u00e9tour. \u00ab\u00a0Quand il y a quelque chose d&rsquo;ambigu, il ne se cache pas\u00a0\u00bb, assure son p\u00e8re.<\/p>\n\n\n\n<p>Hors terrain, son choix de renoncer rapidement au brassard inclusif \u00ab\u00a0One Love\u00a0\u00bb, assumant de vouloir \u00ab\u00a0garder le focus sur le jeu\u00a0\u00bb, lui a valu des critiques de certaines associations.<\/p>\n\n\n\n<p>Joueur de tennis avant le football, Lloris n&rsquo;a pas choisi le poste de gardien par hasard: il y conserve une certaine ind\u00e9pendance, un certain individualisme au sein du collectif. Cette autonomie trouve un prolongement dans sa carri\u00e8re, qu&rsquo;il g\u00e8re sans agent ni conseillers officiels, une raret\u00e9.<\/p>\n\n\n\n<p>Sa retraite internationale ouvre le d\u00e9bat du capitanat en s\u00e9lection. Le vice-capitaine Varane postule naturellement, comme Kylian Mbapp\u00e9, homme fort des Bleus \u00e0 24 ans.<\/p>\n\n\n\n<p>Par Antoine MAIGNAN et J\u00e9r\u00e9my TALBOT<\/p>\n\n\n\n<p><a href=\"https:\/\/information.tv5monde.com\/auteur\/afp\">AFP<\/a><\/p>\n\n\n\n<p>\u00a9 2023 AFP<\/p>\n\n\n\n<p>Mise \u00e0 jour 09.01.2023 \u00e0 22:0<\/p>\n\n\n\n<h1 class=\"wp-block-heading\">Bleus: clap de fin pour Lloris, capitaine fiable et durable<\/h1>\n\n\n\n<figure class=\"wp-block-image\"><img decoding=\"async\" src=\"https:\/\/information.tv5monde.com\/sites\/info.tv5monde.com\/files\/styles\/large\/public\/0b70611055f86180b698ad906bb54cb3e3c89af4.jpg?itok=vUI2m2rP\" alt=\"Le gardien de l&#039;\u00e9quipe de France Hugo Lloris face \u00e0 l&#039;Australie au Mondial, le 22 novembre 2022 au stade Al-Janoub \u00e0 Doha\" title=\"afp.com - FRANCK FIFE\"\/><\/figure>\n\n\n\n<p>Le gardien de l&rsquo;\u00e9quipe de France Hugo Lloris face \u00e0 l&rsquo;Australie au Mondial, le 22 novembre 2022 au stade Al-Janoub \u00e0 Doha<\/p>\n\n\n\n<p>afp.com &#8211; FRANCK FIFE<\/p>\n\n\n\n<ul class=\"wp-block-list\">\n<li><\/li>\n\n\n\n<li><\/li>\n\n\n\n<li><\/li>\n\n\n\n<li><\/li>\n\n\n\n<li><\/li>\n\n\n\n<li><\/li>\n\n\n\n<li><\/li>\n<\/ul>\n\n\n\n<p>09 JAN 2023<\/p>\n\n\n\n<p>Mise \u00e0 jour 09.01.2023 \u00e0 22:00<\/p>\n\n\n\n<p>Par Antoine MAIGNAN et J\u00e9r\u00e9my TALBOT<\/p>\n\n\n\n<p>&nbsp;<a href=\"https:\/\/information.tv5monde.com\/auteur\/afp\">AFP<\/a>&nbsp;<\/p>\n\n\n\n<p>\u00a9 2023 AFP<\/p>\n\n\n\n<p><a href=\"https:\/\/www.addthis.com\/bookmark.php?v=300\"><\/a><a href=\"https:\/\/www.addthis.com\/bookmark.php?v=300\"><\/a><a href=\"https:\/\/www.addthis.com\/bookmark.php?v=300\" rel=\"noreferrer noopener\" target=\"_blank\"><\/a><a href=\"https:\/\/www.addthis.com\/bookmark.php?v=300\" rel=\"noreferrer noopener\" target=\"_blank\"><\/a><\/p>\n\n\n\n<p>Capitaine des champions du monde 2018, Hugo Lloris (36 ans) a annonc\u00e9 lundi tirer un trait sur l&rsquo;\u00e9quipe de France, trois semaines apr\u00e8s la finale perdue du Mondial-2022, laissant derri\u00e8re lui l&rsquo;image d&rsquo;un leader \u00ab\u00a0tranquille\u00a0\u00bb et fiable, \u00e0 la long\u00e9vit\u00e9 record.<\/p>\n\n\n\n<p>\u00ab\u00a0Ce n&rsquo;est pas facile d&rsquo;annoncer \u00e7a, mais apr\u00e8s quatorze ann\u00e9es \u00e0 d\u00e9fendre ce maillot, que j&rsquo;ai port\u00e9 avec un immense plaisir, avec fiert\u00e9, devoir et sens de la responsabilit\u00e9, je crois que je suis arriv\u00e9 au bout\u00a0\u00bb, a confi\u00e9 \u00e0 L&rsquo;Equipe le gardien aux 145 s\u00e9lections, dont 121 avec le brassard au bras.<\/p>\n\n\n\n<p>L&rsquo;\u00e9quipe de France est \u00ab\u00a0pr\u00eate \u00e0 continuer sans moi\u00a0\u00bb, dit-il en citant son successeur d\u00e9sign\u00e9 dans la cage tricolore, Mike Maignan (27 ans). \u00ab\u00a0J&rsquo;ai eu la chance avec ma g\u00e9n\u00e9ration d&rsquo;avoir marqu\u00e9 l&rsquo;histoire du football fran\u00e7ais et \u00e7a, on ne pourra pas me l&rsquo;enlever\u00a0\u00bb.<\/p>\n\n\n\n<p>Lanc\u00e9 en 2018 par Raymond Domenech, d\u00e9sign\u00e9 capitaine par Laurent Blanc en novembre 2010, apr\u00e8s le fiasco de Knysna, il a tenu la concurrence \u00e0 distance avec un leadership fort et des parades remarquables, que n&rsquo;effaceront pas les quelques boulettes inh\u00e9rentes \u00e0 ce poste si expos\u00e9.<\/p>\n\n\n\n<p>\u00ab\u00a0Un tr\u00e8s grand serviteur de l&rsquo;\u00e9quipe de France tire sa r\u00e9v\u00e9rence et je veux saluer son parcours exceptionnel\u00a0\u00bb, a r\u00e9agi l&rsquo;actuel s\u00e9lectionneur Didier Deschamps, vantant un homme \u00ab\u00a0remarquable\u00a0\u00bb qui a \u00ab\u00a0toujours \u00e9t\u00e9 tourn\u00e9 vers le collectif\u00a0\u00bb.<\/p>\n\n\n\n<p>Le portier des Spurs a particip\u00e9 \u00e0 sept grands tournois internationaux, avec \u00e0 la cl\u00e9 trois finales: celles perdues \u00e0 l&rsquo;Euro-2016 et au Mondial-2022, et celle remport\u00e9e en Russie, la deuxi\u00e8me \u00e9toile fran\u00e7aise vingt ans apr\u00e8s celle d\u00e9croch\u00e9e par Deschamps.<\/p>\n\n\n\n<p>&#8211; Priorit\u00e9 \u00e0 Tottenham &#8211;<\/p>\n\n\n\n<p>Dans le livre d&rsquo;or des Bleus, il appara\u00eet aux c\u00f4t\u00e9s des plus grands gardiens, comme Jo\u00ebl Bats et Fabien Barthez, deux personnalit\u00e9s qu&rsquo;il a d&rsquo;ailleurs consult\u00e9es avant de prendre sa d\u00e9cision.<\/p>\n\n\n\n<p>\u00ab\u00a0C&rsquo;est un soulagement de le dire et que \u00e7a sorte, je m&rsquo;enl\u00e8ve un poids en l&rsquo;annon\u00e7ant, et je peux continuer \u00e0 me concentrer sur mon quotidien avec Tottenham\u00a0\u00bb, affirme-t-il dans L&rsquo;Equipe, reconnaissant vouloir \u00ab\u00a0sortir en \u00e9tant toujours en haut\u00a0\u00bb plut\u00f4t que de risquer la saison de trop.<\/p>\n\n\n\n<p>Au Qatar, Lloris est devenu le Fran\u00e7ais le plus cap\u00e9 de l&rsquo;histoire devant Lilian Thuram (142 s\u00e9lections), un aboutissement presque naturel pour ce grand professionnel qui a d\u00e9roul\u00e9 une carri\u00e8re sans accroc et r\u00e9guli\u00e8re de Nice, sa ville natale, \u00e0 Tottenham, o\u00f9 il \u00e9volue depuis dix ans, en passant par Lyon, th\u00e9\u00e2tre de son \u00e9closion.<\/p>\n\n\n\n<p>\u00ab\u00a0Long\u00e9vit\u00e9\u00a0\u00bb, \u00ab\u00a0calme\u00a0\u00bb, \u00ab\u00a0tranquillit\u00e9\u00a0\u00bb&#8230; Les vertus de Lloris ont \u00e9t\u00e9 \u00e9num\u00e9r\u00e9s par Rapha\u00ebl Varane qui le secondait comme vice-capitaine \u00e0 Doha: \u00ab\u00a0J&rsquo;ai beaucoup de respect pour le joueur, pour l&rsquo;homme qu&rsquo;il est. C&rsquo;est une chance d&rsquo;avoir cette stabilit\u00e9 en \u00e9quipe de France.\u00a0\u00bb<\/p>\n\n\n\n<p>Cette mentalit\u00e9 lui a souvent permis d&rsquo;\u00eatre d\u00e9cisif et de montrer la voie \u00e0 ses partenaires, avec ses parades cruciales comme contre l&rsquo;Angleterre en quarts (2-1) ou le Maroc en demi-finales (2-0).<\/p>\n\n\n\n<p>&#8211; Quel futur capitaine? &#8211;<\/p>\n\n\n\n<p>\u00ab\u00a0Pour ceux qui le connaissent de pr\u00e8s, c&rsquo;est un professionnel irr\u00e9prochable, sans concession par rapport \u00e0 lui-m\u00eame\u00a0\u00bb, d\u00e9crivait avant le tournoi Luc Lloris, son p\u00e8re, aupr\u00e8s de l&rsquo;AFP. Il soulignait aussi une \u00ab\u00a0discipline personnelle\u00a0\u00bb qui \u00ab\u00a0peut susciter l&rsquo;adh\u00e9sion\u00a0\u00bb des partenaires comme des entra\u00eeneurs, \u00ab\u00a0m\u00eame si c&rsquo;est loin d&rsquo;\u00eatre recherch\u00e9\u00a0\u00bb.<\/p>\n\n\n\n<p>\u00ab\u00a0Ce n&rsquo;est pas quelqu&rsquo;un qui est tr\u00e8s expansif ou recherche la lumi\u00e8re\u00a0\u00bb, disait de lui Deschamps \u00e0 propos de son relais privil\u00e9gi\u00e9, pas forc\u00e9ment le plus bavard de ses cadres.<\/p>\n\n\n\n<p>Discret aupr\u00e8s du grand public, parfois m\u00eame jug\u00e9 trop lisse, ce p\u00e8re de trois enfants demeure en priv\u00e9 un homme au fort caract\u00e8re, direct et sans d\u00e9tour. \u00ab\u00a0Quand il y a quelque chose d&rsquo;ambigu, il ne se cache pas\u00a0\u00bb, assure son p\u00e8re.<\/p>\n\n\n\n<p>Hors terrain, son choix de renoncer rapidement au brassard inclusif \u00ab\u00a0One Love\u00a0\u00bb, assumant de vouloir \u00ab\u00a0garder le focus sur le jeu\u00a0\u00bb, lui a valu des critiques de certaines associations.<\/p>\n\n\n\n<p>Joueur de tennis avant le football, Lloris n&rsquo;a pas choisi le poste de gardien par hasard: il y conserve une certaine ind\u00e9pendance, un certain individualisme au sein du collectif. Cette autonomie trouve un prolongement dans sa carri\u00e8re, qu&rsquo;il g\u00e8re sans agent ni conseillers officiels, une raret\u00e9.<\/p>\n\n\n\n<p>Sa retraite internationale ouvre le d\u00e9bat du capitanat en s\u00e9lection. Le vice-capitaine Varane postule naturellement, comme Kylian Mbapp\u00e9, homme fort des Bleus \u00e0 24 ans.<\/p>\n\n\n\n<p>Par Antoine MAIGNAN et J\u00e9r\u00e9my TALBOT<\/p>\n\n\n\n<p><a href=\"https:\/\/information.tv5monde.com\/auteur\/afp\">AFP<\/a><\/p>\n\n\n\n<p>\u00a9 2023 AFP<\/p>\n\n\n\n<p>Mise \u00e0 jour 09.01.2023 \u00e0 22:0<\/p>\n","protected":false},"excerpt":{"rendered":"<p>Capitaine des champions du monde 2018, Hugo Lloris (36 ans) a annonc\u00e9 lundi tirer un trait sur l&rsquo;\u00e9quipe de France,<\/p>\n","protected":false},"author":1,"featured_media":6157,"comment_status":"open","ping_status":"open","sticky":false,"template":"","format":"standard","meta":{"footnotes":""},"categories":[9],"tags":[],"class_list":["post-6156","post","type-post","status-publish","format-standard","has-post-thumbnail","hentry","category-sports"],"_links":{"self":[{"href":"https:\/\/dekkbi.com\/index.php?rest_route=\/wp\/v2\/posts\/6156","targetHints":{"allow":["GET"]}}],"collection":[{"href":"https:\/\/dekkbi.com\/index.php?rest_route=\/wp\/v2\/posts"}],"about":[{"href":"https:\/\/dekkbi.com\/index.php?rest_route=\/wp\/v2\/types\/post"}],"author":[{"embeddable":true,"href":"https:\/\/dekkbi.com\/index.php?rest_route=\/wp\/v2\/users\/1"}],"replies":[{"embeddable":true,"href":"https:\/\/dekkbi.com\/index.php?rest_route=%2Fwp%2Fv2%2Fcomments&post=6156"}],"version-history":[{"count":1,"href":"https:\/\/dekkbi.com\/index.php?rest_route=\/wp\/v2\/posts\/6156\/revisions"}],"predecessor-version":[{"id":6158,"href":"https:\/\/dekkbi.com\/index.php?rest_route=\/wp\/v2\/posts\/6156\/revisions\/6158"}],"wp:featuredmedia":[{"embeddable":true,"href":"https:\/\/dekkbi.com\/index.php?rest_route=\/wp\/v2\/media\/6157"}],"wp:attachment":[{"href":"https:\/\/dekkbi.com\/index.php?rest_route=%2Fwp%2Fv2%2Fmedia&parent=6156"}],"wp:term":[{"taxonomy":"category","embeddable":true,"href":"https:\/\/dekkbi.com\/index.php?rest_route=%2Fwp%2Fv2%2Fcategories&post=6156"},{"taxonomy":"post_tag","embeddable":true,"href":"https:\/\/dekkbi.com\/index.php?rest_route=%2Fwp%2Fv2%2Ftags&post=6156"}],"curies":[{"name":"wp","href":"https:\/\/api.w.org\/{rel}","templated":true}]}}