{"id":61460,"date":"2025-08-18T08:40:45","date_gmt":"2025-08-18T08:40:45","guid":{"rendered":"https:\/\/dekkbi.com\/?p=61460"},"modified":"2025-08-18T11:52:35","modified_gmt":"2025-08-18T11:52:35","slug":"bassirou-diomaye-faye-en-visite-officielle-au-japon-du-18-au-26-aout","status":"publish","type":"post","link":"https:\/\/dekkbi.com\/?p=61460","title":{"rendered":"Bassirou Diomaye Faye en visite officielle au Japon du 18 au 26 ao\u00fbt"},"content":{"rendered":"\n<p><strong>Le pr\u00e9sident de la R\u00e9publique, Bassirou Diomaye Diakhar Faye, effectuera une visite officielle au Japon du 18 au 26 ao\u00fbt 2025.<\/strong><\/p>\n\n\n\n<p>Selon un communiqu\u00e9 de la Pr\u00e9sidence de la R\u00e9publique, ce d\u00e9placement vise \u00e0 \u00ab renforcer le partenariat strat\u00e9gique entre le S\u00e9n\u00e9gal et le Japon, fond\u00e9 sur des valeurs partag\u00e9es \u00bb.<\/p>\n\n\n\n<p>Durant son s\u00e9jour, le chef de l\u2019\u00c9tat participera \u00e0 la 9\u1d49 Conf\u00e9rence internationale de Tokyo sur le d\u00e9veloppement de l\u2019Afrique (TICAD 9), un rendez-vous majeur consacr\u00e9 au partenariat nippo-africain. Le communiqu\u00e9 souligne que cette conf\u00e9rence sera plac\u00e9e \u00ab sous le signe de la coop\u00e9ration pour un d\u00e9veloppement durable et inclusif \u00bb.<\/p>\n\n\n\n<h4 class=\"wp-block-heading\">Journ\u00e9e du S\u00e9n\u00e9gal \u00e0 l\u2019Expo Osaka 2025<\/h4>\n\n\n\n<p>En marge de la TICAD, Bassirou Diomaye Faye prendra \u00e9galement part \u00e0 la Journ\u00e9e du S\u00e9n\u00e9gal \u00e0 l\u2019Exposition universelle Osaka Kansai 2025. Cet \u00e9v\u00e9nement, pr\u00e9cise la Pr\u00e9sidence, offrira \u00ab une vitrine exceptionnelle pour pr\u00e9senter la Vision S\u00e9n\u00e9gal 2050 et les opportunit\u00e9s de notre pays \u00bb.<\/p>\n\n\n\n<p>Cette mission s\u2019annonce donc strat\u00e9gique pour la diplomatie s\u00e9n\u00e9galaise. Elle permettra au S\u00e9n\u00e9gal de consolider ses liens \u00e9conomiques, politiques et culturels avec le Japon, tout en donnant une visibilit\u00e9 accrue aux projets d\u2019avenir du pays.<\/p>\n\n\n\n<p>Le communiqu\u00e9 officiel conclut que \u00ab ce voyage s\u2019inscrit dans la dynamique de renforcement du partenariat strat\u00e9gique entre le S\u00e9n\u00e9gal et le Japon \u00bb.<\/p>\n\n\n\n<p><strong>Djibril DIAO<\/strong> &#8211; LESOLEIL<\/p>\n\n\n\n<p><\/p>\n","protected":false},"excerpt":{"rendered":"<p>Le pr\u00e9sident de la R\u00e9publique, Bassirou Diomaye Diakhar Faye, effectuera une visite officielle au Japon du 18 au 26 ao\u00fbt<\/p>\n","protected":false},"author":1,"featured_media":60505,"comment_status":"open","ping_status":"open","sticky":false,"template":"","format":"standard","meta":{"footnotes":""},"categories":[6],"tags":[],"class_list":["post-61460","post","type-post","status-publish","format-standard","has-post-thumbnail","hentry","category-politics"],"_links":{"self":[{"href":"https:\/\/dekkbi.com\/index.php?rest_route=\/wp\/v2\/posts\/61460","targetHints":{"allow":["GET"]}}],"collection":[{"href":"https:\/\/dekkbi.com\/index.php?rest_route=\/wp\/v2\/posts"}],"about":[{"href":"https:\/\/dekkbi.com\/index.php?rest_route=\/wp\/v2\/types\/post"}],"author":[{"embeddable":true,"href":"https:\/\/dekkbi.com\/index.php?rest_route=\/wp\/v2\/users\/1"}],"replies":[{"embeddable":true,"href":"https:\/\/dekkbi.com\/index.php?rest_route=%2Fwp%2Fv2%2Fcomments&post=61460"}],"version-history":[{"count":1,"href":"https:\/\/dekkbi.com\/index.php?rest_route=\/wp\/v2\/posts\/61460\/revisions"}],"predecessor-version":[{"id":61461,"href":"https:\/\/dekkbi.com\/index.php?rest_route=\/wp\/v2\/posts\/61460\/revisions\/61461"}],"wp:featuredmedia":[{"embeddable":true,"href":"https:\/\/dekkbi.com\/index.php?rest_route=\/wp\/v2\/media\/60505"}],"wp:attachment":[{"href":"https:\/\/dekkbi.com\/index.php?rest_route=%2Fwp%2Fv2%2Fmedia&parent=61460"}],"wp:term":[{"taxonomy":"category","embeddable":true,"href":"https:\/\/dekkbi.com\/index.php?rest_route=%2Fwp%2Fv2%2Fcategories&post=61460"},{"taxonomy":"post_tag","embeddable":true,"href":"https:\/\/dekkbi.com\/index.php?rest_route=%2Fwp%2Fv2%2Ftags&post=61460"}],"curies":[{"name":"wp","href":"https:\/\/api.w.org\/{rel}","templated":true}]}}