{"id":6146,"date":"2023-01-10T12:45:38","date_gmt":"2023-01-10T12:45:38","guid":{"rendered":"https:\/\/dekkbi.com\/?p=6146"},"modified":"2023-01-10T12:45:40","modified_gmt":"2023-01-10T12:45:40","slug":"le-fmi-annonce-la-diffusion-immediate-denviron-133-milliards-de-fcfa-pour-le-senegal","status":"publish","type":"post","link":"https:\/\/dekkbi.com\/?p=6146","title":{"rendered":"Le FMI annonce la diffusion imm\u00e9diate d\u2019environ 133 milliards de FCFA pour le S\u00e9n\u00e9gal"},"content":{"rendered":"\n<p><\/p>\n\n\n\n<p>Dakar, 9 jan (APS) \u2013 Le Fonds mon\u00e9taire international (FMI) a annonc\u00e9 la diffusion imm\u00e9diate de pr\u00e8s de 216 millions de dollars, environ 133 milliards de francs Cfa en faveur du S\u00e9n\u00e9gal a l&rsquo;issue de la sixi\u00e8me revue et de la phase finale de l&rsquo;instrument de coordination des politiques.<\/p>\n\n\n\n<p>Le Conseil d\u2019administration du FMI ach\u00e8ve la sixi\u00e8me revue et la phase finale au titre de l\u2019Instrument de coordination des politiques, les troisi\u00e8me et derni\u00e8re revues au titre de la facilit\u00e9 de cr\u00e9dit de confirmation et de l\u2019accord de confirmation, et entame une \u00e9valuation post\u00e9rieure au financement avec le S\u00e9n\u00e9gal, a appris l&rsquo;APS d&rsquo;un communiqu\u00e9 \u00e9manant de l&rsquo;institution financi\u00e8re internationale.&nbsp;<\/p>\n\n\n\n<p>Le FMI souligne ainsi que l\u2019ach\u00e8vement de ces examens permet la diffusion imm\u00e9diate d\u2019environ 215,96 millions de dollars EU (161,8 millions de DTS, soit environ 133 milliards de FCFA) au S\u00e9n\u00e9gal.<\/p>\n\n\n\n<p>Le Fonds rappelle que l\u2019affaiblissement de la demande ext\u00e9rieure, la hausse des prix des denr\u00e9es alimentaires et de l\u2019\u00e9nergie, le resserrement des ressources financi\u00e8res et l\u2019appr\u00e9ciation du dollar am\u00e9ricain ont eu une incidence n\u00e9gative sur l&rsquo;\u00e9conomie s\u00e9n\u00e9galaise.&nbsp;<\/p>\n\n\n\n<p>Alors que le pays est confront\u00e9 \u00e0 de multiples d\u00e9fis, notamment Ins\u00e9curit\u00e9 r\u00e9gionale accrue et les demandes sociales croissantes dans un contexte de flamb\u00e9e des co\u00fbts de la vie, le FMI signale que la croissance a de nouveau \u00e9t\u00e9 r\u00e9vis\u00e9e \u00e0 la baisse \u00e0 4,7 %.<\/p>\n\n\n\n<p>Dans le m\u00eame temps, l\u2019inflation augmente tandis que les comptes budg\u00e9taires sont soumis \u00e0 une pression croissante, selon le Fonds.<\/p>\n\n\n\n<p><br>Il rappelle qu&rsquo;en d\u00e9pit de ces difficult\u00e9s, les autorit\u00e9s s&rsquo;\u00e9taient engag\u00e9es \u00e0 maintenir le d\u00e9ficit budg\u00e9taire \u00e0 6,2 % du PIB en 2022, conform\u00e9ment \u00e0 la pr\u00e9c\u00e9dente l\u2019examen du programme, au moyen de mesures de revenus suppl\u00e9mentaires et d\u2019\u00e9conomies pour compenser des subventions \u00e9nerg\u00e9tiques plus importantes\u2019\u2019.&nbsp;<\/p>\n\n\n\n<p><br>Le FMI ajoute que les autorit\u00e9s s&rsquo;\u00e9taient engag\u00e9es \u00e0 \u00e9galement acc\u00e9l\u00e9rer l\u2019assainissement budg\u00e9taire afin de contenir le d\u00e9ficit budg\u00e9taire de 2023 en dessous de 5 % du PIB, tout en renfor\u00e7ant leur r\u00e9ponse pour all\u00e9ger le fardeau de la crise du co\u00fbt de la vie\u2019\u2019.&nbsp;<\/p>\n\n\n\n<p><br>Il souligne aussi que \u2018\u2019pour r\u00e9duire les subventions \u00e9nerg\u00e9tiques en 2023, les autorit\u00e9s ont d\u00e9cid\u00e9 d\u2019augmenter certains prix de l\u2019\u00e9lectricit\u00e9 et des carburants\u2019\u2019 et amortir l\u2019impact sur les m\u00e9nages vuln\u00e9rables.<\/p>\n\n\n\n<p>Le FMI rel\u00e8ve aussi que le gouvernement a publi\u00e9 une feuille de route visant \u00e0 \u2018\u2019\u00e9liminer progressivement les subventions \u00e9nerg\u00e9tiques d\u2019ici 2025\u2019\u2019.&nbsp;<\/p>\n\n\n\n<p><br>Ces efforts, \u2018\u2019conjugu\u00e9s \u00e0 une mobilisation plus forte des recettes\u2019\u2019, devraient \u2018\u2019contribuer \u00e0 reconstituer les marges de man\u0153uvre budg\u00e9taires et placer la dette publique sur une trajectoire r\u00e9solument descendante \u00e0 moyen terme\u2019\u2019.&nbsp;<\/p>\n\n\n\n<p><br>Le FMI souligne que \u2018\u2019des progr\u00e8s importants ont \u00e9t\u00e9 r\u00e9alis\u00e9s dans l\u2019am\u00e9lioration, la transparence et la responsabilit\u00e9\u2019\u2019.&nbsp;<\/p>\n\n\n\n<p><br>Il rappelle que le rapport d\u2019audit de la Cour des comptes sur l\u2019utilisation des fonds COVID-19 a \u00e9t\u00e9 publi\u00e9 et que les autorit\u00e9s ont envisag\u00e9 des mesures pour \u2018\u2019corriger les faiblesses\u2019\u2019 en mati\u00e8re de gestion des d\u00e9penses.&nbsp;<\/p>\n\n\n\n<p><br>A cela s\u2019ajoute l\u2019adoption d\u2019un nouveau code des march\u00e9s publics qui \u2018\u2019favorisera \u00e9galement une plus grande ouverture et des appels d\u2019offres\u2019\u2019.&nbsp;<\/p>\n\n\n\n<p><br>Enfin, salue le FMI, les recettes devraient \u00eatre mises en \u0153uvre rapidement pour s\u2019assurer que ces Les gains exceptionnels profiteront au d\u00e9veloppement du S\u00e9n\u00e9gal.<\/p>\n\n\n\n<p><br>Selon le Fonds, \u2018\u2019les perspectives de croissance \u00e0 moyen terme semblent plus favorables avec le p\u00e9trole et le gaz (\u2026)\u2019\u2019.<\/p>\n\n\n\n<p><br>Il signale toutefois que les risques pesant sur les perspectives restent \u00e9lev\u00e9s et fortement orient\u00e9s \u00e0 la baisse. Il y a aussi le ralentissement de la croissance mondiale, l\u2019inflation, la guerre en Ukraine et une appr\u00e9ciation suppl\u00e9mentaire du dollar am\u00e9ricain, etc.<\/p>\n\n\n\n<p><br>Le FMI assure qu\u2019il est pr\u00eat de continuer \u00e0 soutenir le S\u00e9n\u00e9gal.<br>&nbsp;<\/p>\n\n\n\n<p>OID\/AKS<\/p>\n","protected":false},"excerpt":{"rendered":"<p>Dakar, 9 jan (APS) \u2013 Le Fonds mon\u00e9taire international (FMI) a annonc\u00e9 la diffusion imm\u00e9diate de pr\u00e8s de 216 millions<\/p>\n","protected":false},"author":1,"featured_media":3390,"comment_status":"open","ping_status":"open","sticky":false,"template":"","format":"standard","meta":{"footnotes":""},"categories":[6],"tags":[],"class_list":["post-6146","post","type-post","status-publish","format-standard","has-post-thumbnail","hentry","category-politics"],"_links":{"self":[{"href":"https:\/\/dekkbi.com\/index.php?rest_route=\/wp\/v2\/posts\/6146","targetHints":{"allow":["GET"]}}],"collection":[{"href":"https:\/\/dekkbi.com\/index.php?rest_route=\/wp\/v2\/posts"}],"about":[{"href":"https:\/\/dekkbi.com\/index.php?rest_route=\/wp\/v2\/types\/post"}],"author":[{"embeddable":true,"href":"https:\/\/dekkbi.com\/index.php?rest_route=\/wp\/v2\/users\/1"}],"replies":[{"embeddable":true,"href":"https:\/\/dekkbi.com\/index.php?rest_route=%2Fwp%2Fv2%2Fcomments&post=6146"}],"version-history":[{"count":1,"href":"https:\/\/dekkbi.com\/index.php?rest_route=\/wp\/v2\/posts\/6146\/revisions"}],"predecessor-version":[{"id":6147,"href":"https:\/\/dekkbi.com\/index.php?rest_route=\/wp\/v2\/posts\/6146\/revisions\/6147"}],"wp:featuredmedia":[{"embeddable":true,"href":"https:\/\/dekkbi.com\/index.php?rest_route=\/wp\/v2\/media\/3390"}],"wp:attachment":[{"href":"https:\/\/dekkbi.com\/index.php?rest_route=%2Fwp%2Fv2%2Fmedia&parent=6146"}],"wp:term":[{"taxonomy":"category","embeddable":true,"href":"https:\/\/dekkbi.com\/index.php?rest_route=%2Fwp%2Fv2%2Fcategories&post=6146"},{"taxonomy":"post_tag","embeddable":true,"href":"https:\/\/dekkbi.com\/index.php?rest_route=%2Fwp%2Fv2%2Ftags&post=6146"}],"curies":[{"name":"wp","href":"https:\/\/api.w.org\/{rel}","templated":true}]}}