{"id":61454,"date":"2025-08-14T12:14:19","date_gmt":"2025-08-14T12:14:19","guid":{"rendered":"https:\/\/dekkbi.com\/?p=61454"},"modified":"2025-08-14T12:14:20","modified_gmt":"2025-08-14T12:14:20","slug":"tout-bloquer-le-10-septembre-sur-les-reseaux-une-mobilisation-a-plusieurs-inconnues","status":"publish","type":"post","link":"https:\/\/dekkbi.com\/?p=61454","title":{"rendered":"\u00ab\u00a0Tout bloquer\u00a0\u00bb le 10 septembre: sur les r\u00e9seaux, une mobilisation \u00e0 plusieurs inconnues"},"content":{"rendered":"\n<p>Des appels \u00e0 \u00ab\u00a0tout bloquer\u00a0\u00bb en France le 10 septembre, venus d&rsquo;horizons tr\u00e8s divers, se multiplient sur les r\u00e9seaux sociaux, en se cristallisant autour des coupes budg\u00e9taires voulues par Fran\u00e7ois Bayrou. Leur possible concr\u00e9tisation dans la rue reste une inconnue.<\/p>\n\n\n\n<p>Les premi\u00e8res r\u00e9f\u00e9rences \u00e0 cette date, dont le choix ne semble pas avoir de justification particuli\u00e8re, remontent \u00e0 mai, au moins. Mais c&rsquo;est en juillet, \u00e0 la faveur des mesures d&rsquo;\u00e9conomies annonc\u00e9es par le Premier ministre, qu&rsquo;elles ont gagn\u00e9 en visibilit\u00e9.<\/p>\n\n\n\n<p>Lanc\u00e9 \u00e0 l&rsquo;origine par une cha\u00eene Telegram plut\u00f4t confidentielle, d\u00e9clin\u00e9 sur un site nomm\u00e9 \u00ab\u00a0Les essentiels France\u00a0\u00bb, ce mot d&rsquo;ordre est relay\u00e9 par divers groupes de discussion. Avec un canal principal d&rsquo;organisation, \u00ab\u00a0Indignons-nous\u00a0\u00bb, r\u00e9unissant plusieurs milliers d&rsquo;internautes.<\/p>\n\n\n\n<p>Sur de nombreux comptes (TikTok, Facebook, X, Telegram), d\u00e9j\u00e0 \u00e9tablis ou sp\u00e9cialement cr\u00e9\u00e9s, les messages de ce mouvement \u00e0 l&rsquo;\u00e9tat gazeux peuvent mentionner le RIC (referendum d&rsquo;initiative citoyenne), r\u00e9clamer des hausses de salaires et des retraites ou appeler \u00e0 la \u00ab\u00a0r\u00e9sistance\u00a0\u00bb, au confinement volontaire ou la gr\u00e8ve g\u00e9n\u00e9rale.<\/p>\n\n\n\n<p>Pr\u00e8s de sept ans apr\u00e8s le mouvement des Gilets jaunes, qui avait interpell\u00e9 par son ampleur, \u00ab\u00a0les ingr\u00e9dients de la col\u00e8re (sentiment de d\u00e9classement du bas de la classe moyenne, fin de mois difficiles pour les cat\u00e9gories populaires et ras-le-bol fiscal g\u00e9n\u00e9ralis\u00e9) n&rsquo;ont pas disparu\u00a0\u00bb, rel\u00e8ve le directeur du d\u00e9partement Opinion \u00e0 l&rsquo;Ifop J\u00e9r\u00f4me Fourquet dans Le Point. \u00ab\u00a0Allume-feu\u00a0\u00bb<\/p>\n\n\n\n<p>\u00ab\u00a0Et c&rsquo;est sur ces braises encore rougeoyantes que le gouvernement a vers\u00e9 un bidon d&rsquo;essence avec son plan de rigueur (&#8230;), l&rsquo;allume-feu \u00e9tant, pour filer la m\u00e9taphore du barbecue, la suppression de deux jours f\u00e9ri\u00e9s\u00a0\u00bb, selon lui.<\/p>\n\n\n\n<p>\u00ab\u00a0Depuis les Gilets jaunes, il appara\u00eet d\u00e9sormais envisageable de construire des mobilisations hors champ politique ou syndical traditionnel, en faisant usage des r\u00e9seaux sociaux\u00a0\u00bb, observe pour l&rsquo;AFP l&rsquo;historien St\u00e9phane Sirot.<\/p>\n\n\n\n<p>Ce sp\u00e9cialiste des mouvements sociaux note toutefois que le 10 septembre tombe un mercredi, alors que les Gilets jaunes manifestaient le samedi, jour ch\u00f4m\u00e9 pour la majorit\u00e9 des salari\u00e9s.<\/p>\n\n\n\n<p>Les actions pr\u00e9vues sont tant\u00f4t classiques, de \u00ab\u00a0type gr\u00e8ve\u00a0\u00bb, et \u00ab\u00a0moins classiques, comme ne vous servez plus de votre carte bancaire \u00e0 partir du 10 septembre\u00a0\u00bb ou \u00ab\u00a0n&rsquo;allez plus faire vos courses dans les supermarch\u00e9s\u00a0\u00bb, rel\u00e8ve M. Sirot.<\/p>\n\n\n\n<p>Sur le terrain, fin juillet, quelques dizaines de personnes se sont r\u00e9unies pour d\u00e9battre dans des parcs, \u00e0 Paris ou Strasbourg, selon Franceinfo et Mediapart.<\/p>\n\n\n\n<p>Comment ce mouvement peut-il r\u00e9sonner ou pas avec la strat\u00e9gie des syndicats? Les conf\u00e9d\u00e9rations ont rendez-vous le 1er septembre pour discuter des actions \u00e0 mener, apr\u00e8s avoir d\u00e9nonc\u00e9 notamment le projet de suppression de deux jours f\u00e9ri\u00e9s.<\/p>\n\n\n\n<p>Sans attendre, plusieurs unions d\u00e9partementales et f\u00e9d\u00e9rations de la CGT, dont celles de la chimie et du commerce, ont d&rsquo;ores et d\u00e9j\u00e0 pr\u00e9vu de mobiliser le 10 septembre.<\/p>\n\n\n\n<p>\u00ab\u00a0Il y a de quoi \u00eatre en col\u00e8re, il faut des mobilisations, elles seront nombreuses comme celle du 10 septembre, et il y en aura d&rsquo;autres\u00a0\u00bb, a d\u00e9clar\u00e9 \u00e0 l&rsquo;AFP Thomas Vacheron, secr\u00e9taire conf\u00e9d\u00e9ral du syndicat.<\/p>\n\n\n\n<h2 class=\"wp-block-heading\">\u00ab\u00a0D\u00e9but de la lutte\u00a0\u00bb<\/h2>\n\n\n\n<p>La f\u00e9d\u00e9ration Mines-Energies de la CGT appelle elle \u00e0 faire gr\u00e8ve \u00e0 partir du 2 septembre.<\/p>\n\n\n\n<p>Contre les mesures budg\u00e9taires, Force ouvri\u00e8re a aussi annonc\u00e9 un pr\u00e9avis de gr\u00e8ve \u00e0 compter du 1er septembre et une gr\u00e8ve est envisag\u00e9e dans les h\u00f4pitaux parisiens.<\/p>\n\n\n\n<p>Quelques responsables politiques soutiennent l&rsquo;appel du 10 septembre, comme les d\u00e9put\u00e9s Cl\u00e9mentine Autain et Alexis Corbiere, ex-LFI si\u00e9geant dans le groupe Ecologiste. Ils sont signataires d&rsquo;une tribune publi\u00e9e par la revue Regards appelant \u00e0 faire de cette date \u00ab\u00a0le d\u00e9but de la lutte\u00a0\u00bb pour \u00ab\u00a0une vie digne et heureuse\u00a0\u00bb.<\/p>\n\n\n\n<p>Le leader de La France Insoumise Jean-Luc M\u00e9lenchon a assur\u00e9 sur son blog se reconna\u00eetre dans les \u00ab\u00a0motifs de cette action\u00a0\u00bb, tout en soulignant l&rsquo;importance de son \u00ab\u00a0ind\u00e9pendance\u00a0\u00bb comme \u00ab\u00a0condition de son succ\u00e8s\u00a0\u00bb.<\/p>\n\n\n\n<p>\u00ab\u00a0On suit, on regarde ce qui se passe sur les r\u00e9seaux, on est vigilants\u00a0\u00bb, indique \u00e0 l&rsquo;AFP le d\u00e9put\u00e9 PS Arthur Delaporte. \u00ab\u00a0Quand on appelle \u00e0 rejoindre un mouvement, c&rsquo;est dans le cadre d&rsquo;une intersyndicale, l\u00e0 ce n\u2019est pas le cas.\u00a0\u00bb<\/p>\n\n\n\n<p>M\u00eame r\u00e9serve, \u00e0 l&rsquo;extr\u00eame-droite, chez la d\u00e9put\u00e9e RN Edwige Diaz. Son parti \u00ab\u00a0par principe ne s&rsquo;improvise pas instigateur de manifestations\u00a0\u00bb, a-t-elle soulign\u00e9 sur France Inter, tout en \u00ab\u00a0compren(ant) la d\u00e9tresse de ces Fran\u00e7ais\u00a0\u00bb.<\/p>\n\n\n\n<p>\u00ab\u00a0Je n\u2019ai pas l\u2019impression que \u00e7a marche tr\u00e8s fort\u00a0\u00bb, confie pour sa part une source gouvernementale \u00e0 l&rsquo;AFP. Tout en restant prudente: \u00ab\u00a0On peut se tromper, il y avait beaucoup qui ne ressentaient pas les Gilets jaunes et ils sont arriv\u00e9s&#8230;\u00a0\u00bb<\/p>\n\n\n\n<p>SOURCE TV5.ORG<\/p>\n","protected":false},"excerpt":{"rendered":"<p>Des appels \u00e0 \u00ab\u00a0tout bloquer\u00a0\u00bb en France le 10 septembre, venus d&rsquo;horizons tr\u00e8s divers, se multiplient sur les r\u00e9seaux sociaux,<\/p>\n","protected":false},"author":1,"featured_media":45427,"comment_status":"open","ping_status":"open","sticky":false,"template":"","format":"standard","meta":{"footnotes":""},"categories":[51],"tags":[],"class_list":["post-61454","post","type-post","status-publish","format-standard","has-post-thumbnail","hentry","category-general"],"_links":{"self":[{"href":"https:\/\/dekkbi.com\/index.php?rest_route=\/wp\/v2\/posts\/61454","targetHints":{"allow":["GET"]}}],"collection":[{"href":"https:\/\/dekkbi.com\/index.php?rest_route=\/wp\/v2\/posts"}],"about":[{"href":"https:\/\/dekkbi.com\/index.php?rest_route=\/wp\/v2\/types\/post"}],"author":[{"embeddable":true,"href":"https:\/\/dekkbi.com\/index.php?rest_route=\/wp\/v2\/users\/1"}],"replies":[{"embeddable":true,"href":"https:\/\/dekkbi.com\/index.php?rest_route=%2Fwp%2Fv2%2Fcomments&post=61454"}],"version-history":[{"count":1,"href":"https:\/\/dekkbi.com\/index.php?rest_route=\/wp\/v2\/posts\/61454\/revisions"}],"predecessor-version":[{"id":61455,"href":"https:\/\/dekkbi.com\/index.php?rest_route=\/wp\/v2\/posts\/61454\/revisions\/61455"}],"wp:featuredmedia":[{"embeddable":true,"href":"https:\/\/dekkbi.com\/index.php?rest_route=\/wp\/v2\/media\/45427"}],"wp:attachment":[{"href":"https:\/\/dekkbi.com\/index.php?rest_route=%2Fwp%2Fv2%2Fmedia&parent=61454"}],"wp:term":[{"taxonomy":"category","embeddable":true,"href":"https:\/\/dekkbi.com\/index.php?rest_route=%2Fwp%2Fv2%2Fcategories&post=61454"},{"taxonomy":"post_tag","embeddable":true,"href":"https:\/\/dekkbi.com\/index.php?rest_route=%2Fwp%2Fv2%2Ftags&post=61454"}],"curies":[{"name":"wp","href":"https:\/\/api.w.org\/{rel}","templated":true}]}}