{"id":6144,"date":"2023-01-10T12:40:30","date_gmt":"2023-01-10T12:40:30","guid":{"rendered":"https:\/\/dekkbi.com\/?p=6144"},"modified":"2023-01-10T12:40:31","modified_gmt":"2023-01-10T12:40:31","slug":"toiles-endommagees-bureaux-saccages-plongee-dans-les-decombres-du-coup-detat-manque-au-bresil","status":"publish","type":"post","link":"https:\/\/dekkbi.com\/?p=6144","title":{"rendered":"Toiles endommag\u00e9es, bureaux saccag\u00e9s: plong\u00e9e dans les d\u00e9combres du coup d&rsquo;\u00c9tat manqu\u00e9 au Br\u00e9sil"},"content":{"rendered":"\n<p>Une moustache d\u2019Adolf Hilter dessin\u00e9e sur le portrait d&rsquo;un ex-Premier ministre, les salles de presse ravag\u00e9es, un tableau du peintre moderniste Emiliano Di Cavalcanti poignard\u00e9 \u00e0 sept reprises&#8230; Vingt-quatre heures apr\u00e8s l\u2019attaque men\u00e9e par des partisans de l\u2019ancien pr\u00e9sident br\u00e9silien Jair Bolsonaro, le journal britannique The Guardian a notamment visit\u00e9 deux des trois b\u00e2timents saccag\u00e9s \u00e0 Bras\u00edlia. \u00c9tat des lieux.<\/p>\n\n\n\n<p><\/p>\n\n\n\n<p>\u00c9normes d\u00e9g\u00e2ts dans les trois immenses palais<\/p>\n\n\n\n<p>V\u00e9ritables tr\u00e9sors de l\u2019architecture moderne, le Palais pr\u00e9sidentiel de Planalto, la Cour supr\u00eame et le si\u00e8ge du Congr\u00e8s semblent aujourd&rsquo;hui avoir \u00e9t\u00e9 touch\u00e9s par une catastrophe naturelle. Les trois b\u00e2timents, dont une quantit\u00e9 impressionnante de vitres ont \u00e9t\u00e9 bris\u00e9es, regorgeaient de mobilier rare, d\u2019\u0153uvres de grands artistes modernistes locaux, ou d\u2019autres offertes au Br\u00e9sil par des pays \u00e9trangers.<\/p>\n\n\n\n<p>Au mus\u00e9e du S\u00e9nat, les \u00e9meutiers ont d\u00e9truit des centaines d\u2019ann\u00e9es d\u2019art et d\u2019histoire politique du Br\u00e9sil. Les portraits des anciens pr\u00e9sidents du s\u00e9nat Renan Calheiros et Jos\u00e9 Sarney ont \u00e9t\u00e9 attaqu\u00e9s au couteau. Un exemplaire de la constitution br\u00e9silienne lanc\u00e9 dans une vitrine.<\/p>\n\n\n\n<p>Le tableau \u201cLes mul\u00e2tres\u201d du peintre Di Cavalcanti, un des ma\u00eetres du modernisme br\u00e9silien, expos\u00e9 au Salon noble du troisi\u00e8me \u00e9tage du Palais pr\u00e9sidentiel, a, lui aussi, \u00e9t\u00e9 gravement endommag\u00e9. Datant de 1962, la toile, qui repr\u00e9sente quatre femmes dans un d\u00e9cor v\u00e9g\u00e9tal exub\u00e9rant, a \u00e9t\u00e9 \u201ctrou\u00e9e \u00e0 sept reprises\u201d \u00e0 coups de couteau par les \u00e9meutiers, selon la Pr\u00e9sidence. \u201cSa valeur est estim\u00e9e \u00e0 8 millions de r\u00e9ais (environ 1,4 million d\u2019euros), mais ce genre d\u2019\u0153uvre est habituellement vendu cinq fois plus cher aux ench\u00e8res\u201d.<\/p>\n\n\n\n<p>Apr\u00e8s s\u2019\u00eatre introduits dans le Palais, les partisans de l\u2019ancien pr\u00e9sident br\u00e9silien se sont soulag\u00e9s dans la salle de presse et ont d\u00e9f\u00e9qu\u00e9 dans la salle pour photographes situ\u00e9e juste \u00e0 c\u00f4t\u00e9. \u201cTout l\u2019endroit puait l\u2019urine et la bi\u00e8re\u201d, commente employ\u00e9 dans les colonnes du Guardian.<\/p>\n\n\n\n<p><sub>(la suite ci-dessous)<\/sub><\/p>\n\n\n\n<figure class=\"wp-block-image\"><a href=\"https:\/\/www.7sur7.be\/monde\/toiles-endommagees-bureaux-saccages-plongee-dans-les-decombres-du-coup-d-etat-manque-au-bresil~af4605aa\/226033589\/\"><img decoding=\"async\" src=\"https:\/\/images0.persgroep.net\/rcs\/aKFLAyhePsBcZq6fzGHmmoPzhhQ\/diocontent\/226033589\/_fitwidth\/694\/?appId=21791a8992982cd8da851550a453bd7f&amp;quality=0.8\" alt=\"Des agents inspectent une salle de s\u00e9curit\u00e9 qui a \u00e9t\u00e9 saccag\u00e9e \u00e0 l'int\u00e9rieur du Palais du Planalto, le bureau du pr\u00e9sident, au lendemain de sa prise d'assaut par les partisans de l'ancien pr\u00e9sident br\u00e9silien Jair Bolsonaro \u00e0 Brasilia.\"\/><\/a><figcaption class=\"wp-element-caption\">Des agents inspectent une salle de s\u00e9curit\u00e9 qui a \u00e9t\u00e9 saccag\u00e9e \u00e0 l&rsquo;int\u00e9rieur du Palais du Planalto, le bureau du pr\u00e9sident, au lendemain de sa prise d&rsquo;assaut par les partisans de l&rsquo;ancien pr\u00e9sident br\u00e9silien Jair Bolsonaro \u00e0 Brasilia.&nbsp;\u00a9 AP<\/figcaption><\/figure>\n\n\n\n<figure class=\"wp-block-image\"><a href=\"https:\/\/www.7sur7.be\/monde\/toiles-endommagees-bureaux-saccages-plongee-dans-les-decombres-du-coup-d-etat-manque-au-bresil~af4605aa\/226003109\/\"><img decoding=\"async\" src=\"https:\/\/images0.persgroep.net\/rcs\/_MisJB3ytdWuwnY9pSuR0HuQTRE\/diocontent\/226003109\/_fitwidth\/694\/?appId=21791a8992982cd8da851550a453bd7f&amp;quality=0.8\" alt=\"8 janvier 2023. Des partisans de Bolsonaro prennent d'assaut le Congr\u00e8s national \u00e0 Brasilia, au Br\u00e9sil.\"\/><\/a><figcaption class=\"wp-element-caption\">8 janvier 2023. Des partisans de Bolsonaro prennent d&rsquo;assaut le Congr\u00e8s national \u00e0 Brasilia, au Br\u00e9sil.&nbsp;\u00a9 ANP \/ EPA<\/figcaption><\/figure>\n\n\n\n<h2 class=\"wp-block-heading\">\u201cLa Justice\u201d tagu\u00e9e<\/h2>\n\n\n\n<p>La statue de granite \u201cLa Justice\u201d, sculpt\u00e9e en 1961 par le Br\u00e9silien Alfredo Ceschiatti, qui tr\u00f4ne devant la Cour supr\u00eame, sur la Place des Trois pouvoirs, en face du palais pr\u00e9sidentiel, a \u00e9t\u00e9 tagu\u00e9e, avec l\u2019inscription \u201cPerdeu, man\u00e9\u201d (tu as perdu, pauvre con), sur la poitrine.<\/p>\n\n\n\n<p>Cette expression avait \u00e9t\u00e9 utilis\u00e9e par un juge de la Cour supr\u00eame, Luis Roberto Barroso, pour s\u2019adresser \u00e0 un bolsonariste qui l\u2019interpellait sur la fiabilit\u00e9 des urnes \u00e9lectroniques en novembre, peu apr\u00e8s la d\u00e9faite de Jair Bolsonaro face \u00e0 Luiz Inacio Lula da Silva au second tour de la pr\u00e9sidentielle.<\/p>\n\n\n\n<p><sub>(la suite ci-dessous)<\/sub><\/p>\n\n\n\n<figure class=\"wp-block-image\"><a href=\"https:\/\/www.7sur7.be\/monde\/toiles-endommagees-bureaux-saccages-plongee-dans-les-decombres-du-coup-d-etat-manque-au-bresil~af4605aa\/226020066\/\"><img decoding=\"async\" src=\"https:\/\/images0.persgroep.net\/rcs\/2ORMwGrd35JHnRpZCdRzbUE4ELI\/diocontent\/226020066\/_fitwidth\/694\/?appId=21791a8992982cd8da851550a453bd7f&amp;quality=0.8\" alt=\"La statue de granite \u201cLa Justice\u201d a \u00e9t\u00e9 tagu\u00e9e.\"\/><\/a><figcaption class=\"wp-element-caption\">La statue de granite \u201cLa Justice\u201d a \u00e9t\u00e9 tagu\u00e9e.&nbsp;\u00a9 Photo News<\/figcaption><\/figure>\n\n\n\n<p>Une pendule fabriqu\u00e9e par Balthazar Martinot, horloger du Roi de France Louis XIV, de marqueterie Boulle, a \u00e9t\u00e9 retrouv\u00e9e sur le sol, au troisi\u00e8me \u00e9tage du Palais pr\u00e9sidentiel. Le coffre marron et dor\u00e9 a \u00e9t\u00e9 ab\u00eem\u00e9 et un trou b\u00e9ant a remplac\u00e9 le cadran.<\/p>\n\n\n\n<p>Selon la Pr\u00e9sidence, il s\u2019agissait d\u2019un cadeau de la Cour du Roi-Soleil \u00e0 la couronne portugaise, apport\u00e9 par le Roi Joao VI au Br\u00e9sil en 1808, quand il avait fui Lisbonne \u00e0 l\u2019approche des troupes napol\u00e9oniennes. Seules deux pendules de ce type ont \u00e9t\u00e9 fabriqu\u00e9es par cet horloger: l\u2019autre, qui fait la moiti\u00e9 de la taille de celle qui a \u00e9t\u00e9 endommag\u00e9e au Br\u00e9sil, est expos\u00e9e au Ch\u00e2teau de Versailles.<\/p>\n\n\n\n<h2 class=\"wp-block-heading\">Une restauration qui s\u2019annonce ardue<\/h2>\n\n\n\n<p>Dans un communiqu\u00e9, l\u2019Institut du Patrimoine historique artistique national du Br\u00e9sil(Iphan) a \u201cprofond\u00e9ment d\u00e9plor\u00e9 les d\u00e9g\u00e2ts occasionn\u00e9s\u201d et assur\u00e9 qu\u2019une expertise serait men\u00e9e prochainement pour \u201c\u00e9valuer les besoins de restauration\u201d.<\/p>\n\n\n\n<p>La restauration de la pendule, notamment, s\u2019annonce comme \u201ctr\u00e8s difficile\u201d selon Rogerio Carvalho, responsable du patrimoine des Palais pr\u00e9sidentiels, cit\u00e9 dans un communiqu\u00e9.<\/p>\n\n\n\n<h2 class=\"wp-block-heading\">Des bureaux pill\u00e9s<\/h2>\n\n\n\n<p>La foule n\u2019a pas r\u00e9ussi \u00e0 acc\u00e9der aux bureaux du pr\u00e9sident Lula, mais d\u2019autres pi\u00e8ces ont \u00e9t\u00e9 pill\u00e9es et bris\u00e9es. L\u2019un des plus proches collaborateurs du pr\u00e9sident, Celso Amorim, a d\u00e9clar\u00e9 que son bureau et celui de la premi\u00e8re dame du Br\u00e9sil, Ros\u00e2ngela Lula da Silva, ont \u00e9t\u00e9 vandalis\u00e9s.<\/p>\n\n\n\n<p>Des chaises ont \u00e9galement \u00e9t\u00e9 lanc\u00e9es depuis les fen\u00eatres bris\u00e9es et les \u00e9meutiers ont tent\u00e9 de br\u00fbler un canap\u00e9.<\/p>\n\n\n\n<p>Comme le pr\u00e9cise encore le Guardian, les journalistes n\u2019ont pas \u00e9t\u00e9 autoris\u00e9s \u00e0 p\u00e9n\u00e9trer dans le troisi\u00e8me b\u00e2timent saccag\u00e9, la Cour supr\u00eame. Les experts de la police f\u00e9d\u00e9rale fouillaient encore les d\u00e9combres \u00e0 la recherche d\u2019empreintes digitales, d\u2019indices et peut-\u00eatre m\u00eame de pi\u00e8ges laiss\u00e9s par les bolsonaristes. Mais les graffitis blancs sur la fa\u00e7ade du tribunal t\u00e9moignent du chaos \u00e0 l\u2019int\u00e9rieur: \u201cJe suis venu, j\u2019ai gagn\u00e9\u201d et \u201cTu as perdu, esp\u00e8ce de con.\u201d<\/p>\n","protected":false},"excerpt":{"rendered":"<p>Une moustache d\u2019Adolf Hilter dessin\u00e9e sur le portrait d&rsquo;un ex-Premier ministre, les salles de presse ravag\u00e9es, un tableau du peintre<\/p>\n","protected":false},"author":1,"featured_media":6029,"comment_status":"open","ping_status":"open","sticky":false,"template":"","format":"standard","meta":{"footnotes":""},"categories":[51],"tags":[],"class_list":["post-6144","post","type-post","status-publish","format-standard","has-post-thumbnail","hentry","category-general"],"_links":{"self":[{"href":"https:\/\/dekkbi.com\/index.php?rest_route=\/wp\/v2\/posts\/6144","targetHints":{"allow":["GET"]}}],"collection":[{"href":"https:\/\/dekkbi.com\/index.php?rest_route=\/wp\/v2\/posts"}],"about":[{"href":"https:\/\/dekkbi.com\/index.php?rest_route=\/wp\/v2\/types\/post"}],"author":[{"embeddable":true,"href":"https:\/\/dekkbi.com\/index.php?rest_route=\/wp\/v2\/users\/1"}],"replies":[{"embeddable":true,"href":"https:\/\/dekkbi.com\/index.php?rest_route=%2Fwp%2Fv2%2Fcomments&post=6144"}],"version-history":[{"count":1,"href":"https:\/\/dekkbi.com\/index.php?rest_route=\/wp\/v2\/posts\/6144\/revisions"}],"predecessor-version":[{"id":6145,"href":"https:\/\/dekkbi.com\/index.php?rest_route=\/wp\/v2\/posts\/6144\/revisions\/6145"}],"wp:featuredmedia":[{"embeddable":true,"href":"https:\/\/dekkbi.com\/index.php?rest_route=\/wp\/v2\/media\/6029"}],"wp:attachment":[{"href":"https:\/\/dekkbi.com\/index.php?rest_route=%2Fwp%2Fv2%2Fmedia&parent=6144"}],"wp:term":[{"taxonomy":"category","embeddable":true,"href":"https:\/\/dekkbi.com\/index.php?rest_route=%2Fwp%2Fv2%2Fcategories&post=6144"},{"taxonomy":"post_tag","embeddable":true,"href":"https:\/\/dekkbi.com\/index.php?rest_route=%2Fwp%2Fv2%2Ftags&post=6144"}],"curies":[{"name":"wp","href":"https:\/\/api.w.org\/{rel}","templated":true}]}}