{"id":61432,"date":"2025-08-14T11:28:35","date_gmt":"2025-08-14T11:28:35","guid":{"rendered":"https:\/\/dekkbi.com\/?p=61432"},"modified":"2025-08-14T11:32:57","modified_gmt":"2025-08-14T11:32:57","slug":"athletisme-le-perchiste-armand-duplantis-porte-son-record-du-monde-a-629-m","status":"publish","type":"post","link":"https:\/\/dekkbi.com\/?p=61432","title":{"rendered":"Athl\u00e9tisme: Duplantis porte son record du monde \u00e0 6,29 m"},"content":{"rendered":"\n<p>\u00a9 2025 AFP &#8211; Le Su\u00e9dois Armand Duplantis, double champion olympique du saut \u00e0 la perche, a une nouvelle fois am\u00e9lior\u00e9 son record du monde d&rsquo;un centim\u00e8tre, le portant \u00e0 6,29 m\u00e8tres, mardi en d\u00e9but de soir\u00e9e \u00e0 Budapest.<\/p>\n\n\n\n<p>\u00c0 25 ans, \u00ab\u00a0Mondo\u00a0\u00bb Duplantis a battu pour la 13e fois le record du monde, la troisi\u00e8me en 2025 apr\u00e8s Clermont-Ferrand (6,27 m) en f\u00e9vrier et Stockholm (6,28 m) chez lui le 15 juin. Mardi, il a franchi la barre \u00e0 6,29 m \u00e0 son deuxi\u00e8me essai.<\/p>\n\n\n\n<p>Depuis sa performance \u00e0 Stockholm, il avait encha\u00een\u00e9 trois succ\u00e8s \u00e0 six m\u00e8tres et plus (6,13 m \u00e0 Ostrava en R\u00e9publique tch\u00e8que, 6,00 m \u00e0 Eugene en Oregon et 6,05 m \u00e0 Monaco). Duplantis a sign\u00e9 un 33e concours victorieux, depuis sa quatri\u00e8me place \u00e0 Monaco le 21 juillet 2023.<\/p>\n\n\n\n<p>Mardi, il a assur\u00e9 la victoire en franchissant une barre de 6,11 m\u00e8tres \u00e0 son premier essai. Il a devanc\u00e9 le Grec Emmanouil Karalis (6,02) et l&rsquo;Australien Kurtis Marschall (5,83 m).<\/p>\n\n\n\n<p>\u00c0 sa deuxi\u00e8me tentative \u00e0 6,29 m, Duplantis a touch\u00e9 la barre avec une jambe et le ventre, mais elle est rest\u00e9e sur les taquets et le saut a \u00e9t\u00e9 valid\u00e9.<\/p>\n\n\n\n<p>Duplantis s&rsquo;avance \u00e9videmment comme favori pour un troisi\u00e8me titre mondial cons\u00e9cutif en ext\u00e9rieur, dans un mois \u00e0 Tokyo (13-21 septembre).<\/p>\n","protected":false},"excerpt":{"rendered":"<p>\u00a9 2025 AFP &#8211; Le Su\u00e9dois Armand Duplantis, double champion olympique du saut \u00e0 la perche, a une nouvelle fois<\/p>\n","protected":false},"author":1,"featured_media":61433,"comment_status":"open","ping_status":"open","sticky":false,"template":"","format":"standard","meta":{"footnotes":""},"categories":[9],"tags":[],"class_list":["post-61432","post","type-post","status-publish","format-standard","has-post-thumbnail","hentry","category-sports"],"_links":{"self":[{"href":"https:\/\/dekkbi.com\/index.php?rest_route=\/wp\/v2\/posts\/61432","targetHints":{"allow":["GET"]}}],"collection":[{"href":"https:\/\/dekkbi.com\/index.php?rest_route=\/wp\/v2\/posts"}],"about":[{"href":"https:\/\/dekkbi.com\/index.php?rest_route=\/wp\/v2\/types\/post"}],"author":[{"embeddable":true,"href":"https:\/\/dekkbi.com\/index.php?rest_route=\/wp\/v2\/users\/1"}],"replies":[{"embeddable":true,"href":"https:\/\/dekkbi.com\/index.php?rest_route=%2Fwp%2Fv2%2Fcomments&post=61432"}],"version-history":[{"count":2,"href":"https:\/\/dekkbi.com\/index.php?rest_route=\/wp\/v2\/posts\/61432\/revisions"}],"predecessor-version":[{"id":61440,"href":"https:\/\/dekkbi.com\/index.php?rest_route=\/wp\/v2\/posts\/61432\/revisions\/61440"}],"wp:featuredmedia":[{"embeddable":true,"href":"https:\/\/dekkbi.com\/index.php?rest_route=\/wp\/v2\/media\/61433"}],"wp:attachment":[{"href":"https:\/\/dekkbi.com\/index.php?rest_route=%2Fwp%2Fv2%2Fmedia&parent=61432"}],"wp:term":[{"taxonomy":"category","embeddable":true,"href":"https:\/\/dekkbi.com\/index.php?rest_route=%2Fwp%2Fv2%2Fcategories&post=61432"},{"taxonomy":"post_tag","embeddable":true,"href":"https:\/\/dekkbi.com\/index.php?rest_route=%2Fwp%2Fv2%2Ftags&post=61432"}],"curies":[{"name":"wp","href":"https:\/\/api.w.org\/{rel}","templated":true}]}}